{"id":3674,"date":"2025-01-15T15:19:08","date_gmt":"2025-01-15T15:19:08","guid":{"rendered":"https:\/\/celebrante.annemeton.com\/?p=3674"},"modified":"2025-01-17T10:15:47","modified_gmt":"2025-01-17T10:15:47","slug":"come-vestirsi-per-un-matrimonio-celtico-la-sposa-parte-1","status":"publish","type":"post","link":"https:\/\/celebrante.annemeton.com\/en\/come-vestirsi-per-un-matrimonio-celtico-la-sposa-parte-1\/","title":{"rendered":"Abiti per un Matrimonio Celtico: la Sposa ( Parte 1)"},"content":{"rendered":"<h2 class=\"wp-block-heading\">Guida per la Sposa <\/h2>\n\n\n\n<p class=\"wp-block-paragraph\">Organizzare un matrimonio celtico \u00e8 un viaggio magico nel passato, un modo per celebrare l\u2019amore con <strong>simbolismi antichi <\/strong>e un <strong>legame profondo con la natura<\/strong>. Come celebrante, ho avuto l\u2019onore di guidare molte coppie in questo percorso e oggi voglio condividere con te i miei consigli su come scegliere gli abiti perfetti per la sposa, lo sposo e, ovviamente, per chi celebra il rito.<\/p>\n\n\n\n<p class=\"wp-block-paragraph\">In questi articoli vi lascio alcuni consigli di abbigliamento per un Matrimonio in stile Celtico ad hoc.<\/p>\n\n\n\n<figure class=\"wp-block-gallery aligncenter has-nested-images columns-default is-cropped wp-block-gallery-1 is-layout-flex wp-block-gallery-is-layout-flex\">\n<figure class=\"wp-block-image size-large\"><img fetchpriority=\"high\" decoding=\"async\" width=\"683\" height=\"1024\" data-id=\"3679\" src=\"https:\/\/celebrante.annemeton.com\/wp-content\/uploads\/2025\/01\/Wedding-Massimo-Kate-Compresse-53-683x1024.jpg\" alt=\"Abito sposa celtico\" class=\"wp-image-3679\" srcset=\"https:\/\/celebrante.annemeton.com\/wp-content\/uploads\/2025\/01\/Wedding-Massimo-Kate-Compresse-53-683x1024.jpg 683w, https:\/\/celebrante.annemeton.com\/wp-content\/uploads\/2025\/01\/Wedding-Massimo-Kate-Compresse-53-200x300.jpg 200w, https:\/\/celebrante.annemeton.com\/wp-content\/uploads\/2025\/01\/Wedding-Massimo-Kate-Compresse-53-768x1152.jpg 768w, https:\/\/celebrante.annemeton.com\/wp-content\/uploads\/2025\/01\/Wedding-Massimo-Kate-Compresse-53-1024x1536.jpg 1024w, https:\/\/celebrante.annemeton.com\/wp-content\/uploads\/2025\/01\/Wedding-Massimo-Kate-Compresse-53-1366x2048.jpg 1366w, https:\/\/celebrante.annemeton.com\/wp-content\/uploads\/2025\/01\/Wedding-Massimo-Kate-Compresse-53-8x12.jpg 8w, https:\/\/celebrante.annemeton.com\/wp-content\/uploads\/2025\/01\/Wedding-Massimo-Kate-Compresse-53-scaled.jpg 1707w\" sizes=\"(max-width: 683px) 100vw, 683px\" \/><figcaption class=\"wp-element-caption\">Kate ha scelto un abito classico con collo alla coreana accompagnato da una stola in tartan con spilla celtica<\/figcaption><\/figure>\n<\/figure>\n\n\n\n<h3 class=\"wp-block-heading\"><strong><br><strong>L&#8217;Abito da Sposa Celtico: Un Sogno Fatto di Tradizione<\/strong><\/strong><\/h3>\n\n\n\n<p class=\"wp-block-paragraph\">Care spose, il vostro abito dovrebbe riflettere la bellezza e la sacralit\u00e0 del momento, raccontando la vostra storia personale, i vostri gusti e riflettere il profondo significato della cerimonia. Ogni dettaglio dell&#8217;abito \u2014 dai tessuti ai ricami \u2014 dovrebbe celebrare l&#8217;amore e la connessione con le antiche tradizioni celtiche. Scegliere l&#8217;abito perfetto non \u00e8 solo una questione di stile, ma un&#8217;opportunit\u00e0 per esprimere chi siete e rendere unico questo giorno speciale. Ecco i miei suggerimenti.<\/p>\n\n\n\n<p class=\"wp-block-paragraph\"><strong>Materiali Naturali<\/strong>: puntate su tessuti come il lino, la seta o il cotone per un look autentico e rispettoso dell\u2019ambiente. Le tonalit\u00e0 ideali sono avorio, crema o bianco sporco. Qui alcuni siti per ispirarvi: <\/p>\n\n\n\n<ul class=\"wp-block-list\">\n<li><a href=\"https:\/\/celticfusiondesign.com\/bridal-designs\">Celtic Fusion Design<\/a> con sede nell&#8217;Irlanda occidentale, Celtic Fusion \u00e8 progettato per creare una connessione con la natura attraverso abiti unici. I design sono ispirati alla spiritualit\u00e0 celtica e all&#8217;antico paganesimo, credenze incentrate sul mondo naturale e sul ciclo della vita.<\/li>\n\n\n\n<li><a href=\"https:\/\/mimetikbcn.com\">Mimetikdcn <\/a> atelier con abiti in stile country chic, romantici e boho a prezzi competitivi con sede a Barcellona<\/li>\n<\/ul>\n\n\n\n<p class=\"wp-block-paragraph\"><strong>Design Medievale<\/strong>: un abito con maniche ampie e scollature romantiche \u00e8 perfetto per un tema celtico. Optate per una silhouette morbida e fluida che vi permetta di muovervi con grazia. Ecco alcuni siti di piccoli produttori:<\/p>\n\n\n\n<ul class=\"wp-block-list\">\n<li><a href=\"https:\/\/www.etsy.com\/it\/shop\/frockfollies?ref=shop-header-name&amp;listing_id=122177526&amp;from_page=listing\">Frock Follies<\/a> negozio per abiti in stile fantasy, medievale e celtico con sede nel Regno Unito.<\/li>\n\n\n\n<li><a href=\"https:\/\/www.etsy.com\/it\/shop\/CostureroReal?ref=shop-header-name&amp;listing_id=590153878&amp;from_page=listing\">Costurero Real<\/a> \u00a0specialisti in costumi di fantasia e moda ispirata alle fiabe, creano tessuti con disegni personalizzati per abiti da sposa o artisti, con sede a Barcellona.<\/li>\n\n\n\n<li><a href=\"https:\/\/www.bottegadimerlino.com\/\">Bottega di Merlino<\/a> negozio italiano in provincia di Perugia, si occupa di riprodurre abiti medievali, calzature ed accessori di alta qualit\u00e0, per rievocazioni storiche o feste private. Riprodotti fedelmente nei minimi particolari.<\/li>\n<\/ul>\n\n\n\n<p class=\"wp-block-paragraph\"><strong>Dettagli Decorativi<\/strong>: Ricami con motivi celtici, come nodi intrecciati e spirali, aggiungono profondit\u00e0 simbolica. Per un tocco di colore, integrate pietre preziose verdi o blu che richiamano gli elementi naturali.<\/p>\n\n\n\n<ul class=\"wp-block-list\">\n<li><a href=\"https:\/\/www.etsy.com\/it\/shop\/AvalonNemeton?ref=shop-header-name&amp;listing_id=1820572490&amp;from_page=listing\">Avalon Nemeton<\/a> \u00e9 il mio personale negozio artigianale che realizza su ordinazione corde per Handfasting, Nastri ricamati decorati in seta, idee regalo per bomboniere e complementi per la cerimonia.<\/li>\n<\/ul>\n\n\n\n<p class=\"wp-block-paragraph\"><strong>Accessori per Capelli<\/strong>: Una corona di fiori freschi o un diadema d\u2019argento \u00e8 la scelta perfetta per completare il look. Le trecce intrecciate con nastri sono un dettaglio che amo consigliare.<\/p>\n\n\n\n<ul class=\"wp-block-list\">\n<li><a href=\"https:\/\/www.instagram.com\/lunafloridamilano\/\">Luna Florida Milano <\/a> Manuela \u00e8 un artigiana che realizza bellissime tiare elfiche e gioielleria personalizzata ispirandosi alle forme della natura e delle favole.<\/li>\n<\/ul>\n\n\n\n<p class=\"wp-block-paragraph\">Per un consulto gratuito con una celebrante professionista  <a href=\"https:\/\/celebrante.annemeton.com\/en\/contattami\/\">qui<\/a><\/p>\n\n\n\n<p class=\"wp-block-paragraph\"><\/p>\n\n\n\n<p class=\"wp-block-paragraph\"><\/p>","protected":false},"excerpt":{"rendered":"<p>Care spose, il vostro abito dovrebbe riflettere la bellezza e la sacralit\u00e0 del momento, raccontando la vostra storia personale, i vostri gusti e riflettere il profondo significato della cerimonia. Ogni dettaglio dell&#8217;abito \u2014 dai tessuti ai ricami \u2014 dovrebbe celebrare l&#8217;amore e la connessione con le antiche tradizioni celtiche. Scegliere l&#8217;abito perfetto non \u00e8 solo una questione di stile, ma un&#8217;opportunit\u00e0 per esprimere chi siete e rendere unico questo giorno speciale.<br \/>\nQui trovate alcuni consigli. <\/p>","protected":false},"author":2,"featured_media":3679,"comment_status":"open","ping_status":"closed","sticky":false,"template":"","format":"standard","meta":{"site-sidebar-layout":"default","site-content-layout":"","ast-site-content-layout":"default","site-content-style":"default","site-sidebar-style":"default","ast-global-header-display":"","ast-banner-title-visibility":"","ast-main-header-display":"","ast-hfb-above-header-display":"","ast-hfb-below-header-display":"","ast-hfb-mobile-header-display":"","site-post-title":"","ast-breadcrumbs-content":"","ast-featured-img":"","footer-sml-layout":"","theme-transparent-header-meta":"","adv-header-id-meta":"","stick-header-meta":"","header-above-stick-meta":"","header-main-stick-meta":"","header-below-stick-meta":"","astra-migrate-meta-layouts":"set","ast-page-background-enabled":"default","ast-page-background-meta":{"desktop":{"background-color":"","background-image":"","background-repeat":"repeat","background-position":"center center","background-size":"auto","background-attachment":"scroll","background-type":"","background-media":"","overlay-type":"","overlay-color":"","overlay-gradient":""},"tablet":{"background-color":"","background-image":"","background-repeat":"repeat","background-position":"center center","background-size":"auto","background-attachment":"scroll","background-type":"","background-media":"","overlay-type":"","overlay-color":"","overlay-gradient":""},"mobile":{"background-color":"","background-image":"","background-repeat":"repeat","background-position":"center center","background-size":"auto","background-attachment":"scroll","background-type":"","background-media":"","overlay-type":"","overlay-color":"","overlay-gradient":""}},"ast-content-background-meta":{"desktop":{"background-color":"var(--ast-global-color-5)","background-image":"","background-repeat":"repeat","background-position":"center center","background-size":"auto","background-attachment":"scroll","background-type":"","background-media":"","overlay-type":"","overlay-color":"","overlay-gradient":""},"tablet":{"background-color":"var(--ast-global-color-5)","background-image":"","background-repeat":"repeat","background-position":"center center","background-size":"auto","background-attachment":"scroll","background-type":"","background-media":"","overlay-type":"","overlay-color":"","overlay-gradient":""},"mobile":{"background-color":"var(--ast-global-color-5)","background-image":"","background-repeat":"repeat","background-position":"center center","background-size":"auto","background-attachment":"scroll","background-type":"","background-media":"","overlay-type":"","overlay-color":"","overlay-gradient":""}},"footnotes":""},"categories":[25],"tags":[18,29,27,32,20,36,21],"class_list":["post-3674","post","type-post","status-publish","format-standard","has-post-thumbnail","hentry","category-matrimonio-celtico","tag-matrimonio","tag-matrimonio-simbolico","tag-matrimonioceltico","tag-matrimoniocivile","tag-matrimoniolegale","tag-matrimonioscozzese","tag-unionicivili"],"yoast_head":"<!-- This site is optimized with the Yoast SEO plugin v26.7 - https:\/\/yoast.com\/wordpress\/plugins\/seo\/ -->\n<title>Abiti per un Matrimonio Celtico: la Sposa ( Parte 1) - Annemeton - Celebrante naturale<\/title>\n<meta name=\"description\" content=\"Cos&#039;\u00e8 un matrimonio simbolico e perch\u00e9 sceglierlo. Scopri cos&#039;\u00e8 un matrimonio simbolico, una cerimonia unica e personalizzata per celebrare l&#039;amore senza vincoli legali o religiosi. Matrimonio celtico\" \/>\n<meta name=\"robots\" content=\"index, follow, max-snippet:-1, max-image-preview:large, max-video-preview:-1\" \/>\n<link rel=\"canonical\" href=\"https:\/\/celebrante.annemeton.com\/en\/come-vestirsi-per-un-matrimonio-celtico-la-sposa-parte-1\/\" \/>\n<meta property=\"og:locale\" content=\"en_GB\" \/>\n<meta property=\"og:type\" content=\"article\" \/>\n<meta property=\"og:title\" content=\"Abiti per un Matrimonio Celtico: la Sposa ( Parte 1) - Annemeton - Celebrante naturale\" \/>\n<meta property=\"og:description\" content=\"Cos&#039;\u00e8 un matrimonio simbolico e perch\u00e9 sceglierlo. Scopri cos&#039;\u00e8 un matrimonio simbolico, una cerimonia unica e personalizzata per celebrare l&#039;amore senza vincoli legali o religiosi. Matrimonio celtico\" \/>\n<meta property=\"og:url\" content=\"https:\/\/celebrante.annemeton.com\/en\/come-vestirsi-per-un-matrimonio-celtico-la-sposa-parte-1\/\" \/>\n<meta property=\"og:site_name\" content=\"Annemeton - Celebrante naturale\" \/>\n<meta property=\"article:published_time\" content=\"2025-01-15T15:19:08+00:00\" \/>\n<meta property=\"article:modified_time\" content=\"2025-01-17T10:15:47+00:00\" \/>\n<meta property=\"og:image\" content=\"https:\/\/celebrante.annemeton.com\/wp-content\/uploads\/2025\/01\/Wedding-Massimo-Kate-Compresse-53-scaled.jpg\" \/>\n\t<meta property=\"og:image:width\" content=\"1707\" \/>\n\t<meta property=\"og:image:height\" content=\"2560\" \/>\n\t<meta property=\"og:image:type\" content=\"image\/jpeg\" \/>\n<meta name=\"author\" content=\"Annemeton\" \/>\n<meta name=\"twitter:card\" content=\"summary_large_image\" \/>\n<meta name=\"twitter:label1\" content=\"Written by\" \/>\n\t<meta name=\"twitter:data1\" content=\"Annemeton\" \/>\n\t<meta name=\"twitter:label2\" content=\"Estimated reading time\" \/>\n\t<meta name=\"twitter:data2\" content=\"4 minutes\" \/>\n<script type=\"application\/ld+json\" class=\"yoast-schema-graph\">{\"@context\":\"https:\/\/schema.org\",\"@graph\":[{\"@type\":[\"Article\",\"BlogPosting\"],\"@id\":\"https:\/\/celebrante.annemeton.com\/come-vestirsi-per-un-matrimonio-celtico-la-sposa-parte-1\/#article\",\"isPartOf\":{\"@id\":\"https:\/\/celebrante.annemeton.com\/come-vestirsi-per-un-matrimonio-celtico-la-sposa-parte-1\/\"},\"author\":{\"name\":\"Annemeton\",\"@id\":\"https:\/\/celebrante.annemeton.com\/#\/schema\/person\/6d18f0ccfb559305bc62f8d7fd83ef1d\"},\"headline\":\"Abiti per un Matrimonio Celtico: la Sposa ( Parte 1)\",\"datePublished\":\"2025-01-15T15:19:08+00:00\",\"dateModified\":\"2025-01-17T10:15:47+00:00\",\"mainEntityOfPage\":{\"@id\":\"https:\/\/celebrante.annemeton.com\/come-vestirsi-per-un-matrimonio-celtico-la-sposa-parte-1\/\"},\"wordCount\":517,\"commentCount\":0,\"publisher\":{\"@id\":\"https:\/\/celebrante.annemeton.com\/#\/schema\/person\/6d18f0ccfb559305bc62f8d7fd83ef1d\"},\"image\":{\"@id\":\"https:\/\/celebrante.annemeton.com\/come-vestirsi-per-un-matrimonio-celtico-la-sposa-parte-1\/#primaryimage\"},\"thumbnailUrl\":\"https:\/\/celebrante.annemeton.com\/wp-content\/uploads\/2025\/01\/Wedding-Massimo-Kate-Compresse-53-scaled.jpg\",\"keywords\":[\"matrimonio\",\"matrimonio simbolico\",\"matrimonioceltico\",\"matrimoniocivile\",\"matrimoniolegale\",\"matrimonioscozzese\",\"unionicivili\"],\"articleSection\":[\"Matrimonio celtico\"],\"inLanguage\":\"en-GB\",\"potentialAction\":[{\"@type\":\"CommentAction\",\"name\":\"Comment\",\"target\":[\"https:\/\/celebrante.annemeton.com\/come-vestirsi-per-un-matrimonio-celtico-la-sposa-parte-1\/#respond\"]}]},{\"@type\":\"WebPage\",\"@id\":\"https:\/\/celebrante.annemeton.com\/come-vestirsi-per-un-matrimonio-celtico-la-sposa-parte-1\/\",\"url\":\"https:\/\/celebrante.annemeton.com\/come-vestirsi-per-un-matrimonio-celtico-la-sposa-parte-1\/\",\"name\":\"Abiti per un Matrimonio Celtico: la Sposa ( Parte 1) - Annemeton - Celebrante naturale\",\"isPartOf\":{\"@id\":\"https:\/\/celebrante.annemeton.com\/#website\"},\"primaryImageOfPage\":{\"@id\":\"https:\/\/celebrante.annemeton.com\/come-vestirsi-per-un-matrimonio-celtico-la-sposa-parte-1\/#primaryimage\"},\"image\":{\"@id\":\"https:\/\/celebrante.annemeton.com\/come-vestirsi-per-un-matrimonio-celtico-la-sposa-parte-1\/#primaryimage\"},\"thumbnailUrl\":\"https:\/\/celebrante.annemeton.com\/wp-content\/uploads\/2025\/01\/Wedding-Massimo-Kate-Compresse-53-scaled.jpg\",\"datePublished\":\"2025-01-15T15:19:08+00:00\",\"dateModified\":\"2025-01-17T10:15:47+00:00\",\"description\":\"Cos'\u00e8 un matrimonio simbolico e perch\u00e9 sceglierlo. Scopri cos'\u00e8 un matrimonio simbolico, una cerimonia unica e personalizzata per celebrare l'amore senza vincoli legali o religiosi. Matrimonio celtico\",\"breadcrumb\":{\"@id\":\"https:\/\/celebrante.annemeton.com\/come-vestirsi-per-un-matrimonio-celtico-la-sposa-parte-1\/#breadcrumb\"},\"inLanguage\":\"en-GB\",\"potentialAction\":[{\"@type\":\"ReadAction\",\"target\":[\"https:\/\/celebrante.annemeton.com\/come-vestirsi-per-un-matrimonio-celtico-la-sposa-parte-1\/\"]}]},{\"@type\":\"ImageObject\",\"inLanguage\":\"en-GB\",\"@id\":\"https:\/\/celebrante.annemeton.com\/come-vestirsi-per-un-matrimonio-celtico-la-sposa-parte-1\/#primaryimage\",\"url\":\"https:\/\/celebrante.annemeton.com\/wp-content\/uploads\/2025\/01\/Wedding-Massimo-Kate-Compresse-53-scaled.jpg\",\"contentUrl\":\"https:\/\/celebrante.annemeton.com\/wp-content\/uploads\/2025\/01\/Wedding-Massimo-Kate-Compresse-53-scaled.jpg\",\"width\":1707,\"height\":2560,\"caption\":\"Abito sposa celtico\"},{\"@type\":\"BreadcrumbList\",\"@id\":\"https:\/\/celebrante.annemeton.com\/come-vestirsi-per-un-matrimonio-celtico-la-sposa-parte-1\/#breadcrumb\",\"itemListElement\":[{\"@type\":\"ListItem\",\"position\":1,\"name\":\"Home\",\"item\":\"https:\/\/celebrante.annemeton.com\/\"},{\"@type\":\"ListItem\",\"position\":2,\"name\":\"Abiti per un Matrimonio Celtico: la Sposa ( Parte 1)\"}]},{\"@type\":\"WebSite\",\"@id\":\"https:\/\/celebrante.annemeton.com\/#website\",\"url\":\"https:\/\/celebrante.annemeton.com\/\",\"name\":\"Annemeton - Celebrante naturale\",\"description\":\"Celebrazioni naturali a Milano e dintorni\",\"publisher\":{\"@id\":\"https:\/\/celebrante.annemeton.com\/#\/schema\/person\/6d18f0ccfb559305bc62f8d7fd83ef1d\"},\"potentialAction\":[{\"@type\":\"SearchAction\",\"target\":{\"@type\":\"EntryPoint\",\"urlTemplate\":\"https:\/\/celebrante.annemeton.com\/?s={search_term_string}\"},\"query-input\":{\"@type\":\"PropertyValueSpecification\",\"valueRequired\":true,\"valueName\":\"search_term_string\"}}],\"inLanguage\":\"en-GB\"},{\"@type\":[\"Person\",\"Organization\"],\"@id\":\"https:\/\/celebrante.annemeton.com\/#\/schema\/person\/6d18f0ccfb559305bc62f8d7fd83ef1d\",\"name\":\"Annemeton\",\"image\":{\"@type\":\"ImageObject\",\"inLanguage\":\"en-GB\",\"@id\":\"https:\/\/celebrante.annemeton.com\/#\/schema\/person\/image\/\",\"url\":\"https:\/\/celebrante.annemeton.com\/wp-content\/uploads\/2023\/11\/cropped-annemeton-logo.png\",\"contentUrl\":\"https:\/\/celebrante.annemeton.com\/wp-content\/uploads\/2023\/11\/cropped-annemeton-logo.png\",\"width\":1583,\"height\":1583,\"caption\":\"Annemeton\"},\"logo\":{\"@id\":\"https:\/\/celebrante.annemeton.com\/#\/schema\/person\/image\/\"},\"description\":\"Celebrante professionale specializzata in matrimoni simbolici e celtici\",\"url\":\"https:\/\/celebrante.annemeton.com\/en\/author\/anna\/\"}]}<\/script>\n<!-- \/ Yoast SEO plugin. -->","yoast_head_json":{"title":"Abiti per un Matrimonio Celtico: la Sposa ( Parte 1) - Annemeton - Celebrante naturale","description":"Cos'\u00e8 un matrimonio simbolico e perch\u00e9 sceglierlo. Scopri cos'\u00e8 un matrimonio simbolico, una cerimonia unica e personalizzata per celebrare l'amore senza vincoli legali o religiosi. Matrimonio celtico","robots":{"index":"index","follow":"follow","max-snippet":"max-snippet:-1","max-image-preview":"max-image-preview:large","max-video-preview":"max-video-preview:-1"},"canonical":"https:\/\/celebrante.annemeton.com\/en\/come-vestirsi-per-un-matrimonio-celtico-la-sposa-parte-1\/","og_locale":"en_GB","og_type":"article","og_title":"Abiti per un Matrimonio Celtico: la Sposa ( Parte 1) - Annemeton - Celebrante naturale","og_description":"Cos'\u00e8 un matrimonio simbolico e perch\u00e9 sceglierlo. Scopri cos'\u00e8 un matrimonio simbolico, una cerimonia unica e personalizzata per celebrare l'amore senza vincoli legali o religiosi. Matrimonio celtico","og_url":"https:\/\/celebrante.annemeton.com\/en\/come-vestirsi-per-un-matrimonio-celtico-la-sposa-parte-1\/","og_site_name":"Annemeton - Celebrante naturale","article_published_time":"2025-01-15T15:19:08+00:00","article_modified_time":"2025-01-17T10:15:47+00:00","og_image":[{"width":1707,"height":2560,"url":"https:\/\/celebrante.annemeton.com\/wp-content\/uploads\/2025\/01\/Wedding-Massimo-Kate-Compresse-53-scaled.jpg","type":"image\/jpeg"}],"author":"Annemeton","twitter_card":"summary_large_image","twitter_misc":{"Written by":"Annemeton","Estimated reading time":"4 minutes"},"schema":{"@context":"https:\/\/schema.org","@graph":[{"@type":["Article","BlogPosting"],"@id":"https:\/\/celebrante.annemeton.com\/come-vestirsi-per-un-matrimonio-celtico-la-sposa-parte-1\/#article","isPartOf":{"@id":"https:\/\/celebrante.annemeton.com\/come-vestirsi-per-un-matrimonio-celtico-la-sposa-parte-1\/"},"author":{"name":"Annemeton","@id":"https:\/\/celebrante.annemeton.com\/#\/schema\/person\/6d18f0ccfb559305bc62f8d7fd83ef1d"},"headline":"Abiti per un Matrimonio Celtico: la Sposa ( Parte 1)","datePublished":"2025-01-15T15:19:08+00:00","dateModified":"2025-01-17T10:15:47+00:00","mainEntityOfPage":{"@id":"https:\/\/celebrante.annemeton.com\/come-vestirsi-per-un-matrimonio-celtico-la-sposa-parte-1\/"},"wordCount":517,"commentCount":0,"publisher":{"@id":"https:\/\/celebrante.annemeton.com\/#\/schema\/person\/6d18f0ccfb559305bc62f8d7fd83ef1d"},"image":{"@id":"https:\/\/celebrante.annemeton.com\/come-vestirsi-per-un-matrimonio-celtico-la-sposa-parte-1\/#primaryimage"},"thumbnailUrl":"https:\/\/celebrante.annemeton.com\/wp-content\/uploads\/2025\/01\/Wedding-Massimo-Kate-Compresse-53-scaled.jpg","keywords":["matrimonio","matrimonio simbolico","matrimonioceltico","matrimoniocivile","matrimoniolegale","matrimonioscozzese","unionicivili"],"articleSection":["Matrimonio celtico"],"inLanguage":"en-GB","potentialAction":[{"@type":"CommentAction","name":"Comment","target":["https:\/\/celebrante.annemeton.com\/come-vestirsi-per-un-matrimonio-celtico-la-sposa-parte-1\/#respond"]}]},{"@type":"WebPage","@id":"https:\/\/celebrante.annemeton.com\/come-vestirsi-per-un-matrimonio-celtico-la-sposa-parte-1\/","url":"https:\/\/celebrante.annemeton.com\/come-vestirsi-per-un-matrimonio-celtico-la-sposa-parte-1\/","name":"Abiti per un Matrimonio Celtico: la Sposa ( Parte 1) - Annemeton - Celebrante naturale","isPartOf":{"@id":"https:\/\/celebrante.annemeton.com\/#website"},"primaryImageOfPage":{"@id":"https:\/\/celebrante.annemeton.com\/come-vestirsi-per-un-matrimonio-celtico-la-sposa-parte-1\/#primaryimage"},"image":{"@id":"https:\/\/celebrante.annemeton.com\/come-vestirsi-per-un-matrimonio-celtico-la-sposa-parte-1\/#primaryimage"},"thumbnailUrl":"https:\/\/celebrante.annemeton.com\/wp-content\/uploads\/2025\/01\/Wedding-Massimo-Kate-Compresse-53-scaled.jpg","datePublished":"2025-01-15T15:19:08+00:00","dateModified":"2025-01-17T10:15:47+00:00","description":"Cos'\u00e8 un matrimonio simbolico e perch\u00e9 sceglierlo. Scopri cos'\u00e8 un matrimonio simbolico, una cerimonia unica e personalizzata per celebrare l'amore senza vincoli legali o religiosi. Matrimonio celtico","breadcrumb":{"@id":"https:\/\/celebrante.annemeton.com\/come-vestirsi-per-un-matrimonio-celtico-la-sposa-parte-1\/#breadcrumb"},"inLanguage":"en-GB","potentialAction":[{"@type":"ReadAction","target":["https:\/\/celebrante.annemeton.com\/come-vestirsi-per-un-matrimonio-celtico-la-sposa-parte-1\/"]}]},{"@type":"ImageObject","inLanguage":"en-GB","@id":"https:\/\/celebrante.annemeton.com\/come-vestirsi-per-un-matrimonio-celtico-la-sposa-parte-1\/#primaryimage","url":"https:\/\/celebrante.annemeton.com\/wp-content\/uploads\/2025\/01\/Wedding-Massimo-Kate-Compresse-53-scaled.jpg","contentUrl":"https:\/\/celebrante.annemeton.com\/wp-content\/uploads\/2025\/01\/Wedding-Massimo-Kate-Compresse-53-scaled.jpg","width":1707,"height":2560,"caption":"Abito sposa celtico"},{"@type":"BreadcrumbList","@id":"https:\/\/celebrante.annemeton.com\/come-vestirsi-per-un-matrimonio-celtico-la-sposa-parte-1\/#breadcrumb","itemListElement":[{"@type":"ListItem","position":1,"name":"Home","item":"https:\/\/celebrante.annemeton.com\/"},{"@type":"ListItem","position":2,"name":"Abiti per un Matrimonio Celtico: la Sposa ( Parte 1)"}]},{"@type":"WebSite","@id":"https:\/\/celebrante.annemeton.com\/#website","url":"https:\/\/celebrante.annemeton.com\/","name":"Annemeton - Celebrante naturale","description":"Celebrazioni naturali a Milano e dintorni","publisher":{"@id":"https:\/\/celebrante.annemeton.com\/#\/schema\/person\/6d18f0ccfb559305bc62f8d7fd83ef1d"},"potentialAction":[{"@type":"SearchAction","target":{"@type":"EntryPoint","urlTemplate":"https:\/\/celebrante.annemeton.com\/?s={search_term_string}"},"query-input":{"@type":"PropertyValueSpecification","valueRequired":true,"valueName":"search_term_string"}}],"inLanguage":"en-GB"},{"@type":["Person","Organization"],"@id":"https:\/\/celebrante.annemeton.com\/#\/schema\/person\/6d18f0ccfb559305bc62f8d7fd83ef1d","name":"Annemeton","image":{"@type":"ImageObject","inLanguage":"en-GB","@id":"https:\/\/celebrante.annemeton.com\/#\/schema\/person\/image\/","url":"https:\/\/celebrante.annemeton.com\/wp-content\/uploads\/2023\/11\/cropped-annemeton-logo.png","contentUrl":"https:\/\/celebrante.annemeton.com\/wp-content\/uploads\/2023\/11\/cropped-annemeton-logo.png","width":1583,"height":1583,"caption":"Annemeton"},"logo":{"@id":"https:\/\/celebrante.annemeton.com\/#\/schema\/person\/image\/"},"description":"Celebrante professionale specializzata in matrimoni simbolici e celtici","url":"https:\/\/celebrante.annemeton.com\/en\/author\/anna\/"}]}},"_links":{"self":[{"href":"https:\/\/celebrante.annemeton.com\/en\/wp-json\/wp\/v2\/posts\/3674","targetHints":{"allow":["GET"]}}],"collection":[{"href":"https:\/\/celebrante.annemeton.com\/en\/wp-json\/wp\/v2\/posts"}],"about":[{"href":"https:\/\/celebrante.annemeton.com\/en\/wp-json\/wp\/v2\/types\/post"}],"author":[{"embeddable":true,"href":"https:\/\/celebrante.annemeton.com\/en\/wp-json\/wp\/v2\/users\/2"}],"replies":[{"embeddable":true,"href":"https:\/\/celebrante.annemeton.com\/en\/wp-json\/wp\/v2\/comments?post=3674"}],"version-history":[{"count":4,"href":"https:\/\/celebrante.annemeton.com\/en\/wp-json\/wp\/v2\/posts\/3674\/revisions"}],"predecessor-version":[{"id":3686,"href":"https:\/\/celebrante.annemeton.com\/en\/wp-json\/wp\/v2\/posts\/3674\/revisions\/3686"}],"wp:featuredmedia":[{"embeddable":true,"href":"https:\/\/celebrante.annemeton.com\/en\/wp-json\/wp\/v2\/media\/3679"}],"wp:attachment":[{"href":"https:\/\/celebrante.annemeton.com\/en\/wp-json\/wp\/v2\/media?parent=3674"}],"wp:term":[{"taxonomy":"category","embeddable":true,"href":"https:\/\/celebrante.annemeton.com\/en\/wp-json\/wp\/v2\/categories?post=3674"},{"taxonomy":"post_tag","embeddable":true,"href":"https:\/\/celebrante.annemeton.com\/en\/wp-json\/wp\/v2\/tags?post=3674"}],"curies":[{"name":"wp","href":"https:\/\/api.w.org\/{rel}","templated":true}]}}