{"id":3682,"date":"2025-01-17T10:07:05","date_gmt":"2025-01-17T10:07:05","guid":{"rendered":"https:\/\/celebrante.annemeton.com\/?p=3682"},"modified":"2025-01-24T12:44:19","modified_gmt":"2025-01-24T12:44:19","slug":"abiti-per-un-matrimonio-celtico-lo-sposo-parte-2","status":"publish","type":"post","link":"https:\/\/celebrante.annemeton.com\/en\/abiti-per-un-matrimonio-celtico-lo-sposo-parte-2\/","title":{"rendered":"Abiti per un Matrimonio Celtico: lo Sposo ( Parte 2)"},"content":{"rendered":"<h2 class=\"wp-block-heading\">Guida per lo Sposo<\/h2>\n\n\n\n<p class=\"wp-block-paragraph\">Caro sposo, il tuo abito ha un ruolo fondamentale nel giorno del matrimonio. Deve incarnare <strong>forza, eleganza<\/strong> and <strong>rispetto per tradizioni celtiche<\/strong>. Ecco i miei consigli per creare un look che sia autentico e indimenticabile:<\/p>\n\n\n\n<figure class=\"wp-block-image aligncenter size-full\"><img fetchpriority=\"high\" decoding=\"async\" width=\"1412\" height=\"2510\" src=\"https:\/\/celebrante.annemeton.com\/wp-content\/uploads\/2025\/01\/ritual_AM_DSF0630.png\" alt=\"matrimonio celtico uomo\" class=\"wp-image-3688\" srcset=\"https:\/\/celebrante.annemeton.com\/wp-content\/uploads\/2025\/01\/ritual_AM_DSF0630.png 1412w, https:\/\/celebrante.annemeton.com\/wp-content\/uploads\/2025\/01\/ritual_AM_DSF0630-169x300.png 169w, https:\/\/celebrante.annemeton.com\/wp-content\/uploads\/2025\/01\/ritual_AM_DSF0630-576x1024.png 576w, https:\/\/celebrante.annemeton.com\/wp-content\/uploads\/2025\/01\/ritual_AM_DSF0630-768x1365.png 768w, https:\/\/celebrante.annemeton.com\/wp-content\/uploads\/2025\/01\/ritual_AM_DSF0630-864x1536.png 864w, https:\/\/celebrante.annemeton.com\/wp-content\/uploads\/2025\/01\/ritual_AM_DSF0630-1152x2048.png 1152w, https:\/\/celebrante.annemeton.com\/wp-content\/uploads\/2025\/01\/ritual_AM_DSF0630-7x12.png 7w\" sizes=\"(max-width: 1412px) 100vw, 1412px\" \/><\/figure>\n\n\n\n<h3 class=\"wp-block-heading\"><strong>Kilt o Tunica Celtica<\/strong><\/h3>\n\n\n\n<p class=\"wp-block-paragraph\">Se hai radici scozzesi o irlandesi, il kilt \u00e8 un&#8217;opzione simbolica e potente. Scegli il tartan del tuo clan o, se preferisci, un disegno che rifletta la natura, come motivi verdi o marroni. Per chi non si sente a proprio agio con il kilt, una tunica lunga abbinata a pantaloni aderenti \u00e8 un\u2019alternativa tradizionale e altrettanto affascinante.<\/p>\n\n\n\n<p class=\"wp-block-paragraph\">Se amate la tradizione scozzese o irlandese, indossare un kilt tinta unita o con un disegno <strong>tartan<\/strong>. Per tartan non si intende un vero e proprio tessuto, ma&nbsp;<strong>un disegno a quadri di un tessuto in lana tipico delle Highlands scozzesi<\/strong>. Questo termine per\u00f2 \u00e8 stato ampliato, quindi per tartan scozzese intendiamo genericamente un tessuto lana a quadri. Ogni tartan racconta la storia di un clan o di una famiglia: un dettaglio potente che unisce passato e presente. <\/p>\n\n\n\n<p class=\"wp-block-paragraph\">Accompagnate il kilt con una <strong>camicia o una casacca in bianca o nera<\/strong> a seconda dei vostri gusti personali realizzate con <strong>materiali naturali<\/strong> come lana, lino o cotone per un look autentico e confortevole. Le tonalit\u00e0 migliori sono quelle ispirate alla natura: <strong>verde bosco, marrone terra, grigio pietra o blu profondo<\/strong>. Queste tonalit\u00e0 non solo risaltano nelle foto, ma si integrano perfettamente con l\u2019ambiente naturale del matrimonio.<\/p>\n\n\n\n<p class=\"wp-block-paragraph\">In alternativa al kilt, consiglio pantaloni in tessuti naturali e dai toni neutri, dallo stile semplice in linea con lo stile celtico.<\/p>\n\n\n\n<h3 class=\"wp-block-heading\">Accessori TRADIZIONALI<\/h3>\n\n\n\n<p class=\"wp-block-paragraph\">I dettagli fanno la differenza. Ecco alcuni accessori che non possono mancare:<\/p>\n\n\n\n<ul class=\"wp-block-list\">\n<li><strong>Spilla Celtica<\/strong>: perfetta per fissare il mantello, aggiunge un tocco di eleganza e simbolismo.<\/li>\n\n\n\n<li><strong>Torc al Collo<\/strong>: questo gioiello tradizionale \u00e8 un simbolo di potere e connessione con gli antichi celti.<\/li>\n\n\n\n<li><strong>Cintura Decorata<\/strong>: una cintura in cuoio con incisioni o motivi celtici \u00e8 sia funzionale che decorativa.<\/li>\n<\/ul>\n\n\n\n<h3 class=\"wp-block-heading\">Calzature<\/h3>\n\n\n\n<p class=\"wp-block-paragraph\">Completa il tuo look con stivali in pelle naturale o scarpe in stile medievale. Queste calzature non solo si abbinano al tema, ma sono anche comode per camminare su terreni naturali durante la cerimonia.<\/p>\n\n\n\n<h3 class=\"wp-block-heading\">Dove Trovare l\u2019Abbigliamento e gli Accessori<\/h3>\n\n\n\n<p class=\"wp-block-paragraph\">Ecco alcuni siti dove puoi acquistare abiti e accessori per il tuo matrimonio in stile celtico. Ho selezionato principalmente negozi italiani per facilitare la ricerca:<\/p>\n\n\n\n<ul class=\"wp-block-list\">\n<li> <a>Etsy.com<\/a> Una vasta selezione di kilt, tuniche e accessori realizzati a mano da artigiani di tutto il mondo. Cerca &#8220;abiti da sposo celtici&#8221; per trovare idee uniche.<\/li>\n\n\n\n<li><a href=\"https:\/\/celticfusiondesign.com\/bridal-designs\">Celtic Fusion Design<\/a> con sede nell&#8217;Irlanda occidentale, Celtic Fusion \u00e8 progettato per creare una connessione con la natura attraverso abiti unici. I design sono ispirati alla spiritualit\u00e0 celtica e all&#8217;antico paganesimo, credenze incentrate sul mondo naturale e sul ciclo della vita.<\/li>\n\n\n\n<li><a href=\"https:\/\/www.bottegadimerlino.com\/\">Bottegadimerlino.com<\/a> specializzata in abiti storici e medievali, questa bottega offre opzioni perfette per uno sposo che desidera un look tradizionale. Negozio italiano in provincia di Perugia, si occupa di riprodurre abiti medievali, calzature ed accessori di alta qualit\u00e0, per rievocazioni storiche o feste private. Riprodotti fedelmente nei minimi particolari.<\/li>\n\n\n\n<li><a href=\"https:\/\/www.sposatelier.com\">Sposatelier.com<\/a> propone abiti da sposo particolari, incluse opzioni in stile country chic che si integrano bene con elementi celtici.<\/li>\n\n\n\n<li><a href=\"https:\/\/www.celticwebmerchant.com\/it\">Celticwebmerchant.com<\/a> un negozio internazionale che offre abiti e accessori celtici, perfetti per completare il tuo look in stile celtico, vichingo e fantasy.<\/li>\n<\/ul>\n\n\n\n<p class=\"wp-block-paragraph\">Per un consulto gratuito con una celebrante professionista  <a href=\"https:\/\/celebrante.annemeton.com\/en\/contattami\/\">qui<\/a><\/p>\n\n\n\n<p class=\"wp-block-paragraph\"><\/p>\n\n\n\n<p class=\"wp-block-paragraph\"><\/p>","protected":false},"excerpt":{"rendered":"<p>Scopri come scegliere l&#8217;abito perfetto per uno sposo in stile celtico. Dall&#8217;autentico kilt scozzese con tartan simbolico, ai tessuti naturali e tonalit\u00e0 ispirate alla natura, fino agli accessori tradizionali come spille celtiche, torc e cinture decorate. Idee per calzature medievali e link a siti italiani per acquistare abbigliamento e accessori unici. Consigli per celebrare il matrimonio celtico con stile e autenticit\u00e0. <\/p>","protected":false},"author":2,"featured_media":3688,"comment_status":"open","ping_status":"closed","sticky":false,"template":"","format":"standard","meta":{"site-sidebar-layout":"default","site-content-layout":"","ast-site-content-layout":"default","site-content-style":"default","site-sidebar-style":"default","ast-global-header-display":"","ast-banner-title-visibility":"","ast-main-header-display":"","ast-hfb-above-header-display":"","ast-hfb-below-header-display":"","ast-hfb-mobile-header-display":"","site-post-title":"","ast-breadcrumbs-content":"","ast-featured-img":"","footer-sml-layout":"","theme-transparent-header-meta":"","adv-header-id-meta":"","stick-header-meta":"","header-above-stick-meta":"","header-main-stick-meta":"","header-below-stick-meta":"","astra-migrate-meta-layouts":"set","ast-page-background-enabled":"default","ast-page-background-meta":{"desktop":{"background-color":"","background-image":"","background-repeat":"repeat","background-position":"center center","background-size":"auto","background-attachment":"scroll","background-type":"","background-media":"","overlay-type":"","overlay-color":"","overlay-gradient":""},"tablet":{"background-color":"","background-image":"","background-repeat":"repeat","background-position":"center center","background-size":"auto","background-attachment":"scroll","background-type":"","background-media":"","overlay-type":"","overlay-color":"","overlay-gradient":""},"mobile":{"background-color":"","background-image":"","background-repeat":"repeat","background-position":"center center","background-size":"auto","background-attachment":"scroll","background-type":"","background-media":"","overlay-type":"","overlay-color":"","overlay-gradient":""}},"ast-content-background-meta":{"desktop":{"background-color":"var(--ast-global-color-5)","background-image":"","background-repeat":"repeat","background-position":"center center","background-size":"auto","background-attachment":"scroll","background-type":"","background-media":"","overlay-type":"","overlay-color":"","overlay-gradient":""},"tablet":{"background-color":"var(--ast-global-color-5)","background-image":"","background-repeat":"repeat","background-position":"center center","background-size":"auto","background-attachment":"scroll","background-type":"","background-media":"","overlay-type":"","overlay-color":"","overlay-gradient":""},"mobile":{"background-color":"var(--ast-global-color-5)","background-image":"","background-repeat":"repeat","background-position":"center center","background-size":"auto","background-attachment":"scroll","background-type":"","background-media":"","overlay-type":"","overlay-color":"","overlay-gradient":""}},"footnotes":""},"categories":[25],"tags":[42,40,39,18,29,27,38,37,36],"class_list":["post-3682","post","type-post","status-publish","format-standard","has-post-thumbnail","hentry","category-matrimonio-celtico","tag-abbigliamentouomomatrimonio","tag-celtic-male-wedding","tag-maleweddingdress","tag-matrimonio","tag-matrimonio-simbolico","tag-matrimonioceltico","tag-matrimoniofantasy","tag-matrimonioirlandese","tag-matrimonioscozzese"],"yoast_head":"<!-- This site is optimized with the Yoast SEO plugin v26.7 - https:\/\/yoast.com\/wordpress\/plugins\/seo\/ -->\n<title>Abiti per un Matrimonio Celtico: lo Sposo ( Parte 2) - Annemeton - Celebrante naturale<\/title>\n<meta name=\"description\" content=\"Cos&#039;\u00e8 un matrimonio simbolico e perch\u00e9 sceglierlo. Scopri cos&#039;\u00e8 un matrimonio simbolico, una cerimonia unica e personalizzata per celebrare l&#039;amore senza vincoli legali o religiosi. Matrimonio celtico\" \/>\n<meta name=\"robots\" content=\"index, follow, max-snippet:-1, max-image-preview:large, max-video-preview:-1\" \/>\n<link rel=\"canonical\" href=\"https:\/\/celebrante.annemeton.com\/en\/abiti-per-un-matrimonio-celtico-lo-sposo-parte-2\/\" \/>\n<meta property=\"og:locale\" content=\"en_GB\" \/>\n<meta property=\"og:type\" content=\"article\" \/>\n<meta property=\"og:title\" content=\"Abiti per un Matrimonio Celtico: lo Sposo ( Parte 2) - Annemeton - Celebrante naturale\" \/>\n<meta property=\"og:description\" content=\"Cos&#039;\u00e8 un matrimonio simbolico e perch\u00e9 sceglierlo. Scopri cos&#039;\u00e8 un matrimonio simbolico, una cerimonia unica e personalizzata per celebrare l&#039;amore senza vincoli legali o religiosi. Matrimonio celtico\" \/>\n<meta property=\"og:url\" content=\"https:\/\/celebrante.annemeton.com\/en\/abiti-per-un-matrimonio-celtico-lo-sposo-parte-2\/\" \/>\n<meta property=\"og:site_name\" content=\"Annemeton - Celebrante naturale\" \/>\n<meta property=\"article:published_time\" content=\"2025-01-17T10:07:05+00:00\" \/>\n<meta property=\"article:modified_time\" content=\"2025-01-24T12:44:19+00:00\" \/>\n<meta property=\"og:image\" content=\"https:\/\/celebrante.annemeton.com\/wp-content\/uploads\/2025\/01\/ritual_AM_DSF0630-576x1024.png\" \/>\n\t<meta property=\"og:image:width\" content=\"576\" \/>\n\t<meta property=\"og:image:height\" content=\"1024\" \/>\n\t<meta property=\"og:image:type\" content=\"image\/png\" \/>\n<meta name=\"author\" content=\"Annemeton\" \/>\n<meta name=\"twitter:card\" content=\"summary_large_image\" \/>\n<meta name=\"twitter:label1\" content=\"Written by\" \/>\n\t<meta name=\"twitter:data1\" content=\"Annemeton\" \/>\n\t<meta name=\"twitter:label2\" content=\"Estimated reading time\" \/>\n\t<meta name=\"twitter:data2\" content=\"4 minutes\" \/>\n<script type=\"application\/ld+json\" class=\"yoast-schema-graph\">{\"@context\":\"https:\/\/schema.org\",\"@graph\":[{\"@type\":[\"Article\",\"BlogPosting\"],\"@id\":\"https:\/\/celebrante.annemeton.com\/abiti-per-un-matrimonio-celtico-lo-sposo-parte-2\/#article\",\"isPartOf\":{\"@id\":\"https:\/\/celebrante.annemeton.com\/abiti-per-un-matrimonio-celtico-lo-sposo-parte-2\/\"},\"author\":{\"name\":\"Annemeton\",\"@id\":\"https:\/\/celebrante.annemeton.com\/#\/schema\/person\/6d18f0ccfb559305bc62f8d7fd83ef1d\"},\"headline\":\"Abiti per un Matrimonio Celtico: lo Sposo ( Parte 2)\",\"datePublished\":\"2025-01-17T10:07:05+00:00\",\"dateModified\":\"2025-01-24T12:44:19+00:00\",\"mainEntityOfPage\":{\"@id\":\"https:\/\/celebrante.annemeton.com\/abiti-per-un-matrimonio-celtico-lo-sposo-parte-2\/\"},\"wordCount\":571,\"commentCount\":0,\"publisher\":{\"@id\":\"https:\/\/celebrante.annemeton.com\/#\/schema\/person\/6d18f0ccfb559305bc62f8d7fd83ef1d\"},\"image\":{\"@id\":\"https:\/\/celebrante.annemeton.com\/abiti-per-un-matrimonio-celtico-lo-sposo-parte-2\/#primaryimage\"},\"thumbnailUrl\":\"https:\/\/celebrante.annemeton.com\/wp-content\/uploads\/2025\/01\/ritual_AM_DSF0630.png\",\"keywords\":[\"abbigliamentouomomatrimonio\",\"celtic male wedding\",\"maleweddingdress\",\"matrimonio\",\"matrimonio simbolico\",\"matrimonioceltico\",\"matrimoniofantasy\",\"matrimonioirlandese\",\"matrimonioscozzese\"],\"articleSection\":[\"Matrimonio celtico\"],\"inLanguage\":\"en-GB\",\"potentialAction\":[{\"@type\":\"CommentAction\",\"name\":\"Comment\",\"target\":[\"https:\/\/celebrante.annemeton.com\/abiti-per-un-matrimonio-celtico-lo-sposo-parte-2\/#respond\"]}]},{\"@type\":\"WebPage\",\"@id\":\"https:\/\/celebrante.annemeton.com\/abiti-per-un-matrimonio-celtico-lo-sposo-parte-2\/\",\"url\":\"https:\/\/celebrante.annemeton.com\/abiti-per-un-matrimonio-celtico-lo-sposo-parte-2\/\",\"name\":\"Abiti per un Matrimonio Celtico: lo Sposo ( Parte 2) - Annemeton - Celebrante naturale\",\"isPartOf\":{\"@id\":\"https:\/\/celebrante.annemeton.com\/#website\"},\"primaryImageOfPage\":{\"@id\":\"https:\/\/celebrante.annemeton.com\/abiti-per-un-matrimonio-celtico-lo-sposo-parte-2\/#primaryimage\"},\"image\":{\"@id\":\"https:\/\/celebrante.annemeton.com\/abiti-per-un-matrimonio-celtico-lo-sposo-parte-2\/#primaryimage\"},\"thumbnailUrl\":\"https:\/\/celebrante.annemeton.com\/wp-content\/uploads\/2025\/01\/ritual_AM_DSF0630.png\",\"datePublished\":\"2025-01-17T10:07:05+00:00\",\"dateModified\":\"2025-01-24T12:44:19+00:00\",\"description\":\"Cos'\u00e8 un matrimonio simbolico e perch\u00e9 sceglierlo. Scopri cos'\u00e8 un matrimonio simbolico, una cerimonia unica e personalizzata per celebrare l'amore senza vincoli legali o religiosi. Matrimonio celtico\",\"breadcrumb\":{\"@id\":\"https:\/\/celebrante.annemeton.com\/abiti-per-un-matrimonio-celtico-lo-sposo-parte-2\/#breadcrumb\"},\"inLanguage\":\"en-GB\",\"potentialAction\":[{\"@type\":\"ReadAction\",\"target\":[\"https:\/\/celebrante.annemeton.com\/abiti-per-un-matrimonio-celtico-lo-sposo-parte-2\/\"]}]},{\"@type\":\"ImageObject\",\"inLanguage\":\"en-GB\",\"@id\":\"https:\/\/celebrante.annemeton.com\/abiti-per-un-matrimonio-celtico-lo-sposo-parte-2\/#primaryimage\",\"url\":\"https:\/\/celebrante.annemeton.com\/wp-content\/uploads\/2025\/01\/ritual_AM_DSF0630.png\",\"contentUrl\":\"https:\/\/celebrante.annemeton.com\/wp-content\/uploads\/2025\/01\/ritual_AM_DSF0630.png\",\"width\":1412,\"height\":2510,\"caption\":\"matrimonio celtico uomo\"},{\"@type\":\"BreadcrumbList\",\"@id\":\"https:\/\/celebrante.annemeton.com\/abiti-per-un-matrimonio-celtico-lo-sposo-parte-2\/#breadcrumb\",\"itemListElement\":[{\"@type\":\"ListItem\",\"position\":1,\"name\":\"Home\",\"item\":\"https:\/\/celebrante.annemeton.com\/\"},{\"@type\":\"ListItem\",\"position\":2,\"name\":\"Abiti per un Matrimonio Celtico: lo Sposo ( Parte 2)\"}]},{\"@type\":\"WebSite\",\"@id\":\"https:\/\/celebrante.annemeton.com\/#website\",\"url\":\"https:\/\/celebrante.annemeton.com\/\",\"name\":\"Annemeton - Celebrante naturale\",\"description\":\"Celebrazioni naturali a Milano e dintorni\",\"publisher\":{\"@id\":\"https:\/\/celebrante.annemeton.com\/#\/schema\/person\/6d18f0ccfb559305bc62f8d7fd83ef1d\"},\"potentialAction\":[{\"@type\":\"SearchAction\",\"target\":{\"@type\":\"EntryPoint\",\"urlTemplate\":\"https:\/\/celebrante.annemeton.com\/?s={search_term_string}\"},\"query-input\":{\"@type\":\"PropertyValueSpecification\",\"valueRequired\":true,\"valueName\":\"search_term_string\"}}],\"inLanguage\":\"en-GB\"},{\"@type\":[\"Person\",\"Organization\"],\"@id\":\"https:\/\/celebrante.annemeton.com\/#\/schema\/person\/6d18f0ccfb559305bc62f8d7fd83ef1d\",\"name\":\"Annemeton\",\"image\":{\"@type\":\"ImageObject\",\"inLanguage\":\"en-GB\",\"@id\":\"https:\/\/celebrante.annemeton.com\/#\/schema\/person\/image\/\",\"url\":\"https:\/\/celebrante.annemeton.com\/wp-content\/uploads\/2023\/11\/cropped-annemeton-logo.png\",\"contentUrl\":\"https:\/\/celebrante.annemeton.com\/wp-content\/uploads\/2023\/11\/cropped-annemeton-logo.png\",\"width\":1583,\"height\":1583,\"caption\":\"Annemeton\"},\"logo\":{\"@id\":\"https:\/\/celebrante.annemeton.com\/#\/schema\/person\/image\/\"},\"description\":\"Celebrante professionale specializzata in matrimoni simbolici e celtici\",\"url\":\"https:\/\/celebrante.annemeton.com\/en\/author\/anna\/\"}]}<\/script>\n<!-- \/ Yoast SEO plugin. -->","yoast_head_json":{"title":"Abiti per un Matrimonio Celtico: lo Sposo ( Parte 2) - Annemeton - Celebrante naturale","description":"Cos'\u00e8 un matrimonio simbolico e perch\u00e9 sceglierlo. Scopri cos'\u00e8 un matrimonio simbolico, una cerimonia unica e personalizzata per celebrare l'amore senza vincoli legali o religiosi. Matrimonio celtico","robots":{"index":"index","follow":"follow","max-snippet":"max-snippet:-1","max-image-preview":"max-image-preview:large","max-video-preview":"max-video-preview:-1"},"canonical":"https:\/\/celebrante.annemeton.com\/en\/abiti-per-un-matrimonio-celtico-lo-sposo-parte-2\/","og_locale":"en_GB","og_type":"article","og_title":"Abiti per un Matrimonio Celtico: lo Sposo ( Parte 2) - Annemeton - Celebrante naturale","og_description":"Cos'\u00e8 un matrimonio simbolico e perch\u00e9 sceglierlo. Scopri cos'\u00e8 un matrimonio simbolico, una cerimonia unica e personalizzata per celebrare l'amore senza vincoli legali o religiosi. Matrimonio celtico","og_url":"https:\/\/celebrante.annemeton.com\/en\/abiti-per-un-matrimonio-celtico-lo-sposo-parte-2\/","og_site_name":"Annemeton - Celebrante naturale","article_published_time":"2025-01-17T10:07:05+00:00","article_modified_time":"2025-01-24T12:44:19+00:00","og_image":[{"width":576,"height":1024,"url":"https:\/\/celebrante.annemeton.com\/wp-content\/uploads\/2025\/01\/ritual_AM_DSF0630-576x1024.png","type":"image\/png"}],"author":"Annemeton","twitter_card":"summary_large_image","twitter_misc":{"Written by":"Annemeton","Estimated reading time":"4 minutes"},"schema":{"@context":"https:\/\/schema.org","@graph":[{"@type":["Article","BlogPosting"],"@id":"https:\/\/celebrante.annemeton.com\/abiti-per-un-matrimonio-celtico-lo-sposo-parte-2\/#article","isPartOf":{"@id":"https:\/\/celebrante.annemeton.com\/abiti-per-un-matrimonio-celtico-lo-sposo-parte-2\/"},"author":{"name":"Annemeton","@id":"https:\/\/celebrante.annemeton.com\/#\/schema\/person\/6d18f0ccfb559305bc62f8d7fd83ef1d"},"headline":"Abiti per un Matrimonio Celtico: lo Sposo ( Parte 2)","datePublished":"2025-01-17T10:07:05+00:00","dateModified":"2025-01-24T12:44:19+00:00","mainEntityOfPage":{"@id":"https:\/\/celebrante.annemeton.com\/abiti-per-un-matrimonio-celtico-lo-sposo-parte-2\/"},"wordCount":571,"commentCount":0,"publisher":{"@id":"https:\/\/celebrante.annemeton.com\/#\/schema\/person\/6d18f0ccfb559305bc62f8d7fd83ef1d"},"image":{"@id":"https:\/\/celebrante.annemeton.com\/abiti-per-un-matrimonio-celtico-lo-sposo-parte-2\/#primaryimage"},"thumbnailUrl":"https:\/\/celebrante.annemeton.com\/wp-content\/uploads\/2025\/01\/ritual_AM_DSF0630.png","keywords":["abbigliamentouomomatrimonio","celtic male wedding","maleweddingdress","matrimonio","matrimonio simbolico","matrimonioceltico","matrimoniofantasy","matrimonioirlandese","matrimonioscozzese"],"articleSection":["Matrimonio celtico"],"inLanguage":"en-GB","potentialAction":[{"@type":"CommentAction","name":"Comment","target":["https:\/\/celebrante.annemeton.com\/abiti-per-un-matrimonio-celtico-lo-sposo-parte-2\/#respond"]}]},{"@type":"WebPage","@id":"https:\/\/celebrante.annemeton.com\/abiti-per-un-matrimonio-celtico-lo-sposo-parte-2\/","url":"https:\/\/celebrante.annemeton.com\/abiti-per-un-matrimonio-celtico-lo-sposo-parte-2\/","name":"Abiti per un Matrimonio Celtico: lo Sposo ( Parte 2) - Annemeton - Celebrante naturale","isPartOf":{"@id":"https:\/\/celebrante.annemeton.com\/#website"},"primaryImageOfPage":{"@id":"https:\/\/celebrante.annemeton.com\/abiti-per-un-matrimonio-celtico-lo-sposo-parte-2\/#primaryimage"},"image":{"@id":"https:\/\/celebrante.annemeton.com\/abiti-per-un-matrimonio-celtico-lo-sposo-parte-2\/#primaryimage"},"thumbnailUrl":"https:\/\/celebrante.annemeton.com\/wp-content\/uploads\/2025\/01\/ritual_AM_DSF0630.png","datePublished":"2025-01-17T10:07:05+00:00","dateModified":"2025-01-24T12:44:19+00:00","description":"Cos'\u00e8 un matrimonio simbolico e perch\u00e9 sceglierlo. Scopri cos'\u00e8 un matrimonio simbolico, una cerimonia unica e personalizzata per celebrare l'amore senza vincoli legali o religiosi. Matrimonio celtico","breadcrumb":{"@id":"https:\/\/celebrante.annemeton.com\/abiti-per-un-matrimonio-celtico-lo-sposo-parte-2\/#breadcrumb"},"inLanguage":"en-GB","potentialAction":[{"@type":"ReadAction","target":["https:\/\/celebrante.annemeton.com\/abiti-per-un-matrimonio-celtico-lo-sposo-parte-2\/"]}]},{"@type":"ImageObject","inLanguage":"en-GB","@id":"https:\/\/celebrante.annemeton.com\/abiti-per-un-matrimonio-celtico-lo-sposo-parte-2\/#primaryimage","url":"https:\/\/celebrante.annemeton.com\/wp-content\/uploads\/2025\/01\/ritual_AM_DSF0630.png","contentUrl":"https:\/\/celebrante.annemeton.com\/wp-content\/uploads\/2025\/01\/ritual_AM_DSF0630.png","width":1412,"height":2510,"caption":"matrimonio celtico uomo"},{"@type":"BreadcrumbList","@id":"https:\/\/celebrante.annemeton.com\/abiti-per-un-matrimonio-celtico-lo-sposo-parte-2\/#breadcrumb","itemListElement":[{"@type":"ListItem","position":1,"name":"Home","item":"https:\/\/celebrante.annemeton.com\/"},{"@type":"ListItem","position":2,"name":"Abiti per un Matrimonio Celtico: lo Sposo ( Parte 2)"}]},{"@type":"WebSite","@id":"https:\/\/celebrante.annemeton.com\/#website","url":"https:\/\/celebrante.annemeton.com\/","name":"Annemeton - Celebrante naturale","description":"Celebrazioni naturali a Milano e dintorni","publisher":{"@id":"https:\/\/celebrante.annemeton.com\/#\/schema\/person\/6d18f0ccfb559305bc62f8d7fd83ef1d"},"potentialAction":[{"@type":"SearchAction","target":{"@type":"EntryPoint","urlTemplate":"https:\/\/celebrante.annemeton.com\/?s={search_term_string}"},"query-input":{"@type":"PropertyValueSpecification","valueRequired":true,"valueName":"search_term_string"}}],"inLanguage":"en-GB"},{"@type":["Person","Organization"],"@id":"https:\/\/celebrante.annemeton.com\/#\/schema\/person\/6d18f0ccfb559305bc62f8d7fd83ef1d","name":"Annemeton","image":{"@type":"ImageObject","inLanguage":"en-GB","@id":"https:\/\/celebrante.annemeton.com\/#\/schema\/person\/image\/","url":"https:\/\/celebrante.annemeton.com\/wp-content\/uploads\/2023\/11\/cropped-annemeton-logo.png","contentUrl":"https:\/\/celebrante.annemeton.com\/wp-content\/uploads\/2023\/11\/cropped-annemeton-logo.png","width":1583,"height":1583,"caption":"Annemeton"},"logo":{"@id":"https:\/\/celebrante.annemeton.com\/#\/schema\/person\/image\/"},"description":"Celebrante professionale specializzata in matrimoni simbolici e celtici","url":"https:\/\/celebrante.annemeton.com\/en\/author\/anna\/"}]}},"_links":{"self":[{"href":"https:\/\/celebrante.annemeton.com\/en\/wp-json\/wp\/v2\/posts\/3682","targetHints":{"allow":["GET"]}}],"collection":[{"href":"https:\/\/celebrante.annemeton.com\/en\/wp-json\/wp\/v2\/posts"}],"about":[{"href":"https:\/\/celebrante.annemeton.com\/en\/wp-json\/wp\/v2\/types\/post"}],"author":[{"embeddable":true,"href":"https:\/\/celebrante.annemeton.com\/en\/wp-json\/wp\/v2\/users\/2"}],"replies":[{"embeddable":true,"href":"https:\/\/celebrante.annemeton.com\/en\/wp-json\/wp\/v2\/comments?post=3682"}],"version-history":[{"count":3,"href":"https:\/\/celebrante.annemeton.com\/en\/wp-json\/wp\/v2\/posts\/3682\/revisions"}],"predecessor-version":[{"id":3689,"href":"https:\/\/celebrante.annemeton.com\/en\/wp-json\/wp\/v2\/posts\/3682\/revisions\/3689"}],"wp:featuredmedia":[{"embeddable":true,"href":"https:\/\/celebrante.annemeton.com\/en\/wp-json\/wp\/v2\/media\/3688"}],"wp:attachment":[{"href":"https:\/\/celebrante.annemeton.com\/en\/wp-json\/wp\/v2\/media?parent=3682"}],"wp:term":[{"taxonomy":"category","embeddable":true,"href":"https:\/\/celebrante.annemeton.com\/en\/wp-json\/wp\/v2\/categories?post=3682"},{"taxonomy":"post_tag","embeddable":true,"href":"https:\/\/celebrante.annemeton.com\/en\/wp-json\/wp\/v2\/tags?post=3682"}],"curies":[{"name":"wp","href":"https:\/\/api.w.org\/{rel}","templated":true}]}}