{"id":3853,"date":"2025-06-04T07:38:50","date_gmt":"2025-06-04T07:38:50","guid":{"rendered":"https:\/\/celebrante.annemeton.com\/?p=3853"},"modified":"2025-06-04T07:45:25","modified_gmt":"2025-06-04T07:45:25","slug":"cerimonia-del-nome-tommaso-lago-di-comabbio","status":"publish","type":"post","link":"https:\/\/celebrante.annemeton.com\/en\/cerimonia-del-nome-tommaso-lago-di-comabbio\/","title":{"rendered":"Cerimonia del nome di Tommaso"},"content":{"rendered":"<h4 class=\"wp-block-heading\">Un rito sul Lago di Comabbio<\/h4>\n\n\n\n<p class=\"wp-block-paragraph\">Il 17 maggio 2025, in una meravigliosa giornata di sole, abbiamo celebrato il <strong>rito del nome di Tommaso<\/strong> sulle rive del <strong>Lago di Comabbio<\/strong> in provincia di Varese.<br>Una cerimonia luminosa e intima, tessuta con amore insieme ai genitori Sarah e Vincenzo, tra parole che toccavano il cuore, gesti colmi di significato e la bellezza discreta della natura che, con il riflesso dell\u2019acqua, sembrava restituire luce a ogni cosa.<\/p>\n\n\n\n<figure class=\"wp-block-image size-large\"><img fetchpriority=\"high\" decoding=\"async\" width=\"1024\" height=\"683\" src=\"https:\/\/celebrante.annemeton.com\/wp-content\/uploads\/2025\/06\/A7V4731-1024x683.jpg\" alt=\"Famiglia con neonato durante un rito simbolico laico\" class=\"wp-image-3855\" srcset=\"https:\/\/celebrante.annemeton.com\/wp-content\/uploads\/2025\/06\/A7V4731-1024x683.jpg 1024w, https:\/\/celebrante.annemeton.com\/wp-content\/uploads\/2025\/06\/A7V4731-300x200.jpg 300w, https:\/\/celebrante.annemeton.com\/wp-content\/uploads\/2025\/06\/A7V4731-768x512.jpg 768w, https:\/\/celebrante.annemeton.com\/wp-content\/uploads\/2025\/06\/A7V4731-1536x1024.jpg 1536w, https:\/\/celebrante.annemeton.com\/wp-content\/uploads\/2025\/06\/A7V4731-2048x1365.jpg 2048w, https:\/\/celebrante.annemeton.com\/wp-content\/uploads\/2025\/06\/A7V4731-18x12.jpg 18w\" sizes=\"(max-width: 1024px) 100vw, 1024px\" \/><\/figure>\n\n\n\n<p class=\"wp-block-paragraph\"><\/p>\n\n\n\n<h3 class=\"wp-block-heading\">Un nome come una promessa<\/h3>\n\n\n\n<p class=\"wp-block-paragraph\">La prima parte della cerimonia si basa sul racconto della nascita di Tommaso, dal concepimento al giorno della sua nascita. Chiedo sempre alla famiglia di raccontarmi qualche aneddoto. I genitori mi raccontano che \u00e8 nato con uno sguardo che guardava all&#8217;ins\u00f9, come per cercare le stelle&#8230;<br>Il suo nome, scelto con amore e determinazione, porta con s\u00e9 il significato aramaico di \u201cgemello\u201d. Un nome che richiama il senso della ricerca, della curiosit\u00e0, della dualit\u00e0 che ci abita.<\/p>\n\n\n\n<p class=\"wp-block-paragraph\">Tommaso \u00e8 stato accolto in un cerchio di persone care con un <strong>rito spirituale<\/strong>  fatto di simboli e presenza, in cui ognuno ha potuto donargli un pensiero, un gesto, un augurio.<\/p>\n\n\n\n<h3 class=\"wp-block-heading\">Il rito dell\u2019acqua e dei quattro elementi<\/h3>\n\n\n\n<p class=\"wp-block-paragraph\">La cerimonia si \u00e8 aperta con il <strong>rito delle acque<\/strong>: ogni partecipante ha versato nel bacile una piccola quantit\u00e0 d\u2019acqua, accompagnando il gesto con una frase.<br>Attraverso una benedizione scozzese ha ricevuto <em>Nove onde<\/em> per nove aspetti della vita di Tommaso: la forma, la voce, la fortuna, la salute, il coraggio\u2026<\/p>\n\n\n\n<p class=\"wp-block-paragraph\">Poi sono arrivati i <strong>doni degli elementi<\/strong>, portati da madrine e padrini spirituali:<\/p>\n\n\n\n<ul class=\"wp-block-list\">\n<li><strong>Acqua<\/strong> \u2013 Per accarezzare gli ostacoli con dolcezza (un\u2019ampolla).<\/li>\n\n\n\n<li><strong>Fuoco<\/strong> \u2013 Per accendere l\u2019energia e la vitalit\u00e0 (una candela).<\/li>\n\n\n\n<li><strong>Terra<\/strong> \u2013 Per nutrire il corpo e radicarlo nella vita materiale (una pietra).<\/li>\n\n\n\n<li><strong>Aria<\/strong> \u2013 Per volare leggeri e far danzare i talenti (una dedica letta con amore).<\/li>\n<\/ul>\n\n\n\n<p class=\"wp-block-paragraph\">Ogni dono \u00e8 stato deposto al centro, come in un piccolo altare.<\/p>\n\n\n\n<figure class=\"wp-block-image size-large\"><img decoding=\"async\" width=\"1024\" height=\"683\" src=\"https:\/\/celebrante.annemeton.com\/wp-content\/uploads\/2025\/06\/A7V4645-2-1024x683.jpg\" alt=\"Cerimonia del nome bambini con Battesimo celtico\" class=\"wp-image-3856\" srcset=\"https:\/\/celebrante.annemeton.com\/wp-content\/uploads\/2025\/06\/A7V4645-2-1024x683.jpg 1024w, https:\/\/celebrante.annemeton.com\/wp-content\/uploads\/2025\/06\/A7V4645-2-300x200.jpg 300w, https:\/\/celebrante.annemeton.com\/wp-content\/uploads\/2025\/06\/A7V4645-2-768x512.jpg 768w, https:\/\/celebrante.annemeton.com\/wp-content\/uploads\/2025\/06\/A7V4645-2-1536x1024.jpg 1536w, https:\/\/celebrante.annemeton.com\/wp-content\/uploads\/2025\/06\/A7V4645-2-2048x1365.jpg 2048w, https:\/\/celebrante.annemeton.com\/wp-content\/uploads\/2025\/06\/A7V4645-2-18x12.jpg 18w\" sizes=\"(max-width: 1024px) 100vw, 1024px\" \/><\/figure>\n\n\n\n<p class=\"wp-block-paragraph\"><\/p>\n\n\n\n<h3 class=\"wp-block-heading\">Un momento fuori dal tempo<\/h3>\n\n\n\n<p class=\"wp-block-paragraph\">Tra il profumo dell\u2019erba, i canti degli uccelli e il riflesso del sole sull\u2019acqua, il tempo ha rallentato.<br>Tommaso ci guardava incuriosito, calmo, mentre la sua famiglia pronunciava parole piene di senso e affetto.<br>Alla fine, abbiamo letto insieme:<\/p>\n\n\n\n<blockquote class=\"wp-block-quote is-layout-flow wp-block-quote-is-layout-flow\">\n<p class=\"wp-block-paragraph\"><em>La profonda pace delle onde del mare sia con te<\/em><br><em>La profonda pace della brezza del mattino sia con te<\/em><br><em>La profonda pace della terra laboriosa e silenziosa sia con te<\/em><br><em>La profonda pace delle stelle luminose sia con t<\/em>e.<\/p>\n<\/blockquote>\n\n\n\n<p class=\"wp-block-paragraph\">E finalmente Tommaso \u00e8 stato bagnato con le acque cariche di buone parole e benedizioni da parte di chi gli vuole bene. Si \u00e8 divertito tantissimo a mettere i suoi piedini nell&#8217;acqua!<\/p>\n\n\n\n<h3 class=\"wp-block-heading\">Perch\u00e9 una cerimonia del nome?<\/h3>\n\n\n\n<p class=\"wp-block-paragraph\"><\/p>\n\n\n\n<p class=\"wp-block-paragraph\">The <strong>rito del nome<\/strong> \u00e8 un\u2019alternativa laica e simbolica al battesimo religioso.<br>Un momento di passaggio, un\u2019occasione per accogliere un nuovo nato nel mondo con consapevolezza e presenza, lasciandogli la libert\u00e0 di scegliere in futuro il proprio cammino spirituale.<br>\u00c8 un modo per dire: \u201cTi vediamo, ti riconosciamo, ti celebriamo\u201d.<\/p>\n\n\n\n<h3 class=\"wp-block-heading\">Grazie, Tommaso<\/h3>\n\n\n\n<p class=\"wp-block-paragraph\"><\/p>\n\n\n\n<p class=\"wp-block-paragraph\">Grazie a Tommaso e alla sua famiglia per aver scelto di condividere con me questo momento.<br>Ogni volta che accompagno un nuovo essere umano nella sua prima celebrazione, sento di ricevere anch\u2019io qualcosa di grande.<\/p>\n\n\n\n<p class=\"wp-block-paragraph\">E il 17 maggio, vicino alle acque dolci del lago, la vita mi \u00e8 sembrata ancora una volta sacra, semplice e bellissima.<\/p>\n\n\n\n<p class=\"wp-block-paragraph\"><em>Vuoi organizzare una cerimonia del nome per il tuo bambino? <a href=\"https:\/\/celebrante.annemeton.com\/en\/contattami\/\">Scrivimi <\/a>per creare insieme un rito su misura<\/em><\/p>\n\n\n\n<p class=\"wp-block-paragraph\"><\/p>","protected":false},"excerpt":{"rendered":"<p>Un rito sul Lago di Comabbio Il 17 maggio 2025, in una meravigliosa giornata di sole, abbiamo celebrato il rito del nome di Tommaso sulle rive del Lago di Comabbio in provincia di Varese.Una cerimonia luminosa e intima, tessuta con amore insieme ai genitori Sarah e Vincenzo, tra parole che toccavano il cuore, gesti colmi [&hellip;]<\/p>\n","protected":false},"author":2,"featured_media":3854,"comment_status":"open","ping_status":"closed","sticky":false,"template":"","format":"standard","meta":{"site-sidebar-layout":"default","site-content-layout":"","ast-site-content-layout":"default","site-content-style":"default","site-sidebar-style":"default","ast-global-header-display":"","ast-banner-title-visibility":"","ast-main-header-display":"","ast-hfb-above-header-display":"","ast-hfb-below-header-display":"","ast-hfb-mobile-header-display":"","site-post-title":"","ast-breadcrumbs-content":"","ast-featured-img":"","footer-sml-layout":"","theme-transparent-header-meta":"","adv-header-id-meta":"","stick-header-meta":"","header-above-stick-meta":"","header-main-stick-meta":"","header-below-stick-meta":"","astra-migrate-meta-layouts":"set","ast-page-background-enabled":"default","ast-page-background-meta":{"desktop":{"background-color":"","background-image":"","background-repeat":"repeat","background-position":"center center","background-size":"auto","background-attachment":"scroll","background-type":"","background-media":"","overlay-type":"","overlay-color":"","overlay-gradient":""},"tablet":{"background-color":"","background-image":"","background-repeat":"repeat","background-position":"center center","background-size":"auto","background-attachment":"scroll","background-type":"","background-media":"","overlay-type":"","overlay-color":"","overlay-gradient":""},"mobile":{"background-color":"","background-image":"","background-repeat":"repeat","background-position":"center center","background-size":"auto","background-attachment":"scroll","background-type":"","background-media":"","overlay-type":"","overlay-color":"","overlay-gradient":""}},"ast-content-background-meta":{"desktop":{"background-color":"var(--ast-global-color-5)","background-image":"","background-repeat":"repeat","background-position":"center center","background-size":"auto","background-attachment":"scroll","background-type":"","background-media":"","overlay-type":"","overlay-color":"","overlay-gradient":""},"tablet":{"background-color":"var(--ast-global-color-5)","background-image":"","background-repeat":"repeat","background-position":"center center","background-size":"auto","background-attachment":"scroll","background-type":"","background-media":"","overlay-type":"","overlay-color":"","overlay-gradient":""},"mobile":{"background-color":"var(--ast-global-color-5)","background-image":"","background-repeat":"repeat","background-position":"center center","background-size":"auto","background-attachment":"scroll","background-type":"","background-media":"","overlay-type":"","overlay-color":"","overlay-gradient":""}},"footnotes":""},"categories":[35,26,52],"tags":[],"class_list":["post-3853","post","type-post","status-publish","format-standard","has-post-thumbnail","hentry","category-battesimo","category-eventi","category-idee"],"yoast_head":"<!-- This site is optimized with the Yoast SEO plugin v26.7 - https:\/\/yoast.com\/wordpress\/plugins\/seo\/ -->\n<title>Cerimonia del nome di Tommaso - Annemeton - Celebrante naturale<\/title>\n<meta name=\"description\" content=\"Celebrazione laica del nome di Tommaso sul Lago di Comabbio. Un rito simbolico tra natura, acqua e amore. Scopri com\u2019\u00e8 andata.\" \/>\n<meta name=\"robots\" content=\"index, follow, max-snippet:-1, max-image-preview:large, max-video-preview:-1\" \/>\n<link rel=\"canonical\" href=\"https:\/\/celebrante.annemeton.com\/en\/cerimonia-del-nome-tommaso-lago-di-comabbio\/\" \/>\n<meta property=\"og:locale\" content=\"en_GB\" \/>\n<meta property=\"og:type\" content=\"article\" \/>\n<meta property=\"og:title\" content=\"Cerimonia del nome di Tommaso - Annemeton - Celebrante naturale\" \/>\n<meta property=\"og:description\" content=\"Celebrazione laica del nome di Tommaso sul Lago di Comabbio. Un rito simbolico tra natura, acqua e amore. Scopri com\u2019\u00e8 andata.\" \/>\n<meta property=\"og:url\" content=\"https:\/\/celebrante.annemeton.com\/en\/cerimonia-del-nome-tommaso-lago-di-comabbio\/\" \/>\n<meta property=\"og:site_name\" content=\"Annemeton - Celebrante naturale\" \/>\n<meta property=\"article:published_time\" content=\"2025-06-04T07:38:50+00:00\" \/>\n<meta property=\"article:modified_time\" content=\"2025-06-04T07:45:25+00:00\" \/>\n<meta property=\"og:image\" content=\"https:\/\/celebrante.annemeton.com\/wp-content\/uploads\/2025\/06\/A932177-scaled.jpg\" \/>\n\t<meta property=\"og:image:width\" content=\"2560\" \/>\n\t<meta property=\"og:image:height\" content=\"1922\" \/>\n\t<meta property=\"og:image:type\" content=\"image\/jpeg\" \/>\n<meta name=\"author\" content=\"Annemeton\" \/>\n<meta name=\"twitter:card\" content=\"summary_large_image\" \/>\n<meta name=\"twitter:label1\" content=\"Written by\" \/>\n\t<meta name=\"twitter:data1\" content=\"Annemeton\" \/>\n\t<meta name=\"twitter:label2\" content=\"Estimated reading time\" \/>\n\t<meta name=\"twitter:data2\" content=\"4 minutes\" \/>\n<script type=\"application\/ld+json\" class=\"yoast-schema-graph\">{\"@context\":\"https:\/\/schema.org\",\"@graph\":[{\"@type\":\"Article\",\"@id\":\"https:\/\/celebrante.annemeton.com\/cerimonia-del-nome-tommaso-lago-di-comabbio\/#article\",\"isPartOf\":{\"@id\":\"https:\/\/celebrante.annemeton.com\/cerimonia-del-nome-tommaso-lago-di-comabbio\/\"},\"author\":{\"name\":\"Annemeton\",\"@id\":\"https:\/\/celebrante.annemeton.com\/#\/schema\/person\/6d18f0ccfb559305bc62f8d7fd83ef1d\"},\"headline\":\"Cerimonia del nome di Tommaso\",\"datePublished\":\"2025-06-04T07:38:50+00:00\",\"dateModified\":\"2025-06-04T07:45:25+00:00\",\"mainEntityOfPage\":{\"@id\":\"https:\/\/celebrante.annemeton.com\/cerimonia-del-nome-tommaso-lago-di-comabbio\/\"},\"wordCount\":565,\"commentCount\":0,\"publisher\":{\"@id\":\"https:\/\/celebrante.annemeton.com\/#\/schema\/person\/6d18f0ccfb559305bc62f8d7fd83ef1d\"},\"image\":{\"@id\":\"https:\/\/celebrante.annemeton.com\/cerimonia-del-nome-tommaso-lago-di-comabbio\/#primaryimage\"},\"thumbnailUrl\":\"https:\/\/celebrante.annemeton.com\/wp-content\/uploads\/2025\/06\/A932177-scaled.jpg\",\"articleSection\":[\"Cerimonia benvenuto bambini\",\"Eventi\",\"Idee\"],\"inLanguage\":\"en-GB\",\"potentialAction\":[{\"@type\":\"CommentAction\",\"name\":\"Comment\",\"target\":[\"https:\/\/celebrante.annemeton.com\/cerimonia-del-nome-tommaso-lago-di-comabbio\/#respond\"]}]},{\"@type\":\"WebPage\",\"@id\":\"https:\/\/celebrante.annemeton.com\/cerimonia-del-nome-tommaso-lago-di-comabbio\/\",\"url\":\"https:\/\/celebrante.annemeton.com\/cerimonia-del-nome-tommaso-lago-di-comabbio\/\",\"name\":\"Cerimonia del nome di Tommaso - Annemeton - Celebrante naturale\",\"isPartOf\":{\"@id\":\"https:\/\/celebrante.annemeton.com\/#website\"},\"primaryImageOfPage\":{\"@id\":\"https:\/\/celebrante.annemeton.com\/cerimonia-del-nome-tommaso-lago-di-comabbio\/#primaryimage\"},\"image\":{\"@id\":\"https:\/\/celebrante.annemeton.com\/cerimonia-del-nome-tommaso-lago-di-comabbio\/#primaryimage\"},\"thumbnailUrl\":\"https:\/\/celebrante.annemeton.com\/wp-content\/uploads\/2025\/06\/A932177-scaled.jpg\",\"datePublished\":\"2025-06-04T07:38:50+00:00\",\"dateModified\":\"2025-06-04T07:45:25+00:00\",\"description\":\"Celebrazione laica del nome di Tommaso sul Lago di Comabbio. Un rito simbolico tra natura, acqua e amore. Scopri com\u2019\u00e8 andata.\",\"breadcrumb\":{\"@id\":\"https:\/\/celebrante.annemeton.com\/cerimonia-del-nome-tommaso-lago-di-comabbio\/#breadcrumb\"},\"inLanguage\":\"en-GB\",\"potentialAction\":[{\"@type\":\"ReadAction\",\"target\":[\"https:\/\/celebrante.annemeton.com\/cerimonia-del-nome-tommaso-lago-di-comabbio\/\"]}]},{\"@type\":\"ImageObject\",\"inLanguage\":\"en-GB\",\"@id\":\"https:\/\/celebrante.annemeton.com\/cerimonia-del-nome-tommaso-lago-di-comabbio\/#primaryimage\",\"url\":\"https:\/\/celebrante.annemeton.com\/wp-content\/uploads\/2025\/06\/A932177-scaled.jpg\",\"contentUrl\":\"https:\/\/celebrante.annemeton.com\/wp-content\/uploads\/2025\/06\/A932177-scaled.jpg\",\"width\":2560,\"height\":1922,\"caption\":\"Annemeton con Tommaso Foto di Claudio Arnese\"},{\"@type\":\"BreadcrumbList\",\"@id\":\"https:\/\/celebrante.annemeton.com\/cerimonia-del-nome-tommaso-lago-di-comabbio\/#breadcrumb\",\"itemListElement\":[{\"@type\":\"ListItem\",\"position\":1,\"name\":\"Home\",\"item\":\"https:\/\/celebrante.annemeton.com\/\"},{\"@type\":\"ListItem\",\"position\":2,\"name\":\"Cerimonia del nome di Tommaso\"}]},{\"@type\":\"WebSite\",\"@id\":\"https:\/\/celebrante.annemeton.com\/#website\",\"url\":\"https:\/\/celebrante.annemeton.com\/\",\"name\":\"Annemeton - Celebrante naturale\",\"description\":\"Celebrazioni naturali a Milano e dintorni\",\"publisher\":{\"@id\":\"https:\/\/celebrante.annemeton.com\/#\/schema\/person\/6d18f0ccfb559305bc62f8d7fd83ef1d\"},\"potentialAction\":[{\"@type\":\"SearchAction\",\"target\":{\"@type\":\"EntryPoint\",\"urlTemplate\":\"https:\/\/celebrante.annemeton.com\/?s={search_term_string}\"},\"query-input\":{\"@type\":\"PropertyValueSpecification\",\"valueRequired\":true,\"valueName\":\"search_term_string\"}}],\"inLanguage\":\"en-GB\"},{\"@type\":[\"Person\",\"Organization\"],\"@id\":\"https:\/\/celebrante.annemeton.com\/#\/schema\/person\/6d18f0ccfb559305bc62f8d7fd83ef1d\",\"name\":\"Annemeton\",\"image\":{\"@type\":\"ImageObject\",\"inLanguage\":\"en-GB\",\"@id\":\"https:\/\/celebrante.annemeton.com\/#\/schema\/person\/image\/\",\"url\":\"https:\/\/celebrante.annemeton.com\/wp-content\/uploads\/2023\/11\/cropped-annemeton-logo.png\",\"contentUrl\":\"https:\/\/celebrante.annemeton.com\/wp-content\/uploads\/2023\/11\/cropped-annemeton-logo.png\",\"width\":1583,\"height\":1583,\"caption\":\"Annemeton\"},\"logo\":{\"@id\":\"https:\/\/celebrante.annemeton.com\/#\/schema\/person\/image\/\"},\"description\":\"Celebrante professionale specializzata in matrimoni simbolici e celtici\",\"url\":\"https:\/\/celebrante.annemeton.com\/en\/author\/anna\/\"}]}<\/script>\n<!-- \/ Yoast SEO plugin. -->","yoast_head_json":{"title":"Cerimonia del nome di Tommaso - Annemeton - Celebrante naturale","description":"Celebrazione laica del nome di Tommaso sul Lago di Comabbio. Un rito simbolico tra natura, acqua e amore. Scopri com\u2019\u00e8 andata.","robots":{"index":"index","follow":"follow","max-snippet":"max-snippet:-1","max-image-preview":"max-image-preview:large","max-video-preview":"max-video-preview:-1"},"canonical":"https:\/\/celebrante.annemeton.com\/en\/cerimonia-del-nome-tommaso-lago-di-comabbio\/","og_locale":"en_GB","og_type":"article","og_title":"Cerimonia del nome di Tommaso - Annemeton - Celebrante naturale","og_description":"Celebrazione laica del nome di Tommaso sul Lago di Comabbio. Un rito simbolico tra natura, acqua e amore. Scopri com\u2019\u00e8 andata.","og_url":"https:\/\/celebrante.annemeton.com\/en\/cerimonia-del-nome-tommaso-lago-di-comabbio\/","og_site_name":"Annemeton - Celebrante naturale","article_published_time":"2025-06-04T07:38:50+00:00","article_modified_time":"2025-06-04T07:45:25+00:00","og_image":[{"width":2560,"height":1922,"url":"https:\/\/celebrante.annemeton.com\/wp-content\/uploads\/2025\/06\/A932177-scaled.jpg","type":"image\/jpeg"}],"author":"Annemeton","twitter_card":"summary_large_image","twitter_misc":{"Written by":"Annemeton","Estimated reading time":"4 minutes"},"schema":{"@context":"https:\/\/schema.org","@graph":[{"@type":"Article","@id":"https:\/\/celebrante.annemeton.com\/cerimonia-del-nome-tommaso-lago-di-comabbio\/#article","isPartOf":{"@id":"https:\/\/celebrante.annemeton.com\/cerimonia-del-nome-tommaso-lago-di-comabbio\/"},"author":{"name":"Annemeton","@id":"https:\/\/celebrante.annemeton.com\/#\/schema\/person\/6d18f0ccfb559305bc62f8d7fd83ef1d"},"headline":"Cerimonia del nome di Tommaso","datePublished":"2025-06-04T07:38:50+00:00","dateModified":"2025-06-04T07:45:25+00:00","mainEntityOfPage":{"@id":"https:\/\/celebrante.annemeton.com\/cerimonia-del-nome-tommaso-lago-di-comabbio\/"},"wordCount":565,"commentCount":0,"publisher":{"@id":"https:\/\/celebrante.annemeton.com\/#\/schema\/person\/6d18f0ccfb559305bc62f8d7fd83ef1d"},"image":{"@id":"https:\/\/celebrante.annemeton.com\/cerimonia-del-nome-tommaso-lago-di-comabbio\/#primaryimage"},"thumbnailUrl":"https:\/\/celebrante.annemeton.com\/wp-content\/uploads\/2025\/06\/A932177-scaled.jpg","articleSection":["Cerimonia benvenuto bambini","Eventi","Idee"],"inLanguage":"en-GB","potentialAction":[{"@type":"CommentAction","name":"Comment","target":["https:\/\/celebrante.annemeton.com\/cerimonia-del-nome-tommaso-lago-di-comabbio\/#respond"]}]},{"@type":"WebPage","@id":"https:\/\/celebrante.annemeton.com\/cerimonia-del-nome-tommaso-lago-di-comabbio\/","url":"https:\/\/celebrante.annemeton.com\/cerimonia-del-nome-tommaso-lago-di-comabbio\/","name":"Cerimonia del nome di Tommaso - Annemeton - Celebrante naturale","isPartOf":{"@id":"https:\/\/celebrante.annemeton.com\/#website"},"primaryImageOfPage":{"@id":"https:\/\/celebrante.annemeton.com\/cerimonia-del-nome-tommaso-lago-di-comabbio\/#primaryimage"},"image":{"@id":"https:\/\/celebrante.annemeton.com\/cerimonia-del-nome-tommaso-lago-di-comabbio\/#primaryimage"},"thumbnailUrl":"https:\/\/celebrante.annemeton.com\/wp-content\/uploads\/2025\/06\/A932177-scaled.jpg","datePublished":"2025-06-04T07:38:50+00:00","dateModified":"2025-06-04T07:45:25+00:00","description":"Celebrazione laica del nome di Tommaso sul Lago di Comabbio. Un rito simbolico tra natura, acqua e amore. Scopri com\u2019\u00e8 andata.","breadcrumb":{"@id":"https:\/\/celebrante.annemeton.com\/cerimonia-del-nome-tommaso-lago-di-comabbio\/#breadcrumb"},"inLanguage":"en-GB","potentialAction":[{"@type":"ReadAction","target":["https:\/\/celebrante.annemeton.com\/cerimonia-del-nome-tommaso-lago-di-comabbio\/"]}]},{"@type":"ImageObject","inLanguage":"en-GB","@id":"https:\/\/celebrante.annemeton.com\/cerimonia-del-nome-tommaso-lago-di-comabbio\/#primaryimage","url":"https:\/\/celebrante.annemeton.com\/wp-content\/uploads\/2025\/06\/A932177-scaled.jpg","contentUrl":"https:\/\/celebrante.annemeton.com\/wp-content\/uploads\/2025\/06\/A932177-scaled.jpg","width":2560,"height":1922,"caption":"Annemeton con Tommaso Foto di Claudio Arnese"},{"@type":"BreadcrumbList","@id":"https:\/\/celebrante.annemeton.com\/cerimonia-del-nome-tommaso-lago-di-comabbio\/#breadcrumb","itemListElement":[{"@type":"ListItem","position":1,"name":"Home","item":"https:\/\/celebrante.annemeton.com\/"},{"@type":"ListItem","position":2,"name":"Cerimonia del nome di Tommaso"}]},{"@type":"WebSite","@id":"https:\/\/celebrante.annemeton.com\/#website","url":"https:\/\/celebrante.annemeton.com\/","name":"Annemeton - Celebrante naturale","description":"Celebrazioni naturali a Milano e dintorni","publisher":{"@id":"https:\/\/celebrante.annemeton.com\/#\/schema\/person\/6d18f0ccfb559305bc62f8d7fd83ef1d"},"potentialAction":[{"@type":"SearchAction","target":{"@type":"EntryPoint","urlTemplate":"https:\/\/celebrante.annemeton.com\/?s={search_term_string}"},"query-input":{"@type":"PropertyValueSpecification","valueRequired":true,"valueName":"search_term_string"}}],"inLanguage":"en-GB"},{"@type":["Person","Organization"],"@id":"https:\/\/celebrante.annemeton.com\/#\/schema\/person\/6d18f0ccfb559305bc62f8d7fd83ef1d","name":"Annemeton","image":{"@type":"ImageObject","inLanguage":"en-GB","@id":"https:\/\/celebrante.annemeton.com\/#\/schema\/person\/image\/","url":"https:\/\/celebrante.annemeton.com\/wp-content\/uploads\/2023\/11\/cropped-annemeton-logo.png","contentUrl":"https:\/\/celebrante.annemeton.com\/wp-content\/uploads\/2023\/11\/cropped-annemeton-logo.png","width":1583,"height":1583,"caption":"Annemeton"},"logo":{"@id":"https:\/\/celebrante.annemeton.com\/#\/schema\/person\/image\/"},"description":"Celebrante professionale specializzata in matrimoni simbolici e celtici","url":"https:\/\/celebrante.annemeton.com\/en\/author\/anna\/"}]}},"_links":{"self":[{"href":"https:\/\/celebrante.annemeton.com\/en\/wp-json\/wp\/v2\/posts\/3853","targetHints":{"allow":["GET"]}}],"collection":[{"href":"https:\/\/celebrante.annemeton.com\/en\/wp-json\/wp\/v2\/posts"}],"about":[{"href":"https:\/\/celebrante.annemeton.com\/en\/wp-json\/wp\/v2\/types\/post"}],"author":[{"embeddable":true,"href":"https:\/\/celebrante.annemeton.com\/en\/wp-json\/wp\/v2\/users\/2"}],"replies":[{"embeddable":true,"href":"https:\/\/celebrante.annemeton.com\/en\/wp-json\/wp\/v2\/comments?post=3853"}],"version-history":[{"count":3,"href":"https:\/\/celebrante.annemeton.com\/en\/wp-json\/wp\/v2\/posts\/3853\/revisions"}],"predecessor-version":[{"id":3860,"href":"https:\/\/celebrante.annemeton.com\/en\/wp-json\/wp\/v2\/posts\/3853\/revisions\/3860"}],"wp:featuredmedia":[{"embeddable":true,"href":"https:\/\/celebrante.annemeton.com\/en\/wp-json\/wp\/v2\/media\/3854"}],"wp:attachment":[{"href":"https:\/\/celebrante.annemeton.com\/en\/wp-json\/wp\/v2\/media?parent=3853"}],"wp:term":[{"taxonomy":"category","embeddable":true,"href":"https:\/\/celebrante.annemeton.com\/en\/wp-json\/wp\/v2\/categories?post=3853"},{"taxonomy":"post_tag","embeddable":true,"href":"https:\/\/celebrante.annemeton.com\/en\/wp-json\/wp\/v2\/tags?post=3853"}],"curies":[{"name":"wp","href":"https:\/\/api.w.org\/{rel}","templated":true}]}}