{"id":3914,"date":"2026-01-13T16:42:40","date_gmt":"2026-01-13T16:42:40","guid":{"rendered":"https:\/\/celebrante.annemeton.com\/?p=3914"},"modified":"2026-01-27T13:08:55","modified_gmt":"2026-01-27T13:08:55","slug":"moira-e-marco-un-matrimonio-celtico-tra-querce-e-larici","status":"publish","type":"post","link":"https:\/\/celebrante.annemeton.com\/en\/moira-e-marco-un-matrimonio-celtico-tra-querce-e-larici\/","title":{"rendered":"Moira e Marco: un matrimonio celtico tra querce e larici"},"content":{"rendered":"<p class=\"wp-block-paragraph\">Il 12 aprile 2025 ha inaugurato per me una nuova stagione di matrimoni. \u00c8 iniziata con Moira e Marco e non avrei potuto immaginare un modo pi\u00f9 significativo per aprire l\u2019anno.<\/p>\n\n\n\n<p class=\"wp-block-paragraph\">La loro cerimonia si \u00e8 svolta nel cuore del <strong>Parco Sud di Milano<\/strong>, in un agriturismo nell&#8217; <a href=\"http:\/\/www.rosmarivallino.it\/RV\/page.asp?CPG=2&amp;typ=1\">Agriturismo Rosmari Vallino a Casarile (MI) <\/a>circondato da querce e larici.<\/p>\n\n\n\n<p class=\"wp-block-paragraph\">Li ricordo ancora Moira e Marco, qualche minuto prima del rito, indaffarati nel montare personalmente l&#8217;arco nuziale e allestire gli ultimi preparativi. Accompagnati da quell\u2019energia intensa di chi desidera che ogni dettaglio parli davvero di s\u00e9. Moira si muoveva come una dea tra nastri, fiori, e regali per gli ospiti con cura precisa e affettuosa: era la sposa e, allo stesso tempo, una perfetta wedding planner del proprio giorno. Marco le stava accanto, sorridendo, con quella complicit\u00e0 che racconta un amore pulito e divertente.<\/p>\n\n\n\n<p class=\"wp-block-paragraph\">Scrivere la loro storia \u00e8 stato per me naturale. Non ho dovuto \u201cinventare\u201d nulla, mi \u00e8 bastava ascoltarli davanti alle tazze fumanti di tisana in una sera d&#8217;autunno. Mentre preparavo il testo per la loro cerimonia celtica, le parole giungevano con facilit\u00e0 e sulla tastiera accompagnate da un silezioso sorriso che accompagnava il ricordo del loro incontro. Raccontare la loro storia davanti a loro, circondati da alberi e sguardi emozionati, \u00e8 stato uno di quei momenti in cui il lavoro di celebrante smette di essere lavoro e diventa incontro.<\/p>\n\n\n\n<p class=\"wp-block-paragraph\">C\u2019era un\u2019atmosfera semplice. Una giornata tiepida e una luce di primavera nascente che accompagnava due individui che scegliendo di unirsi secondo un rito naturale, hanno trovato un modo molto contemporaneo di dirsi \u201cci siamo, siamo qui, insieme, davanti alla vita\u201d. <\/p>\n\n\n\n<p class=\"wp-block-paragraph\">In un anno che \u00e8 stato ricco di matrimoni e celebrazioni, questo rester\u00e0 per me un inizio speciale. Non solo perch\u00e9 \u00e8 stato il primo, ma perch\u00e9 ha avuto una<strong> delicatezza<\/strong> and a <strong>forza prorompente<\/strong> come quella dei fiori nuovi. Mi ha ricordato che la semplicit\u00e0, quando nasce dall\u2019amore e dalla presenza, diventa automaticamente bellezza. <\/p>\n\n\n\n<p class=\"wp-block-paragraph\">A Moira e Marco va la mia gratitudine. Per la fiducia, per le emozioni condivise e per la cura con cui hanno vissuto ogni istante. Alcuni riti finiscono nel momento in cui si chiude la cerimonia. Altri, come il loro, continuano a camminare dentro chi li ha celebrati.<\/p>\n\n\n\n<p class=\"wp-block-paragraph\">Con affetto,<br><strong>Annemeton<\/strong><\/p>\n\n\n\n<p class=\"wp-block-paragraph\">Per scoprire come Moira e Marco hanno vissuto questa celebrazione e leggere la loro recensione, clicca <a href=\"https:\/\/celebrante.annemeton.com\/en\/recensioni\/\">qui<\/a>.<\/p>\n\n\n\n<figure class=\"wp-block-embed is-type-video is-provider-youtube wp-block-embed-youtube wp-embed-aspect-16-9 wp-has-aspect-ratio\"><div class=\"wp-block-embed__wrapper\">\n<div class=\"ast-oembed-container\" style=\"height: 100%;\"><iframe title=\"Matrimonio Celtico in Agriturismo: la cerimonia di Moira e Marco\" width=\"500\" height=\"281\" src=\"https:\/\/www.youtube.com\/embed\/b3mQQixawas?feature=oembed\" frameborder=\"0\" allow=\"accelerometer; autoplay; clipboard-write; encrypted-media; gyroscope; picture-in-picture; web-share\" referrerpolicy=\"strict-origin-when-cross-origin\" allowfullscreen><\/iframe><\/div>\n<\/div><\/figure>\n\n\n\n<p class=\"wp-block-paragraph\"><\/p>","protected":false},"excerpt":{"rendered":"<p>Il 12 aprile 2025 ho celebrato il matrimonio celtico di Moira e Marco, il mio primo dell\u2019anno. La cerimonia si \u00e8 svolta nel Parco Sud di Milano, tra querce e larici, in un agriturismo immerso nella natura. Moira e Marco hanno curato ogni dettaglio con amore e partecipazione, rendendo il rito semplice ma profondamente autentico. Celebrarli \u00e8 stato emozionante: la loro complicit\u00e0, la leggerezza e la verit\u00e0 del loro \u201cs\u00ec\u201d hanno reso questo inizio di stagione speciale e indimenticabile.<\/p>","protected":false},"author":2,"featured_media":3916,"comment_status":"open","ping_status":"closed","sticky":false,"template":"","format":"standard","meta":{"site-sidebar-layout":"default","site-content-layout":"","ast-site-content-layout":"default","site-content-style":"default","site-sidebar-style":"default","ast-global-header-display":"","ast-banner-title-visibility":"","ast-main-header-display":"","ast-hfb-above-header-display":"","ast-hfb-below-header-display":"","ast-hfb-mobile-header-display":"","site-post-title":"","ast-breadcrumbs-content":"","ast-featured-img":"disabled","footer-sml-layout":"","theme-transparent-header-meta":"","adv-header-id-meta":"","stick-header-meta":"","header-above-stick-meta":"","header-main-stick-meta":"","header-below-stick-meta":"","astra-migrate-meta-layouts":"set","ast-page-background-enabled":"default","ast-page-background-meta":{"desktop":{"background-color":"","background-image":"","background-repeat":"repeat","background-position":"center center","background-size":"auto","background-attachment":"scroll","background-type":"","background-media":"","overlay-type":"","overlay-color":"","overlay-gradient":""},"tablet":{"background-color":"","background-image":"","background-repeat":"repeat","background-position":"center center","background-size":"auto","background-attachment":"scroll","background-type":"","background-media":"","overlay-type":"","overlay-color":"","overlay-gradient":""},"mobile":{"background-color":"","background-image":"","background-repeat":"repeat","background-position":"center center","background-size":"auto","background-attachment":"scroll","background-type":"","background-media":"","overlay-type":"","overlay-color":"","overlay-gradient":""}},"ast-content-background-meta":{"desktop":{"background-color":"var(--ast-global-color-5)","background-image":"","background-repeat":"repeat","background-position":"center center","background-size":"auto","background-attachment":"scroll","background-type":"","background-media":"","overlay-type":"","overlay-color":"","overlay-gradient":""},"tablet":{"background-color":"var(--ast-global-color-5)","background-image":"","background-repeat":"repeat","background-position":"center center","background-size":"auto","background-attachment":"scroll","background-type":"","background-media":"","overlay-type":"","overlay-color":"","overlay-gradient":""},"mobile":{"background-color":"var(--ast-global-color-5)","background-image":"","background-repeat":"repeat","background-position":"center center","background-size":"auto","background-attachment":"scroll","background-type":"","background-media":"","overlay-type":"","overlay-color":"","overlay-gradient":""}},"footnotes":""},"categories":[25],"tags":[62],"class_list":["post-3914","post","type-post","status-publish","format-standard","has-post-thumbnail","hentry","category-matrimonio-celtico","tag-matrimonio-celtico-agriturismo"],"yoast_head":"<!-- This site is optimized with the Yoast SEO plugin v26.7 - https:\/\/yoast.com\/wordpress\/plugins\/seo\/ -->\n<title>Moira e Marco: un matrimonio celtico tra querce e larici - Annemeton - Celebrante naturale<\/title>\n<meta name=\"robots\" content=\"index, follow, max-snippet:-1, max-image-preview:large, max-video-preview:-1\" \/>\n<link rel=\"canonical\" href=\"https:\/\/celebrante.annemeton.com\/en\/moira-e-marco-un-matrimonio-celtico-tra-querce-e-larici\/\" \/>\n<meta property=\"og:locale\" content=\"en_GB\" \/>\n<meta property=\"og:type\" content=\"article\" \/>\n<meta property=\"og:title\" content=\"Moira e Marco: un matrimonio celtico tra querce e larici - Annemeton - Celebrante naturale\" \/>\n<meta property=\"og:description\" content=\"Il 12 aprile 2025 ho celebrato il matrimonio celtico di Moira e Marco, il mio primo dell\u2019anno. La cerimonia si \u00e8 svolta nel Parco Sud di Milano, tra querce e larici, in un agriturismo immerso nella natura. Moira e Marco hanno curato ogni dettaglio con amore e partecipazione, rendendo il rito semplice ma profondamente autentico. Celebrarli \u00e8 stato emozionante: la loro complicit\u00e0, la leggerezza e la verit\u00e0 del loro \u201cs\u00ec\u201d hanno reso questo inizio di stagione speciale e indimenticabile.\" \/>\n<meta property=\"og:url\" content=\"https:\/\/celebrante.annemeton.com\/en\/moira-e-marco-un-matrimonio-celtico-tra-querce-e-larici\/\" \/>\n<meta property=\"og:site_name\" content=\"Annemeton - Celebrante naturale\" \/>\n<meta property=\"article:published_time\" content=\"2026-01-13T16:42:40+00:00\" \/>\n<meta property=\"article:modified_time\" content=\"2026-01-27T13:08:55+00:00\" \/>\n<meta property=\"og:image\" content=\"https:\/\/celebrante.annemeton.com\/wp-content\/uploads\/2026\/01\/PHOTO-2025-06-04-16-15-09-2-1.jpg\" \/>\n\t<meta property=\"og:image:width\" content=\"617\" \/>\n\t<meta property=\"og:image:height\" content=\"504\" \/>\n\t<meta property=\"og:image:type\" content=\"image\/jpeg\" \/>\n<meta name=\"author\" content=\"Annemeton\" \/>\n<meta name=\"twitter:card\" content=\"summary_large_image\" \/>\n<meta name=\"twitter:label1\" content=\"Written by\" \/>\n\t<meta name=\"twitter:data1\" content=\"Annemeton\" \/>\n\t<meta name=\"twitter:label2\" content=\"Estimated reading time\" \/>\n\t<meta name=\"twitter:data2\" content=\"3 minutes\" \/>\n<script type=\"application\/ld+json\" class=\"yoast-schema-graph\">{\"@context\":\"https:\/\/schema.org\",\"@graph\":[{\"@type\":\"Article\",\"@id\":\"https:\/\/celebrante.annemeton.com\/moira-e-marco-un-matrimonio-celtico-tra-querce-e-larici\/#article\",\"isPartOf\":{\"@id\":\"https:\/\/celebrante.annemeton.com\/moira-e-marco-un-matrimonio-celtico-tra-querce-e-larici\/\"},\"author\":{\"name\":\"Annemeton\",\"@id\":\"https:\/\/celebrante.annemeton.com\/#\/schema\/person\/6d18f0ccfb559305bc62f8d7fd83ef1d\"},\"headline\":\"Moira e Marco: un matrimonio celtico tra querce e larici\",\"datePublished\":\"2026-01-13T16:42:40+00:00\",\"dateModified\":\"2026-01-27T13:08:55+00:00\",\"mainEntityOfPage\":{\"@id\":\"https:\/\/celebrante.annemeton.com\/moira-e-marco-un-matrimonio-celtico-tra-querce-e-larici\/\"},\"wordCount\":409,\"commentCount\":0,\"publisher\":{\"@id\":\"https:\/\/celebrante.annemeton.com\/#\/schema\/person\/6d18f0ccfb559305bc62f8d7fd83ef1d\"},\"image\":{\"@id\":\"https:\/\/celebrante.annemeton.com\/moira-e-marco-un-matrimonio-celtico-tra-querce-e-larici\/#primaryimage\"},\"thumbnailUrl\":\"https:\/\/celebrante.annemeton.com\/wp-content\/uploads\/2026\/01\/PHOTO-2025-06-04-16-15-09-2-1.jpg\",\"keywords\":[\"matrimonio celtico agriturismo\"],\"articleSection\":[\"Matrimonio celtico\"],\"inLanguage\":\"en-GB\",\"potentialAction\":[{\"@type\":\"CommentAction\",\"name\":\"Comment\",\"target\":[\"https:\/\/celebrante.annemeton.com\/moira-e-marco-un-matrimonio-celtico-tra-querce-e-larici\/#respond\"]}]},{\"@type\":\"WebPage\",\"@id\":\"https:\/\/celebrante.annemeton.com\/moira-e-marco-un-matrimonio-celtico-tra-querce-e-larici\/\",\"url\":\"https:\/\/celebrante.annemeton.com\/moira-e-marco-un-matrimonio-celtico-tra-querce-e-larici\/\",\"name\":\"Moira e Marco: un matrimonio celtico tra querce e larici - Annemeton - Celebrante naturale\",\"isPartOf\":{\"@id\":\"https:\/\/celebrante.annemeton.com\/#website\"},\"primaryImageOfPage\":{\"@id\":\"https:\/\/celebrante.annemeton.com\/moira-e-marco-un-matrimonio-celtico-tra-querce-e-larici\/#primaryimage\"},\"image\":{\"@id\":\"https:\/\/celebrante.annemeton.com\/moira-e-marco-un-matrimonio-celtico-tra-querce-e-larici\/#primaryimage\"},\"thumbnailUrl\":\"https:\/\/celebrante.annemeton.com\/wp-content\/uploads\/2026\/01\/PHOTO-2025-06-04-16-15-09-2-1.jpg\",\"datePublished\":\"2026-01-13T16:42:40+00:00\",\"dateModified\":\"2026-01-27T13:08:55+00:00\",\"breadcrumb\":{\"@id\":\"https:\/\/celebrante.annemeton.com\/moira-e-marco-un-matrimonio-celtico-tra-querce-e-larici\/#breadcrumb\"},\"inLanguage\":\"en-GB\",\"potentialAction\":[{\"@type\":\"ReadAction\",\"target\":[\"https:\/\/celebrante.annemeton.com\/moira-e-marco-un-matrimonio-celtico-tra-querce-e-larici\/\"]}]},{\"@type\":\"ImageObject\",\"inLanguage\":\"en-GB\",\"@id\":\"https:\/\/celebrante.annemeton.com\/moira-e-marco-un-matrimonio-celtico-tra-querce-e-larici\/#primaryimage\",\"url\":\"https:\/\/celebrante.annemeton.com\/wp-content\/uploads\/2026\/01\/PHOTO-2025-06-04-16-15-09-2-1.jpg\",\"contentUrl\":\"https:\/\/celebrante.annemeton.com\/wp-content\/uploads\/2026\/01\/PHOTO-2025-06-04-16-15-09-2-1.jpg\",\"width\":617,\"height\":504},{\"@type\":\"BreadcrumbList\",\"@id\":\"https:\/\/celebrante.annemeton.com\/moira-e-marco-un-matrimonio-celtico-tra-querce-e-larici\/#breadcrumb\",\"itemListElement\":[{\"@type\":\"ListItem\",\"position\":1,\"name\":\"Home\",\"item\":\"https:\/\/celebrante.annemeton.com\/\"},{\"@type\":\"ListItem\",\"position\":2,\"name\":\"Moira e Marco: un matrimonio celtico tra querce e larici\"}]},{\"@type\":\"WebSite\",\"@id\":\"https:\/\/celebrante.annemeton.com\/#website\",\"url\":\"https:\/\/celebrante.annemeton.com\/\",\"name\":\"Annemeton - Celebrante naturale\",\"description\":\"Celebrazioni naturali a Milano e dintorni\",\"publisher\":{\"@id\":\"https:\/\/celebrante.annemeton.com\/#\/schema\/person\/6d18f0ccfb559305bc62f8d7fd83ef1d\"},\"potentialAction\":[{\"@type\":\"SearchAction\",\"target\":{\"@type\":\"EntryPoint\",\"urlTemplate\":\"https:\/\/celebrante.annemeton.com\/?s={search_term_string}\"},\"query-input\":{\"@type\":\"PropertyValueSpecification\",\"valueRequired\":true,\"valueName\":\"search_term_string\"}}],\"inLanguage\":\"en-GB\"},{\"@type\":[\"Person\",\"Organization\"],\"@id\":\"https:\/\/celebrante.annemeton.com\/#\/schema\/person\/6d18f0ccfb559305bc62f8d7fd83ef1d\",\"name\":\"Annemeton\",\"image\":{\"@type\":\"ImageObject\",\"inLanguage\":\"en-GB\",\"@id\":\"https:\/\/celebrante.annemeton.com\/#\/schema\/person\/image\/\",\"url\":\"https:\/\/celebrante.annemeton.com\/wp-content\/uploads\/2023\/11\/cropped-annemeton-logo.png\",\"contentUrl\":\"https:\/\/celebrante.annemeton.com\/wp-content\/uploads\/2023\/11\/cropped-annemeton-logo.png\",\"width\":1583,\"height\":1583,\"caption\":\"Annemeton\"},\"logo\":{\"@id\":\"https:\/\/celebrante.annemeton.com\/#\/schema\/person\/image\/\"},\"description\":\"Celebrante professionale specializzata in matrimoni simbolici e celtici\",\"url\":\"https:\/\/celebrante.annemeton.com\/en\/author\/anna\/\"}]}<\/script>\n<!-- \/ Yoast SEO plugin. -->","yoast_head_json":{"title":"Moira e Marco: un matrimonio celtico tra querce e larici - Annemeton - Celebrante naturale","robots":{"index":"index","follow":"follow","max-snippet":"max-snippet:-1","max-image-preview":"max-image-preview:large","max-video-preview":"max-video-preview:-1"},"canonical":"https:\/\/celebrante.annemeton.com\/en\/moira-e-marco-un-matrimonio-celtico-tra-querce-e-larici\/","og_locale":"en_GB","og_type":"article","og_title":"Moira e Marco: un matrimonio celtico tra querce e larici - Annemeton - Celebrante naturale","og_description":"Il 12 aprile 2025 ho celebrato il matrimonio celtico di Moira e Marco, il mio primo dell\u2019anno. La cerimonia si \u00e8 svolta nel Parco Sud di Milano, tra querce e larici, in un agriturismo immerso nella natura. Moira e Marco hanno curato ogni dettaglio con amore e partecipazione, rendendo il rito semplice ma profondamente autentico. Celebrarli \u00e8 stato emozionante: la loro complicit\u00e0, la leggerezza e la verit\u00e0 del loro \u201cs\u00ec\u201d hanno reso questo inizio di stagione speciale e indimenticabile.","og_url":"https:\/\/celebrante.annemeton.com\/en\/moira-e-marco-un-matrimonio-celtico-tra-querce-e-larici\/","og_site_name":"Annemeton - Celebrante naturale","article_published_time":"2026-01-13T16:42:40+00:00","article_modified_time":"2026-01-27T13:08:55+00:00","og_image":[{"width":617,"height":504,"url":"https:\/\/celebrante.annemeton.com\/wp-content\/uploads\/2026\/01\/PHOTO-2025-06-04-16-15-09-2-1.jpg","type":"image\/jpeg"}],"author":"Annemeton","twitter_card":"summary_large_image","twitter_misc":{"Written by":"Annemeton","Estimated reading time":"3 minutes"},"schema":{"@context":"https:\/\/schema.org","@graph":[{"@type":"Article","@id":"https:\/\/celebrante.annemeton.com\/moira-e-marco-un-matrimonio-celtico-tra-querce-e-larici\/#article","isPartOf":{"@id":"https:\/\/celebrante.annemeton.com\/moira-e-marco-un-matrimonio-celtico-tra-querce-e-larici\/"},"author":{"name":"Annemeton","@id":"https:\/\/celebrante.annemeton.com\/#\/schema\/person\/6d18f0ccfb559305bc62f8d7fd83ef1d"},"headline":"Moira e Marco: un matrimonio celtico tra querce e larici","datePublished":"2026-01-13T16:42:40+00:00","dateModified":"2026-01-27T13:08:55+00:00","mainEntityOfPage":{"@id":"https:\/\/celebrante.annemeton.com\/moira-e-marco-un-matrimonio-celtico-tra-querce-e-larici\/"},"wordCount":409,"commentCount":0,"publisher":{"@id":"https:\/\/celebrante.annemeton.com\/#\/schema\/person\/6d18f0ccfb559305bc62f8d7fd83ef1d"},"image":{"@id":"https:\/\/celebrante.annemeton.com\/moira-e-marco-un-matrimonio-celtico-tra-querce-e-larici\/#primaryimage"},"thumbnailUrl":"https:\/\/celebrante.annemeton.com\/wp-content\/uploads\/2026\/01\/PHOTO-2025-06-04-16-15-09-2-1.jpg","keywords":["matrimonio celtico agriturismo"],"articleSection":["Matrimonio celtico"],"inLanguage":"en-GB","potentialAction":[{"@type":"CommentAction","name":"Comment","target":["https:\/\/celebrante.annemeton.com\/moira-e-marco-un-matrimonio-celtico-tra-querce-e-larici\/#respond"]}]},{"@type":"WebPage","@id":"https:\/\/celebrante.annemeton.com\/moira-e-marco-un-matrimonio-celtico-tra-querce-e-larici\/","url":"https:\/\/celebrante.annemeton.com\/moira-e-marco-un-matrimonio-celtico-tra-querce-e-larici\/","name":"Moira e Marco: un matrimonio celtico tra querce e larici - Annemeton - Celebrante naturale","isPartOf":{"@id":"https:\/\/celebrante.annemeton.com\/#website"},"primaryImageOfPage":{"@id":"https:\/\/celebrante.annemeton.com\/moira-e-marco-un-matrimonio-celtico-tra-querce-e-larici\/#primaryimage"},"image":{"@id":"https:\/\/celebrante.annemeton.com\/moira-e-marco-un-matrimonio-celtico-tra-querce-e-larici\/#primaryimage"},"thumbnailUrl":"https:\/\/celebrante.annemeton.com\/wp-content\/uploads\/2026\/01\/PHOTO-2025-06-04-16-15-09-2-1.jpg","datePublished":"2026-01-13T16:42:40+00:00","dateModified":"2026-01-27T13:08:55+00:00","breadcrumb":{"@id":"https:\/\/celebrante.annemeton.com\/moira-e-marco-un-matrimonio-celtico-tra-querce-e-larici\/#breadcrumb"},"inLanguage":"en-GB","potentialAction":[{"@type":"ReadAction","target":["https:\/\/celebrante.annemeton.com\/moira-e-marco-un-matrimonio-celtico-tra-querce-e-larici\/"]}]},{"@type":"ImageObject","inLanguage":"en-GB","@id":"https:\/\/celebrante.annemeton.com\/moira-e-marco-un-matrimonio-celtico-tra-querce-e-larici\/#primaryimage","url":"https:\/\/celebrante.annemeton.com\/wp-content\/uploads\/2026\/01\/PHOTO-2025-06-04-16-15-09-2-1.jpg","contentUrl":"https:\/\/celebrante.annemeton.com\/wp-content\/uploads\/2026\/01\/PHOTO-2025-06-04-16-15-09-2-1.jpg","width":617,"height":504},{"@type":"BreadcrumbList","@id":"https:\/\/celebrante.annemeton.com\/moira-e-marco-un-matrimonio-celtico-tra-querce-e-larici\/#breadcrumb","itemListElement":[{"@type":"ListItem","position":1,"name":"Home","item":"https:\/\/celebrante.annemeton.com\/"},{"@type":"ListItem","position":2,"name":"Moira e Marco: un matrimonio celtico tra querce e larici"}]},{"@type":"WebSite","@id":"https:\/\/celebrante.annemeton.com\/#website","url":"https:\/\/celebrante.annemeton.com\/","name":"Annemeton - Celebrante naturale","description":"Celebrazioni naturali a Milano e dintorni","publisher":{"@id":"https:\/\/celebrante.annemeton.com\/#\/schema\/person\/6d18f0ccfb559305bc62f8d7fd83ef1d"},"potentialAction":[{"@type":"SearchAction","target":{"@type":"EntryPoint","urlTemplate":"https:\/\/celebrante.annemeton.com\/?s={search_term_string}"},"query-input":{"@type":"PropertyValueSpecification","valueRequired":true,"valueName":"search_term_string"}}],"inLanguage":"en-GB"},{"@type":["Person","Organization"],"@id":"https:\/\/celebrante.annemeton.com\/#\/schema\/person\/6d18f0ccfb559305bc62f8d7fd83ef1d","name":"Annemeton","image":{"@type":"ImageObject","inLanguage":"en-GB","@id":"https:\/\/celebrante.annemeton.com\/#\/schema\/person\/image\/","url":"https:\/\/celebrante.annemeton.com\/wp-content\/uploads\/2023\/11\/cropped-annemeton-logo.png","contentUrl":"https:\/\/celebrante.annemeton.com\/wp-content\/uploads\/2023\/11\/cropped-annemeton-logo.png","width":1583,"height":1583,"caption":"Annemeton"},"logo":{"@id":"https:\/\/celebrante.annemeton.com\/#\/schema\/person\/image\/"},"description":"Celebrante professionale specializzata in matrimoni simbolici e celtici","url":"https:\/\/celebrante.annemeton.com\/en\/author\/anna\/"}]}},"_links":{"self":[{"href":"https:\/\/celebrante.annemeton.com\/en\/wp-json\/wp\/v2\/posts\/3914","targetHints":{"allow":["GET"]}}],"collection":[{"href":"https:\/\/celebrante.annemeton.com\/en\/wp-json\/wp\/v2\/posts"}],"about":[{"href":"https:\/\/celebrante.annemeton.com\/en\/wp-json\/wp\/v2\/types\/post"}],"author":[{"embeddable":true,"href":"https:\/\/celebrante.annemeton.com\/en\/wp-json\/wp\/v2\/users\/2"}],"replies":[{"embeddable":true,"href":"https:\/\/celebrante.annemeton.com\/en\/wp-json\/wp\/v2\/comments?post=3914"}],"version-history":[{"count":3,"href":"https:\/\/celebrante.annemeton.com\/en\/wp-json\/wp\/v2\/posts\/3914\/revisions"}],"predecessor-version":[{"id":3981,"href":"https:\/\/celebrante.annemeton.com\/en\/wp-json\/wp\/v2\/posts\/3914\/revisions\/3981"}],"wp:featuredmedia":[{"embeddable":true,"href":"https:\/\/celebrante.annemeton.com\/en\/wp-json\/wp\/v2\/media\/3916"}],"wp:attachment":[{"href":"https:\/\/celebrante.annemeton.com\/en\/wp-json\/wp\/v2\/media?parent=3914"}],"wp:term":[{"taxonomy":"category","embeddable":true,"href":"https:\/\/celebrante.annemeton.com\/en\/wp-json\/wp\/v2\/categories?post=3914"},{"taxonomy":"post_tag","embeddable":true,"href":"https:\/\/celebrante.annemeton.com\/en\/wp-json\/wp\/v2\/tags?post=3914"}],"curies":[{"name":"wp","href":"https:\/\/api.w.org\/{rel}","templated":true}]}}