{"id":3969,"date":"2026-01-26T15:37:55","date_gmt":"2026-01-26T15:37:55","guid":{"rendered":"https:\/\/celebrante.annemeton.com\/?p=3969"},"modified":"2026-01-26T15:41:37","modified_gmt":"2026-01-26T15:41:37","slug":"il-rito-simbolico-della-luce-uneredita-antica-che-attraversa-il-tempo","status":"publish","type":"post","link":"https:\/\/celebrante.annemeton.com\/en\/il-rito-simbolico-della-luce-uneredita-antica-che-attraversa-il-tempo\/","title":{"rendered":"Il rito simbolico della luce: un\u2019eredit\u00e0 antica che attraversa il tempo"},"content":{"rendered":"<p class=\"wp-block-paragraph\">Il rito simbolico della luce affonda le sue radici in una tradizione che attraversa culture e continenti, ma \u00e8 nei popoli celtici dell\u2019Europa antica che troviamo tracce particolarmente ricche e coerenti dell\u2019importanza del fuoco come elemento sacro, comunitario e trasformativo. Per i Celti, il fuoco non era semplicemente una fonte di calore o illuminazione, ma una vera e propria <strong>presenza spirituale<\/strong>, un <strong>principio vivo<\/strong> capace di mettere in comunicazione il mondo umano con quello invisibile.<\/p>\n\n\n\n<p class=\"wp-block-paragraph\">Nei grandi festival stagionali che scandivano l\u2019anno rituale: <strong>Imbolc, Beltane, Lughnasadh e Samhain<\/strong>, il fuoco era sempre al centro della celebrazione: fal\u00f2 accesi sulle colline, torce portate in processione, fiamme domestiche spente e riaccese a partire da un unico fuoco sacro comunitario\u00b9. Questi gesti non avevano solo un valore simbolico, ma rinsaldavano il senso di appartenenza e di continuit\u00e0 tra individui, famiglie e territorio.<\/p>\n\n\n\n<hr class=\"wp-block-separator has-alpha-channel-opacity\"\/>\n\n\n\n<h2 class=\"wp-block-heading\">Il fuoco sacro nelle fonti storiche e archeologiche<\/h2>\n\n\n\n<p class=\"wp-block-paragraph\">Le fonti classiche, come Strabone nella sua <em>Geografia<\/em> (I secolo a.C.), descrivono i druidi come custodi di un sapere profondamente legato agli elementi naturali\u00b2 e il fuoco emerge costantemente come simbolo di purificazione, protezione e rinnovamento. Anche Cesare, nel <em>De Bello Gallico<\/em>, accenna a ritualit\u00e0 collettive e a una spiritualit\u00e0 che trovava nella natura e nei suoi elementi la massima espressione del sacro.<\/p>\n\n\n\n<p class=\"wp-block-paragraph\">L\u2019archeologia conferma queste testimonianze: siti come <strong>Gournay-sur-Aronde<\/strong> in Francia e altri luoghi di culto dell\u2019Europa nord-occidentale mostrano strutture circolari, fosse rituali e tracce di combustione che suggeriscono l\u2019uso del fuoco in cerimonie collettive\u00b3, probabilmente legate a passaggi stagionali, alle unioni e ai momenti di trasformazione della comunit\u00e0. Il cerchio, forma ricorrente in questi spazi, rafforza l\u2019idea di continuit\u00e0, ciclicit\u00e0 e unione.<\/p>\n\n\n\n<hr class=\"wp-block-separator has-alpha-channel-opacity\"\/>\n\n\n\n<p class=\"wp-block-paragraph\">In questo contesto, il gesto di portare una fiamma individuale per alimentare un unico grande fuoco non era solo pratico, ma profondamente simbolico: significava <strong>offrire la propria energia, la propria storia e la propria presenza al bene comune<\/strong>. Ogni individuo contribuiva con la propria luce alla fiamma condivisa, rafforzando il legame tra il singolo e la comunit\u00e0.<\/p>\n\n\n\n<p class=\"wp-block-paragraph\">Il moderno rito delle candele, cos\u00ec come lo conosciamo oggi, \u00e8 l\u2019erede diretto e raffinato di questi gesti antichi. Quando proponiamo un rito della luce in una cerimonia simbolica, stiamo evocando quella stessa memoria ancestrale: ogni candela personale rappresenta un cammino individuale, una vita vissuta prima dell\u2019incontro, mentre la candela centrale diventa la nuova fiamma che nasce dall\u2019unione, senza annullare ci\u00f2 che c\u2019era prima.<\/p>\n\n\n\n<hr class=\"wp-block-separator has-alpha-channel-opacity\"\/>\n\n\n\n<h2 class=\"wp-block-heading\">La struttura rituale: la candela centrale e le candele individuali<\/h2>\n\n\n\n<p class=\"wp-block-paragraph\">Dal punto di vista rituale, la struttura \u00e8 semplice ma estremamente curata nei dettagli. Si predispone uno spazio simbolico con <strong>una candela centrale<\/strong>, solitamente un cero pi\u00f9 grande e stabile, che rappresenta l\u2019unione, il patto e il futuro condiviso. Tradizionalmente questo cero \u00e8 di <strong>colore bianco<\/strong>, simbolo di verit\u00e0, totalit\u00e0 e sintesi, ma in alcune tradizioni contemporanee si utilizza anche l\u2019<strong>avorio<\/strong> o l\u2019<strong>oro<\/strong> o il verde per richiamare la sacralit\u00e0 del legame, la preziosit\u00e0 dell\u2019unione e la continuit\u00e0 nel tempo.<\/p>\n\n\n\n<p class=\"wp-block-paragraph\">Accanto ad essa vengono collocate le <strong>candele individuali<\/strong>, una per ciascuno degli sposi (generalmente nel rito celtico la candela rossa \u00e8 per la donna e la candela bianca per l&#8217;uomo). Nulla vieta, per\u00f2, di scegliere colori simbolici pi\u00f9 personali: il verde per la crescita e la stabilit\u00e0, il rosso per la passione e la forza vitale, il blu per la profondit\u00e0 emotiva o la spiritualit\u00e0.<\/p>\n\n\n\n<hr class=\"wp-block-separator has-alpha-channel-opacity\"\/>\n\n\n\n<h2 class=\"wp-block-heading\">Il ruolo delle famiglie: la trasmissione della luce<\/h2>\n\n\n\n<p class=\"wp-block-paragraph\">Un aspetto particolarmente significativo e che amo proporre spesso, \u00e8 il coinvolgimento delle famiglie. Le candele individuali degli sposi possono infatti essere <strong>accese dai familiari<\/strong>, come i genitori o figure affettive importanti, a rappresentare il passaggio della luce, dell\u2019amore e delle radici da una generazione all\u2019altra.<\/p>\n\n\n\n<p class=\"wp-block-paragraph\">\u00c8 un gesto che commuove sempre, perch\u00e9 rende visibile qualcosa di profondamente vero: nessuno arriva a un\u2019unione da solo. Le famiglie, con la loro storia, le loro luci e anche le loro ombre, consegnano simbolicamente ci\u00f2 che hanno acceso nel tempo. Solo dopo questo passaggio, gli sposi prendono in mano le loro candele e, insieme, uniscono le fiamme per accendere il cero centrale.<\/p>\n\n\n\n<hr class=\"wp-block-separator has-alpha-channel-opacity\"\/>\n\n\n\n<h2 class=\"wp-block-heading\">L\u2019unione delle fiamme: un gesto antico e universale<\/h2>\n\n\n\n<p class=\"wp-block-paragraph\">Questo \u00e8 il cuore del rito: <strong>la nascita di una nuova luce<\/strong>, che non spegne le precedenti ma nasce grazie a esse, proprio come accadeva nei villaggi celtici quando ogni focolare domestico veniva riacceso dal grande fuoco comune. Spesso le candele individuali restano accese accanto alla candela di unione, a ricordare che l\u2019unione non cancella l\u2019identit\u00e0 personale, ma la custodisce e la onora.<\/p>\n\n\n\n<p class=\"wp-block-paragraph\">Ed \u00e8 forse questo il motivo per cui il rito della luce continua a parlare cos\u00ec profondamente anche alle persone di oggi: perch\u00e9 utilizza un linguaggio antichissimo, universale, immediatamente comprensibile. Ogni volta che una fiamma nasce davanti agli occhi di chi assiste, qualcosa si muove anche dentro, risvegliando una memoria arcaica e una curiosit\u00e0 sottile, come se quella luce stesse raccontando una storia che, in fondo, appartiene un po\u2019 a tutti noi.<\/p>\n\n\n\n<p class=\"wp-block-paragraph\">Annemeton<\/p>\n\n\n\n<hr class=\"wp-block-separator has-alpha-channel-opacity\"\/>\n\n\n\n<ol class=\"wp-block-list\">\n<li>Mircea Eliade, <em>Il sacro e il profano<\/em>, e studi comparativi sui rituali del fuoco nei festival indoeuropei.<\/li>\n\n\n\n<li>Strabone, <em>Geografia<\/em>, Libro IV, descrizioni delle pratiche religiose dei Galli.<\/li>\n\n\n\n<li>Brunaux, Jean-Louis, <em>Les Druides. Des philosophes chez les barbares<\/em>, Gallimard, studi archeologici sui santuari celtici e l\u2019uso rituale del fuoco.<\/li>\n<\/ol>\n\n\n\n<hr class=\"wp-block-separator has-alpha-channel-opacity\"\/>\n\n\n\n<p class=\"wp-block-paragraph\"><\/p>","protected":false},"excerpt":{"rendered":"<p>Il rito della luce \u00e8 un rituale simbolico di origine antica, ispirato alle tradizioni celtiche e ai riti del fuoco sacro, in cui la fiamma rappresenta la vita, la presenza e la scelta consapevole di unirsi. <\/p>","protected":false},"author":2,"featured_media":3970,"comment_status":"open","ping_status":"closed","sticky":false,"template":"","format":"standard","meta":{"site-sidebar-layout":"default","site-content-layout":"","ast-site-content-layout":"default","site-content-style":"default","site-sidebar-style":"default","ast-global-header-display":"","ast-banner-title-visibility":"","ast-main-header-display":"","ast-hfb-above-header-display":"","ast-hfb-below-header-display":"","ast-hfb-mobile-header-display":"","site-post-title":"","ast-breadcrumbs-content":"","ast-featured-img":"","footer-sml-layout":"","theme-transparent-header-meta":"","adv-header-id-meta":"","stick-header-meta":"","header-above-stick-meta":"","header-main-stick-meta":"","header-below-stick-meta":"","astra-migrate-meta-layouts":"set","ast-page-background-enabled":"default","ast-page-background-meta":{"desktop":{"background-color":"","background-image":"","background-repeat":"repeat","background-position":"center center","background-size":"auto","background-attachment":"scroll","background-type":"","background-media":"","overlay-type":"","overlay-color":"","overlay-gradient":""},"tablet":{"background-color":"","background-image":"","background-repeat":"repeat","background-position":"center center","background-size":"auto","background-attachment":"scroll","background-type":"","background-media":"","overlay-type":"","overlay-color":"","overlay-gradient":""},"mobile":{"background-color":"","background-image":"","background-repeat":"repeat","background-position":"center center","background-size":"auto","background-attachment":"scroll","background-type":"","background-media":"","overlay-type":"","overlay-color":"","overlay-gradient":""}},"ast-content-background-meta":{"desktop":{"background-color":"var(--ast-global-color-5)","background-image":"","background-repeat":"repeat","background-position":"center center","background-size":"auto","background-attachment":"scroll","background-type":"","background-media":"","overlay-type":"","overlay-color":"","overlay-gradient":""},"tablet":{"background-color":"var(--ast-global-color-5)","background-image":"","background-repeat":"repeat","background-position":"center center","background-size":"auto","background-attachment":"scroll","background-type":"","background-media":"","overlay-type":"","overlay-color":"","overlay-gradient":""},"mobile":{"background-color":"var(--ast-global-color-5)","background-image":"","background-repeat":"repeat","background-position":"center center","background-size":"auto","background-attachment":"scroll","background-type":"","background-media":"","overlay-type":"","overlay-color":"","overlay-gradient":""}},"footnotes":""},"categories":[30,31,28],"tags":[59,60,61],"class_list":["post-3969","post","type-post","status-publish","format-standard","has-post-thumbnail","hentry","category-matrimonio","category-matrimonio-civile","category-rito-simbolico","tag-rito-candele","tag-rito-luce","tag-storia-rito-candele"],"yoast_head":"<!-- This site is optimized with the Yoast SEO plugin v26.7 - https:\/\/yoast.com\/wordpress\/plugins\/seo\/ -->\n<title>Il rito simbolico della luce: un\u2019eredit\u00e0 antica che attraversa il tempo - Annemeton - Celebrante naturale<\/title>\n<meta name=\"robots\" content=\"index, follow, max-snippet:-1, max-image-preview:large, max-video-preview:-1\" \/>\n<link rel=\"canonical\" href=\"https:\/\/celebrante.annemeton.com\/en\/il-rito-simbolico-della-luce-uneredita-antica-che-attraversa-il-tempo\/\" \/>\n<meta property=\"og:locale\" content=\"en_GB\" \/>\n<meta property=\"og:type\" content=\"article\" \/>\n<meta property=\"og:title\" content=\"Il rito simbolico della luce: un\u2019eredit\u00e0 antica che attraversa il tempo - Annemeton - Celebrante naturale\" \/>\n<meta property=\"og:description\" content=\"Il rito della luce \u00e8 un rituale simbolico di origine antica, ispirato alle tradizioni celtiche e ai riti del fuoco sacro, in cui la fiamma rappresenta la vita, la presenza e la scelta consapevole di unirsi.\" \/>\n<meta property=\"og:url\" content=\"https:\/\/celebrante.annemeton.com\/en\/il-rito-simbolico-della-luce-uneredita-antica-che-attraversa-il-tempo\/\" \/>\n<meta property=\"og:site_name\" content=\"Annemeton - Celebrante naturale\" \/>\n<meta property=\"article:published_time\" content=\"2026-01-26T15:37:55+00:00\" \/>\n<meta property=\"article:modified_time\" content=\"2026-01-26T15:41:37+00:00\" \/>\n<meta property=\"og:image\" content=\"https:\/\/celebrante.annemeton.com\/wp-content\/uploads\/2026\/01\/SGS-55-scaled.jpg\" \/>\n\t<meta property=\"og:image:width\" content=\"1707\" \/>\n\t<meta property=\"og:image:height\" content=\"2560\" \/>\n\t<meta property=\"og:image:type\" content=\"image\/jpeg\" \/>\n<meta name=\"author\" content=\"Annemeton\" \/>\n<meta name=\"twitter:card\" content=\"summary_large_image\" \/>\n<meta name=\"twitter:label1\" content=\"Written by\" \/>\n\t<meta name=\"twitter:data1\" content=\"Annemeton\" \/>\n\t<meta name=\"twitter:label2\" content=\"Estimated reading time\" \/>\n\t<meta name=\"twitter:data2\" content=\"5 minutes\" \/>\n<script type=\"application\/ld+json\" class=\"yoast-schema-graph\">{\"@context\":\"https:\/\/schema.org\",\"@graph\":[{\"@type\":\"Article\",\"@id\":\"https:\/\/celebrante.annemeton.com\/il-rito-simbolico-della-luce-uneredita-antica-che-attraversa-il-tempo\/#article\",\"isPartOf\":{\"@id\":\"https:\/\/celebrante.annemeton.com\/il-rito-simbolico-della-luce-uneredita-antica-che-attraversa-il-tempo\/\"},\"author\":{\"name\":\"Annemeton\",\"@id\":\"https:\/\/celebrante.annemeton.com\/#\/schema\/person\/6d18f0ccfb559305bc62f8d7fd83ef1d\"},\"headline\":\"Il rito simbolico della luce: un\u2019eredit\u00e0 antica che attraversa il tempo\",\"datePublished\":\"2026-01-26T15:37:55+00:00\",\"dateModified\":\"2026-01-26T15:41:37+00:00\",\"mainEntityOfPage\":{\"@id\":\"https:\/\/celebrante.annemeton.com\/il-rito-simbolico-della-luce-uneredita-antica-che-attraversa-il-tempo\/\"},\"wordCount\":881,\"commentCount\":0,\"publisher\":{\"@id\":\"https:\/\/celebrante.annemeton.com\/#\/schema\/person\/6d18f0ccfb559305bc62f8d7fd83ef1d\"},\"image\":{\"@id\":\"https:\/\/celebrante.annemeton.com\/il-rito-simbolico-della-luce-uneredita-antica-che-attraversa-il-tempo\/#primaryimage\"},\"thumbnailUrl\":\"https:\/\/celebrante.annemeton.com\/wp-content\/uploads\/2026\/01\/SGS-55-scaled.jpg\",\"keywords\":[\"rito candele\",\"rito luce\",\"storia rito candele\"],\"articleSection\":[\"Matrimonio\",\"Matrimonio civile\",\"Matrimonio simbolico\"],\"inLanguage\":\"en-GB\",\"potentialAction\":[{\"@type\":\"CommentAction\",\"name\":\"Comment\",\"target\":[\"https:\/\/celebrante.annemeton.com\/il-rito-simbolico-della-luce-uneredita-antica-che-attraversa-il-tempo\/#respond\"]}]},{\"@type\":\"WebPage\",\"@id\":\"https:\/\/celebrante.annemeton.com\/il-rito-simbolico-della-luce-uneredita-antica-che-attraversa-il-tempo\/\",\"url\":\"https:\/\/celebrante.annemeton.com\/il-rito-simbolico-della-luce-uneredita-antica-che-attraversa-il-tempo\/\",\"name\":\"Il rito simbolico della luce: un\u2019eredit\u00e0 antica che attraversa il tempo - Annemeton - Celebrante naturale\",\"isPartOf\":{\"@id\":\"https:\/\/celebrante.annemeton.com\/#website\"},\"primaryImageOfPage\":{\"@id\":\"https:\/\/celebrante.annemeton.com\/il-rito-simbolico-della-luce-uneredita-antica-che-attraversa-il-tempo\/#primaryimage\"},\"image\":{\"@id\":\"https:\/\/celebrante.annemeton.com\/il-rito-simbolico-della-luce-uneredita-antica-che-attraversa-il-tempo\/#primaryimage\"},\"thumbnailUrl\":\"https:\/\/celebrante.annemeton.com\/wp-content\/uploads\/2026\/01\/SGS-55-scaled.jpg\",\"datePublished\":\"2026-01-26T15:37:55+00:00\",\"dateModified\":\"2026-01-26T15:41:37+00:00\",\"breadcrumb\":{\"@id\":\"https:\/\/celebrante.annemeton.com\/il-rito-simbolico-della-luce-uneredita-antica-che-attraversa-il-tempo\/#breadcrumb\"},\"inLanguage\":\"en-GB\",\"potentialAction\":[{\"@type\":\"ReadAction\",\"target\":[\"https:\/\/celebrante.annemeton.com\/il-rito-simbolico-della-luce-uneredita-antica-che-attraversa-il-tempo\/\"]}]},{\"@type\":\"ImageObject\",\"inLanguage\":\"en-GB\",\"@id\":\"https:\/\/celebrante.annemeton.com\/il-rito-simbolico-della-luce-uneredita-antica-che-attraversa-il-tempo\/#primaryimage\",\"url\":\"https:\/\/celebrante.annemeton.com\/wp-content\/uploads\/2026\/01\/SGS-55-scaled.jpg\",\"contentUrl\":\"https:\/\/celebrante.annemeton.com\/wp-content\/uploads\/2026\/01\/SGS-55-scaled.jpg\",\"width\":1707,\"height\":2560},{\"@type\":\"BreadcrumbList\",\"@id\":\"https:\/\/celebrante.annemeton.com\/il-rito-simbolico-della-luce-uneredita-antica-che-attraversa-il-tempo\/#breadcrumb\",\"itemListElement\":[{\"@type\":\"ListItem\",\"position\":1,\"name\":\"Home\",\"item\":\"https:\/\/celebrante.annemeton.com\/\"},{\"@type\":\"ListItem\",\"position\":2,\"name\":\"Il rito simbolico della luce: un\u2019eredit\u00e0 antica che attraversa il tempo\"}]},{\"@type\":\"WebSite\",\"@id\":\"https:\/\/celebrante.annemeton.com\/#website\",\"url\":\"https:\/\/celebrante.annemeton.com\/\",\"name\":\"Annemeton - Celebrante naturale\",\"description\":\"Celebrazioni naturali a Milano e dintorni\",\"publisher\":{\"@id\":\"https:\/\/celebrante.annemeton.com\/#\/schema\/person\/6d18f0ccfb559305bc62f8d7fd83ef1d\"},\"potentialAction\":[{\"@type\":\"SearchAction\",\"target\":{\"@type\":\"EntryPoint\",\"urlTemplate\":\"https:\/\/celebrante.annemeton.com\/?s={search_term_string}\"},\"query-input\":{\"@type\":\"PropertyValueSpecification\",\"valueRequired\":true,\"valueName\":\"search_term_string\"}}],\"inLanguage\":\"en-GB\"},{\"@type\":[\"Person\",\"Organization\"],\"@id\":\"https:\/\/celebrante.annemeton.com\/#\/schema\/person\/6d18f0ccfb559305bc62f8d7fd83ef1d\",\"name\":\"Annemeton\",\"image\":{\"@type\":\"ImageObject\",\"inLanguage\":\"en-GB\",\"@id\":\"https:\/\/celebrante.annemeton.com\/#\/schema\/person\/image\/\",\"url\":\"https:\/\/celebrante.annemeton.com\/wp-content\/uploads\/2023\/11\/cropped-annemeton-logo.png\",\"contentUrl\":\"https:\/\/celebrante.annemeton.com\/wp-content\/uploads\/2023\/11\/cropped-annemeton-logo.png\",\"width\":1583,\"height\":1583,\"caption\":\"Annemeton\"},\"logo\":{\"@id\":\"https:\/\/celebrante.annemeton.com\/#\/schema\/person\/image\/\"},\"description\":\"Celebrante professionale specializzata in matrimoni simbolici e celtici\",\"url\":\"https:\/\/celebrante.annemeton.com\/en\/author\/anna\/\"}]}<\/script>\n<!-- \/ Yoast SEO plugin. -->","yoast_head_json":{"title":"Il rito simbolico della luce: un\u2019eredit\u00e0 antica che attraversa il tempo - Annemeton - Celebrante naturale","robots":{"index":"index","follow":"follow","max-snippet":"max-snippet:-1","max-image-preview":"max-image-preview:large","max-video-preview":"max-video-preview:-1"},"canonical":"https:\/\/celebrante.annemeton.com\/en\/il-rito-simbolico-della-luce-uneredita-antica-che-attraversa-il-tempo\/","og_locale":"en_GB","og_type":"article","og_title":"Il rito simbolico della luce: un\u2019eredit\u00e0 antica che attraversa il tempo - Annemeton - Celebrante naturale","og_description":"Il rito della luce \u00e8 un rituale simbolico di origine antica, ispirato alle tradizioni celtiche e ai riti del fuoco sacro, in cui la fiamma rappresenta la vita, la presenza e la scelta consapevole di unirsi.","og_url":"https:\/\/celebrante.annemeton.com\/en\/il-rito-simbolico-della-luce-uneredita-antica-che-attraversa-il-tempo\/","og_site_name":"Annemeton - Celebrante naturale","article_published_time":"2026-01-26T15:37:55+00:00","article_modified_time":"2026-01-26T15:41:37+00:00","og_image":[{"width":1707,"height":2560,"url":"https:\/\/celebrante.annemeton.com\/wp-content\/uploads\/2026\/01\/SGS-55-scaled.jpg","type":"image\/jpeg"}],"author":"Annemeton","twitter_card":"summary_large_image","twitter_misc":{"Written by":"Annemeton","Estimated reading time":"5 minutes"},"schema":{"@context":"https:\/\/schema.org","@graph":[{"@type":"Article","@id":"https:\/\/celebrante.annemeton.com\/il-rito-simbolico-della-luce-uneredita-antica-che-attraversa-il-tempo\/#article","isPartOf":{"@id":"https:\/\/celebrante.annemeton.com\/il-rito-simbolico-della-luce-uneredita-antica-che-attraversa-il-tempo\/"},"author":{"name":"Annemeton","@id":"https:\/\/celebrante.annemeton.com\/#\/schema\/person\/6d18f0ccfb559305bc62f8d7fd83ef1d"},"headline":"Il rito simbolico della luce: un\u2019eredit\u00e0 antica che attraversa il tempo","datePublished":"2026-01-26T15:37:55+00:00","dateModified":"2026-01-26T15:41:37+00:00","mainEntityOfPage":{"@id":"https:\/\/celebrante.annemeton.com\/il-rito-simbolico-della-luce-uneredita-antica-che-attraversa-il-tempo\/"},"wordCount":881,"commentCount":0,"publisher":{"@id":"https:\/\/celebrante.annemeton.com\/#\/schema\/person\/6d18f0ccfb559305bc62f8d7fd83ef1d"},"image":{"@id":"https:\/\/celebrante.annemeton.com\/il-rito-simbolico-della-luce-uneredita-antica-che-attraversa-il-tempo\/#primaryimage"},"thumbnailUrl":"https:\/\/celebrante.annemeton.com\/wp-content\/uploads\/2026\/01\/SGS-55-scaled.jpg","keywords":["rito candele","rito luce","storia rito candele"],"articleSection":["Matrimonio","Matrimonio civile","Matrimonio simbolico"],"inLanguage":"en-GB","potentialAction":[{"@type":"CommentAction","name":"Comment","target":["https:\/\/celebrante.annemeton.com\/il-rito-simbolico-della-luce-uneredita-antica-che-attraversa-il-tempo\/#respond"]}]},{"@type":"WebPage","@id":"https:\/\/celebrante.annemeton.com\/il-rito-simbolico-della-luce-uneredita-antica-che-attraversa-il-tempo\/","url":"https:\/\/celebrante.annemeton.com\/il-rito-simbolico-della-luce-uneredita-antica-che-attraversa-il-tempo\/","name":"Il rito simbolico della luce: un\u2019eredit\u00e0 antica che attraversa il tempo - Annemeton - Celebrante naturale","isPartOf":{"@id":"https:\/\/celebrante.annemeton.com\/#website"},"primaryImageOfPage":{"@id":"https:\/\/celebrante.annemeton.com\/il-rito-simbolico-della-luce-uneredita-antica-che-attraversa-il-tempo\/#primaryimage"},"image":{"@id":"https:\/\/celebrante.annemeton.com\/il-rito-simbolico-della-luce-uneredita-antica-che-attraversa-il-tempo\/#primaryimage"},"thumbnailUrl":"https:\/\/celebrante.annemeton.com\/wp-content\/uploads\/2026\/01\/SGS-55-scaled.jpg","datePublished":"2026-01-26T15:37:55+00:00","dateModified":"2026-01-26T15:41:37+00:00","breadcrumb":{"@id":"https:\/\/celebrante.annemeton.com\/il-rito-simbolico-della-luce-uneredita-antica-che-attraversa-il-tempo\/#breadcrumb"},"inLanguage":"en-GB","potentialAction":[{"@type":"ReadAction","target":["https:\/\/celebrante.annemeton.com\/il-rito-simbolico-della-luce-uneredita-antica-che-attraversa-il-tempo\/"]}]},{"@type":"ImageObject","inLanguage":"en-GB","@id":"https:\/\/celebrante.annemeton.com\/il-rito-simbolico-della-luce-uneredita-antica-che-attraversa-il-tempo\/#primaryimage","url":"https:\/\/celebrante.annemeton.com\/wp-content\/uploads\/2026\/01\/SGS-55-scaled.jpg","contentUrl":"https:\/\/celebrante.annemeton.com\/wp-content\/uploads\/2026\/01\/SGS-55-scaled.jpg","width":1707,"height":2560},{"@type":"BreadcrumbList","@id":"https:\/\/celebrante.annemeton.com\/il-rito-simbolico-della-luce-uneredita-antica-che-attraversa-il-tempo\/#breadcrumb","itemListElement":[{"@type":"ListItem","position":1,"name":"Home","item":"https:\/\/celebrante.annemeton.com\/"},{"@type":"ListItem","position":2,"name":"Il rito simbolico della luce: un\u2019eredit\u00e0 antica che attraversa il tempo"}]},{"@type":"WebSite","@id":"https:\/\/celebrante.annemeton.com\/#website","url":"https:\/\/celebrante.annemeton.com\/","name":"Annemeton - Celebrante naturale","description":"Celebrazioni naturali a Milano e dintorni","publisher":{"@id":"https:\/\/celebrante.annemeton.com\/#\/schema\/person\/6d18f0ccfb559305bc62f8d7fd83ef1d"},"potentialAction":[{"@type":"SearchAction","target":{"@type":"EntryPoint","urlTemplate":"https:\/\/celebrante.annemeton.com\/?s={search_term_string}"},"query-input":{"@type":"PropertyValueSpecification","valueRequired":true,"valueName":"search_term_string"}}],"inLanguage":"en-GB"},{"@type":["Person","Organization"],"@id":"https:\/\/celebrante.annemeton.com\/#\/schema\/person\/6d18f0ccfb559305bc62f8d7fd83ef1d","name":"Annemeton","image":{"@type":"ImageObject","inLanguage":"en-GB","@id":"https:\/\/celebrante.annemeton.com\/#\/schema\/person\/image\/","url":"https:\/\/celebrante.annemeton.com\/wp-content\/uploads\/2023\/11\/cropped-annemeton-logo.png","contentUrl":"https:\/\/celebrante.annemeton.com\/wp-content\/uploads\/2023\/11\/cropped-annemeton-logo.png","width":1583,"height":1583,"caption":"Annemeton"},"logo":{"@id":"https:\/\/celebrante.annemeton.com\/#\/schema\/person\/image\/"},"description":"Celebrante professionale specializzata in matrimoni simbolici e celtici","url":"https:\/\/celebrante.annemeton.com\/en\/author\/anna\/"}]}},"_links":{"self":[{"href":"https:\/\/celebrante.annemeton.com\/en\/wp-json\/wp\/v2\/posts\/3969","targetHints":{"allow":["GET"]}}],"collection":[{"href":"https:\/\/celebrante.annemeton.com\/en\/wp-json\/wp\/v2\/posts"}],"about":[{"href":"https:\/\/celebrante.annemeton.com\/en\/wp-json\/wp\/v2\/types\/post"}],"author":[{"embeddable":true,"href":"https:\/\/celebrante.annemeton.com\/en\/wp-json\/wp\/v2\/users\/2"}],"replies":[{"embeddable":true,"href":"https:\/\/celebrante.annemeton.com\/en\/wp-json\/wp\/v2\/comments?post=3969"}],"version-history":[{"count":2,"href":"https:\/\/celebrante.annemeton.com\/en\/wp-json\/wp\/v2\/posts\/3969\/revisions"}],"predecessor-version":[{"id":3972,"href":"https:\/\/celebrante.annemeton.com\/en\/wp-json\/wp\/v2\/posts\/3969\/revisions\/3972"}],"wp:featuredmedia":[{"embeddable":true,"href":"https:\/\/celebrante.annemeton.com\/en\/wp-json\/wp\/v2\/media\/3970"}],"wp:attachment":[{"href":"https:\/\/celebrante.annemeton.com\/en\/wp-json\/wp\/v2\/media?parent=3969"}],"wp:term":[{"taxonomy":"category","embeddable":true,"href":"https:\/\/celebrante.annemeton.com\/en\/wp-json\/wp\/v2\/categories?post=3969"},{"taxonomy":"post_tag","embeddable":true,"href":"https:\/\/celebrante.annemeton.com\/en\/wp-json\/wp\/v2\/tags?post=3969"}],"curies":[{"name":"wp","href":"https:\/\/api.w.org\/{rel}","templated":true}]}}