{"id":4018,"date":"2026-02-13T09:00:28","date_gmt":"2026-02-13T09:00:28","guid":{"rendered":"https:\/\/celebrante.annemeton.com\/?p=4018"},"modified":"2026-02-13T09:10:27","modified_gmt":"2026-02-13T09:10:27","slug":"una-cerimonia-simbolica-ispirata-alla-scozia-tra-le-colline-di-brisighella","status":"publish","type":"post","link":"https:\/\/celebrante.annemeton.com\/en\/una-cerimonia-simbolica-ispirata-alla-scozia-tra-le-colline-di-brisighella\/","title":{"rendered":"Cerimonia simbolica scozzese tra le colline di Brisighella"},"content":{"rendered":"<p class=\"wp-block-paragraph\">A ripensare alla cerimonia simbolica di Eleonora e Paolo mi risuona ancora quel maggio ventoso e frizzante, tra emozioni palpabili e parole sentite, celebrata nel borgo medievale di Brisighella, tra le colline romagnole a pochi chilometri da Faenza. Brisighella non \u00e8 solo un luogo suggestivo: \u00e8 un borgo antico (tra i pi\u00f9 belli d&#8217; Italia!) che si adagia ai piedi di tre inconfondibili pinnacoli rocciosi. I reperti archeologici testimoniano insediamenti umani fin dall\u2019et\u00e0 neolitica; pi\u00f9 tardi arrivarono anche popolazioni di origine celtica, e poi i Romani, che valorizzarono questo territorio costruendo la Via Faentina, anticamente Via Antonina, percorsa dalle carovane che trasportavano il sale dalle saline di Cervia fino a Roma. <\/p>\n\n\n\n<p class=\"wp-block-paragraph\">Prima di arrivare al luogo della celebrazione, ho conosciuto Eleonora e Paolo prima online e poi di persona. Fin dal nostro primo incontro ho percepito con chiarezza il loro desiderio: non volevano una cerimonia \u201cstandard\u201d, ma un momento che raccontasse davvero la loro natura.<\/p>\n\n\n\n<p class=\"wp-block-paragraph\">La Scozia occupava un posto speciale nella loro storia. \u00c8 l\u00ec che \u00e8 avvenuta la proposta di nozze, in una terra fatta di storia e leggende, natura potente e un&#8217; aura gotica di romanticismo celtico. Abbiamo scelto di lasciarci ispirare proprio da quell\u2019energia: evocando atmosfere, sensazioni, simboli legati al viaggio, alla scelta e al cammino condiviso.<\/p>\n\n\n\n<p class=\"wp-block-paragraph\">La cerimonia \u00e8 stata costruita parola dopo parola intorno a loro. Ho raccontato la loro storia d\u2019amore, le tappe, le svolte, i sorrisi e le consapevolezze, abbiamo anche riso tanto durante il racconto&#8230;ma il momento pi\u00f9 intenso \u00e8 arrivato quando le persone a loro vicine hanno letto le loro dediche e successivamente si sono scambiati parole scritte di loro pugno, sulle note di una canzone che li aveva accompagnati. <\/p>\n\n\n\n<p class=\"wp-block-paragraph\">Quello che mi ha colpita profondamente \u00e8 stato il coinvolgimento degli ospiti. Sguardi lucidi, sorrisi, coinvolgimento totale&#8230;<\/p>\n\n\n\n<p class=\"wp-block-paragraph\">Per me, questo \u00e8 il senso pi\u00f9 profondo del mio lavoro. Creare uno spazio in cui le persone si sentano rappresentate, riconosciute, raccontate. Una cerimonia simbolica non \u00e8 un riempitivo tra un momento e l\u2019altro della giornata: \u00e8 il cuore pulsante di tutto.<\/p>\n\n\n\n<p class=\"wp-block-paragraph\">Eleonora e Paolo hanno portato autenticit\u00e0, dolcezza e intensit\u00e0. Io ho semplicemente dato forma alle loro emozioni. Ed \u00e8 stato un privilegio.<\/p>\n\n\n\n<p class=\"wp-block-paragraph\">Foto: Alessandra Cavicchi Photography https:\/\/www.alessandracavicchi.com\/<\/p>","protected":false},"excerpt":{"rendered":"<p>Nel borgo medievale di Brisighella, tra i suoi tre colli e un\u2019atmosfera senza tempo, ho celebrato la cerimonia simbolica di Eleonora e Paolo, ispirata alla Scozia dove \u00e8 nata la loro proposta di nozze. Un rito completamente personalizzato, costruito sulle loro parole, sulla loro storia d\u2019amore e sul coinvolgimento autentico di familiari e amici, trasformando la cerimonia nel cuore pulsante dell\u2019intera giornata.<\/p>","protected":false},"author":2,"featured_media":4013,"comment_status":"open","ping_status":"closed","sticky":false,"template":"","format":"standard","meta":{"site-sidebar-layout":"default","site-content-layout":"","ast-site-content-layout":"default","site-content-style":"default","site-sidebar-style":"default","ast-global-header-display":"","ast-banner-title-visibility":"","ast-main-header-display":"","ast-hfb-above-header-display":"","ast-hfb-below-header-display":"","ast-hfb-mobile-header-display":"","site-post-title":"","ast-breadcrumbs-content":"","ast-featured-img":"","footer-sml-layout":"","theme-transparent-header-meta":"","adv-header-id-meta":"","stick-header-meta":"","header-above-stick-meta":"","header-main-stick-meta":"","header-below-stick-meta":"","astra-migrate-meta-layouts":"set","ast-page-background-enabled":"default","ast-page-background-meta":{"desktop":{"background-color":"","background-image":"","background-repeat":"repeat","background-position":"center center","background-size":"auto","background-attachment":"scroll","background-type":"","background-media":"","overlay-type":"","overlay-color":"","overlay-gradient":""},"tablet":{"background-color":"","background-image":"","background-repeat":"repeat","background-position":"center center","background-size":"auto","background-attachment":"scroll","background-type":"","background-media":"","overlay-type":"","overlay-color":"","overlay-gradient":""},"mobile":{"background-color":"","background-image":"","background-repeat":"repeat","background-position":"center center","background-size":"auto","background-attachment":"scroll","background-type":"","background-media":"","overlay-type":"","overlay-color":"","overlay-gradient":""}},"ast-content-background-meta":{"desktop":{"background-color":"var(--ast-global-color-5)","background-image":"","background-repeat":"repeat","background-position":"center center","background-size":"auto","background-attachment":"scroll","background-type":"","background-media":"","overlay-type":"","overlay-color":"","overlay-gradient":""},"tablet":{"background-color":"var(--ast-global-color-5)","background-image":"","background-repeat":"repeat","background-position":"center center","background-size":"auto","background-attachment":"scroll","background-type":"","background-media":"","overlay-type":"","overlay-color":"","overlay-gradient":""},"mobile":{"background-color":"var(--ast-global-color-5)","background-image":"","background-repeat":"repeat","background-position":"center center","background-size":"auto","background-attachment":"scroll","background-type":"","background-media":"","overlay-type":"","overlay-color":"","overlay-gradient":""}},"footnotes":""},"categories":[30,13],"tags":[64,63,18,29,65,36],"class_list":["post-4018","post","type-post","status-publish","format-standard","has-post-thumbnail","hentry","category-matrimonio","category-senza-categoria-it","tag-borgomatrimonio","tag-borgonozze","tag-matrimonio","tag-matrimonio-simbolico","tag-matrimonioantico","tag-matrimonioscozzese"],"yoast_head":"<!-- This site is optimized with the Yoast SEO plugin v26.7 - https:\/\/yoast.com\/wordpress\/plugins\/seo\/ -->\n<title>Cerimonia simbolica scozzese tra le colline di Brisighella - Annemeton - Celebrante naturale<\/title>\n<meta name=\"robots\" content=\"index, follow, max-snippet:-1, max-image-preview:large, max-video-preview:-1\" \/>\n<link rel=\"canonical\" href=\"https:\/\/celebrante.annemeton.com\/en\/una-cerimonia-simbolica-ispirata-alla-scozia-tra-le-colline-di-brisighella\/\" \/>\n<meta property=\"og:locale\" content=\"en_GB\" \/>\n<meta property=\"og:type\" content=\"article\" \/>\n<meta property=\"og:title\" content=\"Cerimonia simbolica scozzese tra le colline di Brisighella - Annemeton - Celebrante naturale\" \/>\n<meta property=\"og:description\" content=\"Nel borgo medievale di Brisighella, tra i suoi tre colli e un\u2019atmosfera senza tempo, ho celebrato la cerimonia simbolica di Eleonora e Paolo, ispirata alla Scozia dove \u00e8 nata la loro proposta di nozze. Un rito completamente personalizzato, costruito sulle loro parole, sulla loro storia d\u2019amore e sul coinvolgimento autentico di familiari e amici, trasformando la cerimonia nel cuore pulsante dell\u2019intera giornata.\" \/>\n<meta property=\"og:url\" content=\"https:\/\/celebrante.annemeton.com\/en\/una-cerimonia-simbolica-ispirata-alla-scozia-tra-le-colline-di-brisighella\/\" \/>\n<meta property=\"og:site_name\" content=\"Annemeton - Celebrante naturale\" \/>\n<meta property=\"article:published_time\" content=\"2026-02-13T09:00:28+00:00\" \/>\n<meta property=\"article:modified_time\" content=\"2026-02-13T09:10:27+00:00\" \/>\n<meta property=\"og:image\" content=\"https:\/\/celebrante.annemeton.com\/wp-content\/uploads\/2026\/02\/PHOTO-2025-09-02-16-38-20.jpg\" \/>\n\t<meta property=\"og:image:width\" content=\"1120\" \/>\n\t<meta property=\"og:image:height\" content=\"1680\" \/>\n\t<meta property=\"og:image:type\" content=\"image\/jpeg\" \/>\n<meta name=\"author\" content=\"Annemeton\" \/>\n<meta name=\"twitter:card\" content=\"summary_large_image\" \/>\n<meta name=\"twitter:label1\" content=\"Written by\" \/>\n\t<meta name=\"twitter:data1\" content=\"Annemeton\" \/>\n\t<meta name=\"twitter:label2\" content=\"Estimated reading time\" \/>\n\t<meta name=\"twitter:data2\" content=\"3 minutes\" \/>\n<script type=\"application\/ld+json\" class=\"yoast-schema-graph\">{\"@context\":\"https:\/\/schema.org\",\"@graph\":[{\"@type\":\"Article\",\"@id\":\"https:\/\/celebrante.annemeton.com\/una-cerimonia-simbolica-ispirata-alla-scozia-tra-le-colline-di-brisighella\/#article\",\"isPartOf\":{\"@id\":\"https:\/\/celebrante.annemeton.com\/una-cerimonia-simbolica-ispirata-alla-scozia-tra-le-colline-di-brisighella\/\"},\"author\":{\"name\":\"Annemeton\",\"@id\":\"https:\/\/celebrante.annemeton.com\/#\/schema\/person\/6d18f0ccfb559305bc62f8d7fd83ef1d\"},\"headline\":\"Cerimonia simbolica scozzese tra le colline di Brisighella\",\"datePublished\":\"2026-02-13T09:00:28+00:00\",\"dateModified\":\"2026-02-13T09:10:27+00:00\",\"mainEntityOfPage\":{\"@id\":\"https:\/\/celebrante.annemeton.com\/una-cerimonia-simbolica-ispirata-alla-scozia-tra-le-colline-di-brisighella\/\"},\"wordCount\":372,\"commentCount\":0,\"publisher\":{\"@id\":\"https:\/\/celebrante.annemeton.com\/#\/schema\/person\/6d18f0ccfb559305bc62f8d7fd83ef1d\"},\"image\":{\"@id\":\"https:\/\/celebrante.annemeton.com\/una-cerimonia-simbolica-ispirata-alla-scozia-tra-le-colline-di-brisighella\/#primaryimage\"},\"thumbnailUrl\":\"https:\/\/celebrante.annemeton.com\/wp-content\/uploads\/2026\/02\/PHOTO-2025-09-02-16-38-20.jpg\",\"keywords\":[\"borgomatrimonio\",\"borgonozze\",\"matrimonio\",\"matrimonio simbolico\",\"matrimonioantico\",\"matrimonioscozzese\"],\"articleSection\":[\"Matrimonio\",\"Senza categoria\"],\"inLanguage\":\"en-GB\",\"potentialAction\":[{\"@type\":\"CommentAction\",\"name\":\"Comment\",\"target\":[\"https:\/\/celebrante.annemeton.com\/una-cerimonia-simbolica-ispirata-alla-scozia-tra-le-colline-di-brisighella\/#respond\"]}]},{\"@type\":\"WebPage\",\"@id\":\"https:\/\/celebrante.annemeton.com\/una-cerimonia-simbolica-ispirata-alla-scozia-tra-le-colline-di-brisighella\/\",\"url\":\"https:\/\/celebrante.annemeton.com\/una-cerimonia-simbolica-ispirata-alla-scozia-tra-le-colline-di-brisighella\/\",\"name\":\"Cerimonia simbolica scozzese tra le colline di Brisighella - Annemeton - Celebrante naturale\",\"isPartOf\":{\"@id\":\"https:\/\/celebrante.annemeton.com\/#website\"},\"primaryImageOfPage\":{\"@id\":\"https:\/\/celebrante.annemeton.com\/una-cerimonia-simbolica-ispirata-alla-scozia-tra-le-colline-di-brisighella\/#primaryimage\"},\"image\":{\"@id\":\"https:\/\/celebrante.annemeton.com\/una-cerimonia-simbolica-ispirata-alla-scozia-tra-le-colline-di-brisighella\/#primaryimage\"},\"thumbnailUrl\":\"https:\/\/celebrante.annemeton.com\/wp-content\/uploads\/2026\/02\/PHOTO-2025-09-02-16-38-20.jpg\",\"datePublished\":\"2026-02-13T09:00:28+00:00\",\"dateModified\":\"2026-02-13T09:10:27+00:00\",\"breadcrumb\":{\"@id\":\"https:\/\/celebrante.annemeton.com\/una-cerimonia-simbolica-ispirata-alla-scozia-tra-le-colline-di-brisighella\/#breadcrumb\"},\"inLanguage\":\"en-GB\",\"potentialAction\":[{\"@type\":\"ReadAction\",\"target\":[\"https:\/\/celebrante.annemeton.com\/una-cerimonia-simbolica-ispirata-alla-scozia-tra-le-colline-di-brisighella\/\"]}]},{\"@type\":\"ImageObject\",\"inLanguage\":\"en-GB\",\"@id\":\"https:\/\/celebrante.annemeton.com\/una-cerimonia-simbolica-ispirata-alla-scozia-tra-le-colline-di-brisighella\/#primaryimage\",\"url\":\"https:\/\/celebrante.annemeton.com\/wp-content\/uploads\/2026\/02\/PHOTO-2025-09-02-16-38-20.jpg\",\"contentUrl\":\"https:\/\/celebrante.annemeton.com\/wp-content\/uploads\/2026\/02\/PHOTO-2025-09-02-16-38-20.jpg\",\"width\":1120,\"height\":1680,\"caption\":\"Cerimonia simbolica a Brisighella con rito handfasting\"},{\"@type\":\"BreadcrumbList\",\"@id\":\"https:\/\/celebrante.annemeton.com\/una-cerimonia-simbolica-ispirata-alla-scozia-tra-le-colline-di-brisighella\/#breadcrumb\",\"itemListElement\":[{\"@type\":\"ListItem\",\"position\":1,\"name\":\"Home\",\"item\":\"https:\/\/celebrante.annemeton.com\/\"},{\"@type\":\"ListItem\",\"position\":2,\"name\":\"Cerimonia simbolica scozzese tra le colline di Brisighella\"}]},{\"@type\":\"WebSite\",\"@id\":\"https:\/\/celebrante.annemeton.com\/#website\",\"url\":\"https:\/\/celebrante.annemeton.com\/\",\"name\":\"Annemeton - Celebrante naturale\",\"description\":\"Celebrazioni naturali a Milano e dintorni\",\"publisher\":{\"@id\":\"https:\/\/celebrante.annemeton.com\/#\/schema\/person\/6d18f0ccfb559305bc62f8d7fd83ef1d\"},\"potentialAction\":[{\"@type\":\"SearchAction\",\"target\":{\"@type\":\"EntryPoint\",\"urlTemplate\":\"https:\/\/celebrante.annemeton.com\/?s={search_term_string}\"},\"query-input\":{\"@type\":\"PropertyValueSpecification\",\"valueRequired\":true,\"valueName\":\"search_term_string\"}}],\"inLanguage\":\"en-GB\"},{\"@type\":[\"Person\",\"Organization\"],\"@id\":\"https:\/\/celebrante.annemeton.com\/#\/schema\/person\/6d18f0ccfb559305bc62f8d7fd83ef1d\",\"name\":\"Annemeton\",\"image\":{\"@type\":\"ImageObject\",\"inLanguage\":\"en-GB\",\"@id\":\"https:\/\/celebrante.annemeton.com\/#\/schema\/person\/image\/\",\"url\":\"https:\/\/celebrante.annemeton.com\/wp-content\/uploads\/2023\/11\/cropped-annemeton-logo.png\",\"contentUrl\":\"https:\/\/celebrante.annemeton.com\/wp-content\/uploads\/2023\/11\/cropped-annemeton-logo.png\",\"width\":1583,\"height\":1583,\"caption\":\"Annemeton\"},\"logo\":{\"@id\":\"https:\/\/celebrante.annemeton.com\/#\/schema\/person\/image\/\"},\"description\":\"Celebrante professionale specializzata in matrimoni simbolici e celtici\",\"url\":\"https:\/\/celebrante.annemeton.com\/en\/author\/anna\/\"}]}<\/script>\n<!-- \/ Yoast SEO plugin. -->","yoast_head_json":{"title":"Cerimonia simbolica scozzese tra le colline di Brisighella - Annemeton - Celebrante naturale","robots":{"index":"index","follow":"follow","max-snippet":"max-snippet:-1","max-image-preview":"max-image-preview:large","max-video-preview":"max-video-preview:-1"},"canonical":"https:\/\/celebrante.annemeton.com\/en\/una-cerimonia-simbolica-ispirata-alla-scozia-tra-le-colline-di-brisighella\/","og_locale":"en_GB","og_type":"article","og_title":"Cerimonia simbolica scozzese tra le colline di Brisighella - Annemeton - Celebrante naturale","og_description":"Nel borgo medievale di Brisighella, tra i suoi tre colli e un\u2019atmosfera senza tempo, ho celebrato la cerimonia simbolica di Eleonora e Paolo, ispirata alla Scozia dove \u00e8 nata la loro proposta di nozze. Un rito completamente personalizzato, costruito sulle loro parole, sulla loro storia d\u2019amore e sul coinvolgimento autentico di familiari e amici, trasformando la cerimonia nel cuore pulsante dell\u2019intera giornata.","og_url":"https:\/\/celebrante.annemeton.com\/en\/una-cerimonia-simbolica-ispirata-alla-scozia-tra-le-colline-di-brisighella\/","og_site_name":"Annemeton - Celebrante naturale","article_published_time":"2026-02-13T09:00:28+00:00","article_modified_time":"2026-02-13T09:10:27+00:00","og_image":[{"width":1120,"height":1680,"url":"https:\/\/celebrante.annemeton.com\/wp-content\/uploads\/2026\/02\/PHOTO-2025-09-02-16-38-20.jpg","type":"image\/jpeg"}],"author":"Annemeton","twitter_card":"summary_large_image","twitter_misc":{"Written by":"Annemeton","Estimated reading time":"3 minutes"},"schema":{"@context":"https:\/\/schema.org","@graph":[{"@type":"Article","@id":"https:\/\/celebrante.annemeton.com\/una-cerimonia-simbolica-ispirata-alla-scozia-tra-le-colline-di-brisighella\/#article","isPartOf":{"@id":"https:\/\/celebrante.annemeton.com\/una-cerimonia-simbolica-ispirata-alla-scozia-tra-le-colline-di-brisighella\/"},"author":{"name":"Annemeton","@id":"https:\/\/celebrante.annemeton.com\/#\/schema\/person\/6d18f0ccfb559305bc62f8d7fd83ef1d"},"headline":"Cerimonia simbolica scozzese tra le colline di Brisighella","datePublished":"2026-02-13T09:00:28+00:00","dateModified":"2026-02-13T09:10:27+00:00","mainEntityOfPage":{"@id":"https:\/\/celebrante.annemeton.com\/una-cerimonia-simbolica-ispirata-alla-scozia-tra-le-colline-di-brisighella\/"},"wordCount":372,"commentCount":0,"publisher":{"@id":"https:\/\/celebrante.annemeton.com\/#\/schema\/person\/6d18f0ccfb559305bc62f8d7fd83ef1d"},"image":{"@id":"https:\/\/celebrante.annemeton.com\/una-cerimonia-simbolica-ispirata-alla-scozia-tra-le-colline-di-brisighella\/#primaryimage"},"thumbnailUrl":"https:\/\/celebrante.annemeton.com\/wp-content\/uploads\/2026\/02\/PHOTO-2025-09-02-16-38-20.jpg","keywords":["borgomatrimonio","borgonozze","matrimonio","matrimonio simbolico","matrimonioantico","matrimonioscozzese"],"articleSection":["Matrimonio","Senza categoria"],"inLanguage":"en-GB","potentialAction":[{"@type":"CommentAction","name":"Comment","target":["https:\/\/celebrante.annemeton.com\/una-cerimonia-simbolica-ispirata-alla-scozia-tra-le-colline-di-brisighella\/#respond"]}]},{"@type":"WebPage","@id":"https:\/\/celebrante.annemeton.com\/una-cerimonia-simbolica-ispirata-alla-scozia-tra-le-colline-di-brisighella\/","url":"https:\/\/celebrante.annemeton.com\/una-cerimonia-simbolica-ispirata-alla-scozia-tra-le-colline-di-brisighella\/","name":"Cerimonia simbolica scozzese tra le colline di Brisighella - Annemeton - Celebrante naturale","isPartOf":{"@id":"https:\/\/celebrante.annemeton.com\/#website"},"primaryImageOfPage":{"@id":"https:\/\/celebrante.annemeton.com\/una-cerimonia-simbolica-ispirata-alla-scozia-tra-le-colline-di-brisighella\/#primaryimage"},"image":{"@id":"https:\/\/celebrante.annemeton.com\/una-cerimonia-simbolica-ispirata-alla-scozia-tra-le-colline-di-brisighella\/#primaryimage"},"thumbnailUrl":"https:\/\/celebrante.annemeton.com\/wp-content\/uploads\/2026\/02\/PHOTO-2025-09-02-16-38-20.jpg","datePublished":"2026-02-13T09:00:28+00:00","dateModified":"2026-02-13T09:10:27+00:00","breadcrumb":{"@id":"https:\/\/celebrante.annemeton.com\/una-cerimonia-simbolica-ispirata-alla-scozia-tra-le-colline-di-brisighella\/#breadcrumb"},"inLanguage":"en-GB","potentialAction":[{"@type":"ReadAction","target":["https:\/\/celebrante.annemeton.com\/una-cerimonia-simbolica-ispirata-alla-scozia-tra-le-colline-di-brisighella\/"]}]},{"@type":"ImageObject","inLanguage":"en-GB","@id":"https:\/\/celebrante.annemeton.com\/una-cerimonia-simbolica-ispirata-alla-scozia-tra-le-colline-di-brisighella\/#primaryimage","url":"https:\/\/celebrante.annemeton.com\/wp-content\/uploads\/2026\/02\/PHOTO-2025-09-02-16-38-20.jpg","contentUrl":"https:\/\/celebrante.annemeton.com\/wp-content\/uploads\/2026\/02\/PHOTO-2025-09-02-16-38-20.jpg","width":1120,"height":1680,"caption":"Cerimonia simbolica a Brisighella con rito handfasting"},{"@type":"BreadcrumbList","@id":"https:\/\/celebrante.annemeton.com\/una-cerimonia-simbolica-ispirata-alla-scozia-tra-le-colline-di-brisighella\/#breadcrumb","itemListElement":[{"@type":"ListItem","position":1,"name":"Home","item":"https:\/\/celebrante.annemeton.com\/"},{"@type":"ListItem","position":2,"name":"Cerimonia simbolica scozzese tra le colline di Brisighella"}]},{"@type":"WebSite","@id":"https:\/\/celebrante.annemeton.com\/#website","url":"https:\/\/celebrante.annemeton.com\/","name":"Annemeton - Celebrante naturale","description":"Celebrazioni naturali a Milano e dintorni","publisher":{"@id":"https:\/\/celebrante.annemeton.com\/#\/schema\/person\/6d18f0ccfb559305bc62f8d7fd83ef1d"},"potentialAction":[{"@type":"SearchAction","target":{"@type":"EntryPoint","urlTemplate":"https:\/\/celebrante.annemeton.com\/?s={search_term_string}"},"query-input":{"@type":"PropertyValueSpecification","valueRequired":true,"valueName":"search_term_string"}}],"inLanguage":"en-GB"},{"@type":["Person","Organization"],"@id":"https:\/\/celebrante.annemeton.com\/#\/schema\/person\/6d18f0ccfb559305bc62f8d7fd83ef1d","name":"Annemeton","image":{"@type":"ImageObject","inLanguage":"en-GB","@id":"https:\/\/celebrante.annemeton.com\/#\/schema\/person\/image\/","url":"https:\/\/celebrante.annemeton.com\/wp-content\/uploads\/2023\/11\/cropped-annemeton-logo.png","contentUrl":"https:\/\/celebrante.annemeton.com\/wp-content\/uploads\/2023\/11\/cropped-annemeton-logo.png","width":1583,"height":1583,"caption":"Annemeton"},"logo":{"@id":"https:\/\/celebrante.annemeton.com\/#\/schema\/person\/image\/"},"description":"Celebrante professionale specializzata in matrimoni simbolici e celtici","url":"https:\/\/celebrante.annemeton.com\/en\/author\/anna\/"}]}},"_links":{"self":[{"href":"https:\/\/celebrante.annemeton.com\/en\/wp-json\/wp\/v2\/posts\/4018","targetHints":{"allow":["GET"]}}],"collection":[{"href":"https:\/\/celebrante.annemeton.com\/en\/wp-json\/wp\/v2\/posts"}],"about":[{"href":"https:\/\/celebrante.annemeton.com\/en\/wp-json\/wp\/v2\/types\/post"}],"author":[{"embeddable":true,"href":"https:\/\/celebrante.annemeton.com\/en\/wp-json\/wp\/v2\/users\/2"}],"replies":[{"embeddable":true,"href":"https:\/\/celebrante.annemeton.com\/en\/wp-json\/wp\/v2\/comments?post=4018"}],"version-history":[{"count":5,"href":"https:\/\/celebrante.annemeton.com\/en\/wp-json\/wp\/v2\/posts\/4018\/revisions"}],"predecessor-version":[{"id":4026,"href":"https:\/\/celebrante.annemeton.com\/en\/wp-json\/wp\/v2\/posts\/4018\/revisions\/4026"}],"wp:featuredmedia":[{"embeddable":true,"href":"https:\/\/celebrante.annemeton.com\/en\/wp-json\/wp\/v2\/media\/4013"}],"wp:attachment":[{"href":"https:\/\/celebrante.annemeton.com\/en\/wp-json\/wp\/v2\/media?parent=4018"}],"wp:term":[{"taxonomy":"category","embeddable":true,"href":"https:\/\/celebrante.annemeton.com\/en\/wp-json\/wp\/v2\/categories?post=4018"},{"taxonomy":"post_tag","embeddable":true,"href":"https:\/\/celebrante.annemeton.com\/en\/wp-json\/wp\/v2\/tags?post=4018"}],"curies":[{"name":"wp","href":"https:\/\/api.w.org\/{rel}","templated":true}]}}