{"id":4027,"date":"2026-02-14T05:24:29","date_gmt":"2026-02-14T05:24:29","guid":{"rendered":"https:\/\/celebrante.annemeton.com\/?p=4027"},"modified":"2026-04-01T09:34:41","modified_gmt":"2026-04-01T09:34:41","slug":"san-valentino-a-dublino-le-reliquie-nella-whitefriar-street-church-e-la-storia-del-santo-degli-innamorati","status":"publish","type":"post","link":"https:\/\/celebrante.annemeton.com\/en\/san-valentino-a-dublino-le-reliquie-nella-whitefriar-street-church-e-la-storia-del-santo-degli-innamorati\/","title":{"rendered":"San Valentino a Dublino: le reliquie nella Whitefriar Street Church e la storia del santo degli innamorati"},"content":{"rendered":"<p class=\"wp-block-paragraph\">Una delle storie pi\u00f9 curiose che ho sentito su Dublino \u00e8 che le reliquie di questo Santo dell&#8217; amore sono conservate proprio nel cuore di questa citt\u00e0 nella <strong><a href=\"https:\/\/whitefriarstreetchurch.com\/\">Whitefriar Street Carmelite Church<\/a><\/strong>, conosciuta anche come Church of Our Lady of Mount Carmel and Shrine of Saint Valentine.<\/p>\n\n\n\n<p class=\"wp-block-paragraph\">Qui si trovano alcune ossa del santo e una piccola ampolla con tracce del suo sangue, sigillate ufficialmente dalla Santa Sede. Sembra che non si tratti di una tradizione simbolica: a Dublino \u00e8 conservata una reliquia autentica di San Valentino, meta ogni anno di coppie, futuri sposi e persone che desiderano pregare per l\u2019amore.<\/p>\n\n\n\n<figure class=\"wp-block-image alignleft size-large\"><img fetchpriority=\"high\" decoding=\"async\" width=\"768\" height=\"1024\" src=\"https:\/\/celebrante.annemeton.com\/wp-content\/uploads\/2026\/02\/IMG_3440-768x1024.jpg\" alt=\"\" class=\"wp-image-4031\" srcset=\"https:\/\/celebrante.annemeton.com\/wp-content\/uploads\/2026\/02\/IMG_3440-768x1024.jpg 768w, https:\/\/celebrante.annemeton.com\/wp-content\/uploads\/2026\/02\/IMG_3440-225x300.jpg 225w, https:\/\/celebrante.annemeton.com\/wp-content\/uploads\/2026\/02\/IMG_3440-1152x1536.jpg 1152w, https:\/\/celebrante.annemeton.com\/wp-content\/uploads\/2026\/02\/IMG_3440-1536x2048.jpg 1536w, https:\/\/celebrante.annemeton.com\/wp-content\/uploads\/2026\/02\/IMG_3440-9x12.jpg 9w, https:\/\/celebrante.annemeton.com\/wp-content\/uploads\/2026\/02\/IMG_3440-scaled.jpg 1920w\" sizes=\"(max-width: 768px) 100vw, 768px\" \/><\/figure>\n\n\n\n<hr class=\"wp-block-separator has-alpha-channel-opacity\"\/>\n\n\n\n<h2 class=\"wp-block-heading\">Chi era davvero San Valentino?<\/h2>\n\n\n\n<p class=\"wp-block-paragraph\">San Valentino fu un sacerdote romano, forse anche vescovo, vissuto nel III secolo dopo Cristo. Le fonti non sono univoche, ma diverse tradizioni raccontano episodi che spiegano perch\u00e9 sia diventato il <strong>patrono degli innamorati<\/strong>.<\/p>\n\n\n\n<p class=\"wp-block-paragraph\">Una delle storie pi\u00f9 conosciute lo lega all\u2019imperatore Claudius Gothicus II. Si racconta che l\u2019imperatore avesse <strong>vietato i matrimoni <\/strong>perch\u00e9 i soldati sposati non potevano lasciare la propria casa nel primo anno di nozze. L\u2019esercito aveva bisogno di uomini e la vita di coppia diventava un ostacolo.<br>Valentino avrebbe continuato a celebrare matrimoni in segreto, <strong>sfidando il divieto.<\/strong> Arrestato, inizialmente ottenne persino il favore dell\u2019imperatore, ma quando tent\u00f2 di convertirlo al cristianesimo fu condannato a morte.<\/p>\n\n\n\n<p class=\"wp-block-paragraph\">Un\u2019altra tradizione racconta dei suoi ultimi giorni in prigione. Il carceriere gli affid\u00f2 la figlia cieca, Giulia. Valentino la cur\u00f2 e la istru\u00ec. La sera prima dell\u2019esecuzione le scrisse un biglietto firmandolo \u201cDal tuo Valentino\u201d. Quando la ragazza lo apr\u00ec, un fiore di croco cadde dal foglio e lei riacquist\u00f2 la vista.<\/p>\n\n\n\n<p class=\"wp-block-paragraph\">Valentino fu flagellato e poi decapitato il 14 febbraio, tra il 269 e il 273 d.C. La sua festa viene celebrata il 14 febbraio fin dal 496 d.C.<\/p>\n\n\n\n<h2 class=\"wp-block-heading\">Come sono arrivate le reliquie di San Valentino a Dublin<\/h2>\n\n\n\n<p class=\"wp-block-paragraph\">Le reliquie giunsero in Irlanda nel 1836.<br>Il carmelitano irlandese John Spratt, noto per il suo lavoro tra i poveri di Dublino, durante un viaggio a Roma ricevette in dono i resti del santo da Pope Gregorio XVI.<\/p>\n\n\n\n<p class=\"wp-block-paragraph\">In quel periodo erano in corso lavori presso l\u2019antica tomba del martire, durante i quali vennero ritrovati resti ossei, una piccola ampolla con tracce di sangue e altri oggetti. Parte di queste reliquie fu donata a Spratt come segno di stima per il suo ministero.<\/p>\n\n\n\n<p class=\"wp-block-paragraph\">Il 10 novembre 1836 il reliquiario arriv\u00f2 a Dublino e fu portato in processione solenne alla Whitefriar Street Church. Dopo un periodo meno visibile, negli anni \u201950 del Novecento venne realizzato l\u2019attuale altare dedicato al santo, permettendo ai fedeli di venerarlo ancora oggi.<\/p>\n\n\n\n<p class=\"wp-block-paragraph\">\u00c8 importante precisare che il reliquiario non contiene l\u2019intero corpo del santo, ma una parte delle sue spoglie.<\/p>\n\n\n\n<h2 class=\"wp-block-heading\">Visitare il Santuario di San Valentino a Dublino<\/h2>\n\n\n\n<p class=\"wp-block-paragraph\">Visitare la Whitefriar Street Church \u00e8 un\u2019esperienza semplice e autentica. Non \u00e8 un luogo turistico nel senso tradizionale, ma uno spazio di preghiera e silenzio nel centro di Dublino. Molte coppie scelgono di passare da qui prima del matrimonio. <\/p>\n\n\n\n<p class=\"wp-block-paragraph\">Come celebrante, sento un legame particolare con questo luogo. San Valentino \u00e8 diventato nel tempo il simbolo dell\u2019amore romantico, ma la sua storia parla soprattutto di scelte, di fedelt\u00e0 e di coraggio, al di l\u00e0 della scelta religiosa. Per chi si occupa di matrimoni, di promesse e di riti civili o simbolici, la sua figura rappresenta l\u2019idea che l\u2019amore meriti di essere riconosciuto, accompagnato e protetto.<\/p>\n\n\n\n<p class=\"wp-block-paragraph\">Che tu stia programmando un matrimonio, un viaggio romantico a Dublino, o semplicemente voglia celebrare il 14 febbraio con un significato pi\u00f9 consapevole, la storia di San Valentino invita a fermarsi un momento.<\/p>\n\n\n\n<p class=\"wp-block-paragraph\">Buona festa dell\u2019amore.<br>A chi \u00e8 in coppia.<br>A chi \u00e8 single.<br>A chi sta aspettando.<br>A chi ha appena ricominciato.<\/p>\n\n\n\n<p class=\"wp-block-paragraph\">Perch\u00e9 l\u2019amore non \u00e8 solo una ricorrenza: \u00e8 una scelta quotidiana.<\/p>\n\n\n\n<p class=\"wp-block-paragraph\">Annemeton <\/p>\n\n\n\n<p class=\"wp-block-paragraph\"><\/p>","protected":false},"excerpt":{"rendered":"<p>San Valentino fu un sacerdote romano vissuto nel III secolo, durante il regno dell\u2019imperatore Claudius Gothicus II.<br \/>\nLa sua memoria viene celebrata il 14 febbraio fin dal V secolo, e la sua figura \u00e8 diventata nel tempo simbolo di amore fedele, coraggioso e capace di resistere anche nelle difficolt\u00e0.<\/p>","protected":false},"author":2,"featured_media":4028,"comment_status":"open","ping_status":"closed","sticky":false,"template":"","format":"standard","meta":{"site-sidebar-layout":"default","site-content-layout":"","ast-site-content-layout":"default","site-content-style":"default","site-sidebar-style":"default","ast-global-header-display":"","ast-banner-title-visibility":"","ast-main-header-display":"","ast-hfb-above-header-display":"","ast-hfb-below-header-display":"","ast-hfb-mobile-header-display":"","site-post-title":"","ast-breadcrumbs-content":"","ast-featured-img":"","footer-sml-layout":"","theme-transparent-header-meta":"","adv-header-id-meta":"","stick-header-meta":"","header-above-stick-meta":"","header-main-stick-meta":"","header-below-stick-meta":"","astra-migrate-meta-layouts":"set","ast-page-background-enabled":"default","ast-page-background-meta":{"desktop":{"background-color":"","background-image":"","background-repeat":"repeat","background-position":"center center","background-size":"auto","background-attachment":"scroll","background-type":"","background-media":"","overlay-type":"","overlay-color":"","overlay-gradient":""},"tablet":{"background-color":"","background-image":"","background-repeat":"repeat","background-position":"center center","background-size":"auto","background-attachment":"scroll","background-type":"","background-media":"","overlay-type":"","overlay-color":"","overlay-gradient":""},"mobile":{"background-color":"","background-image":"","background-repeat":"repeat","background-position":"center center","background-size":"auto","background-attachment":"scroll","background-type":"","background-media":"","overlay-type":"","overlay-color":"","overlay-gradient":""}},"ast-content-background-meta":{"desktop":{"background-color":"var(--ast-global-color-5)","background-image":"","background-repeat":"repeat","background-position":"center center","background-size":"auto","background-attachment":"scroll","background-type":"","background-media":"","overlay-type":"","overlay-color":"","overlay-gradient":""},"tablet":{"background-color":"var(--ast-global-color-5)","background-image":"","background-repeat":"repeat","background-position":"center center","background-size":"auto","background-attachment":"scroll","background-type":"","background-media":"","overlay-type":"","overlay-color":"","overlay-gradient":""},"mobile":{"background-color":"var(--ast-global-color-5)","background-image":"","background-repeat":"repeat","background-position":"center center","background-size":"auto","background-attachment":"scroll","background-type":"","background-media":"","overlay-type":"","overlay-color":"","overlay-gradient":""}},"footnotes":""},"categories":[66,13],"tags":[89,84,88,80,69,68,74,73,86,76,77,70,81,78,82,87,85,67,83,75,72,71,79,90],"class_list":["post-4027","post","type-post","status-publish","format-standard","has-post-thumbnail","hentry","category-amore","category-senza-categoria-it","tag-14-febbraio-significato","tag-chi-era-san-valentino","tag-chiesa-san-valentino-dublino","tag-claudius-gothicus-ii","tag-festa-di-san-valentino","tag-leggenda-di-san-valentino","tag-martirio-di-san-valentino","tag-origine-san-valentino","tag-patrono-degli-innamorati","tag-reliquie-a-dublino","tag-reliquie-san-valentino","tag-san-valentino","tag-san-valentino-dublino","tag-san-valentino-e-matrimoni","tag-san-valentino-irlanda","tag-san-valentino-martire","tag-san-valentino-sacerdote-romano","tag-san-valentino-storia","tag-santo-degli-innamorati","tag-santuario-san-valentino","tag-storia-14-febbraio","tag-storia-di-san-valentino","tag-tradizioni-san-valentino","tag-whitefriar-street-church"],"yoast_head":"<!-- This site is optimized with the Yoast SEO plugin v26.7 - https:\/\/yoast.com\/wordpress\/plugins\/seo\/ -->\n<title>San Valentino a Dublino: le reliquie nella Whitefriar Street Church e la storia del santo degli innamorati - Annemeton - Celebrante naturale<\/title>\n<meta name=\"robots\" content=\"index, follow, max-snippet:-1, max-image-preview:large, max-video-preview:-1\" \/>\n<link rel=\"canonical\" href=\"https:\/\/celebrante.annemeton.com\/en\/san-valentino-a-dublino-le-reliquie-nella-whitefriar-street-church-e-la-storia-del-santo-degli-innamorati\/\" \/>\n<meta property=\"og:locale\" content=\"en_GB\" \/>\n<meta property=\"og:type\" content=\"article\" \/>\n<meta property=\"og:title\" content=\"San Valentino a Dublino: le reliquie nella Whitefriar Street Church e la storia del santo degli innamorati - Annemeton - Celebrante naturale\" \/>\n<meta property=\"og:description\" content=\"San Valentino fu un sacerdote romano vissuto nel III secolo, durante il regno dell\u2019imperatore Claudius Gothicus II. La sua memoria viene celebrata il 14 febbraio fin dal V secolo, e la sua figura \u00e8 diventata nel tempo simbolo di amore fedele, coraggioso e capace di resistere anche nelle difficolt\u00e0.\" \/>\n<meta property=\"og:url\" content=\"https:\/\/celebrante.annemeton.com\/en\/san-valentino-a-dublino-le-reliquie-nella-whitefriar-street-church-e-la-storia-del-santo-degli-innamorati\/\" \/>\n<meta property=\"og:site_name\" content=\"Annemeton - Celebrante naturale\" \/>\n<meta property=\"article:published_time\" content=\"2026-02-14T05:24:29+00:00\" \/>\n<meta property=\"article:modified_time\" content=\"2026-04-01T09:34:41+00:00\" \/>\n<meta property=\"og:image\" content=\"https:\/\/celebrante.annemeton.com\/wp-content\/uploads\/2026\/02\/IMG_3441-scaled.jpg\" \/>\n\t<meta property=\"og:image:width\" content=\"1920\" \/>\n\t<meta property=\"og:image:height\" content=\"2560\" \/>\n\t<meta property=\"og:image:type\" content=\"image\/jpeg\" \/>\n<meta name=\"author\" content=\"Annemeton\" \/>\n<meta name=\"twitter:card\" content=\"summary_large_image\" \/>\n<meta name=\"twitter:label1\" content=\"Written by\" \/>\n\t<meta name=\"twitter:data1\" content=\"Annemeton\" \/>\n\t<meta name=\"twitter:label2\" content=\"Estimated reading time\" \/>\n\t<meta name=\"twitter:data2\" content=\"4 minutes\" \/>\n<script type=\"application\/ld+json\" class=\"yoast-schema-graph\">{\"@context\":\"https:\/\/schema.org\",\"@graph\":[{\"@type\":\"Article\",\"@id\":\"https:\/\/celebrante.annemeton.com\/san-valentino-a-dublino-le-reliquie-nella-whitefriar-street-church-e-la-storia-del-santo-degli-innamorati\/#article\",\"isPartOf\":{\"@id\":\"https:\/\/celebrante.annemeton.com\/san-valentino-a-dublino-le-reliquie-nella-whitefriar-street-church-e-la-storia-del-santo-degli-innamorati\/\"},\"author\":{\"name\":\"Annemeton\",\"@id\":\"https:\/\/celebrante.annemeton.com\/#\/schema\/person\/6d18f0ccfb559305bc62f8d7fd83ef1d\"},\"headline\":\"San Valentino a Dublino: le reliquie nella Whitefriar Street Church e la storia del santo degli innamorati\",\"datePublished\":\"2026-02-14T05:24:29+00:00\",\"dateModified\":\"2026-04-01T09:34:41+00:00\",\"mainEntityOfPage\":{\"@id\":\"https:\/\/celebrante.annemeton.com\/san-valentino-a-dublino-le-reliquie-nella-whitefriar-street-church-e-la-storia-del-santo-degli-innamorati\/\"},\"wordCount\":644,\"commentCount\":0,\"publisher\":{\"@id\":\"https:\/\/celebrante.annemeton.com\/#\/schema\/person\/6d18f0ccfb559305bc62f8d7fd83ef1d\"},\"image\":{\"@id\":\"https:\/\/celebrante.annemeton.com\/san-valentino-a-dublino-le-reliquie-nella-whitefriar-street-church-e-la-storia-del-santo-degli-innamorati\/#primaryimage\"},\"thumbnailUrl\":\"https:\/\/celebrante.annemeton.com\/wp-content\/uploads\/2026\/02\/IMG_3441-scaled.jpg\",\"keywords\":[\"14 febbraio significato\",\"chi era san valentino\",\"chiesa san valentino dublino\",\"claudius gothicus ii\",\"festa di san valentino\",\"leggenda di san valentino\",\"martirio di san valentino\",\"origine san valentino\",\"patrono degli innamorati\",\"reliquie a dublino\",\"reliquie san valentino\",\"san valentino\",\"san valentino dublino\",\"san valentino e matrimoni\",\"san valentino irlanda\",\"san valentino martire\",\"san valentino sacerdote romano\",\"san valentino storia\",\"santo degli innamorati\",\"santuario san valentino\",\"storia 14 febbraio\",\"storia di san valentino\",\"tradizioni san valentino\",\"whitefriar street church\"],\"articleSection\":[\"Amore\",\"Senza categoria\"],\"inLanguage\":\"en-GB\",\"potentialAction\":[{\"@type\":\"CommentAction\",\"name\":\"Comment\",\"target\":[\"https:\/\/celebrante.annemeton.com\/san-valentino-a-dublino-le-reliquie-nella-whitefriar-street-church-e-la-storia-del-santo-degli-innamorati\/#respond\"]}]},{\"@type\":\"WebPage\",\"@id\":\"https:\/\/celebrante.annemeton.com\/san-valentino-a-dublino-le-reliquie-nella-whitefriar-street-church-e-la-storia-del-santo-degli-innamorati\/\",\"url\":\"https:\/\/celebrante.annemeton.com\/san-valentino-a-dublino-le-reliquie-nella-whitefriar-street-church-e-la-storia-del-santo-degli-innamorati\/\",\"name\":\"San Valentino a Dublino: le reliquie nella Whitefriar Street Church e la storia del santo degli innamorati - Annemeton - Celebrante naturale\",\"isPartOf\":{\"@id\":\"https:\/\/celebrante.annemeton.com\/#website\"},\"primaryImageOfPage\":{\"@id\":\"https:\/\/celebrante.annemeton.com\/san-valentino-a-dublino-le-reliquie-nella-whitefriar-street-church-e-la-storia-del-santo-degli-innamorati\/#primaryimage\"},\"image\":{\"@id\":\"https:\/\/celebrante.annemeton.com\/san-valentino-a-dublino-le-reliquie-nella-whitefriar-street-church-e-la-storia-del-santo-degli-innamorati\/#primaryimage\"},\"thumbnailUrl\":\"https:\/\/celebrante.annemeton.com\/wp-content\/uploads\/2026\/02\/IMG_3441-scaled.jpg\",\"datePublished\":\"2026-02-14T05:24:29+00:00\",\"dateModified\":\"2026-04-01T09:34:41+00:00\",\"breadcrumb\":{\"@id\":\"https:\/\/celebrante.annemeton.com\/san-valentino-a-dublino-le-reliquie-nella-whitefriar-street-church-e-la-storia-del-santo-degli-innamorati\/#breadcrumb\"},\"inLanguage\":\"en-GB\",\"potentialAction\":[{\"@type\":\"ReadAction\",\"target\":[\"https:\/\/celebrante.annemeton.com\/san-valentino-a-dublino-le-reliquie-nella-whitefriar-street-church-e-la-storia-del-santo-degli-innamorati\/\"]}]},{\"@type\":\"ImageObject\",\"inLanguage\":\"en-GB\",\"@id\":\"https:\/\/celebrante.annemeton.com\/san-valentino-a-dublino-le-reliquie-nella-whitefriar-street-church-e-la-storia-del-santo-degli-innamorati\/#primaryimage\",\"url\":\"https:\/\/celebrante.annemeton.com\/wp-content\/uploads\/2026\/02\/IMG_3441-scaled.jpg\",\"contentUrl\":\"https:\/\/celebrante.annemeton.com\/wp-content\/uploads\/2026\/02\/IMG_3441-scaled.jpg\",\"width\":1920,\"height\":2560,\"caption\":\"La statua di s.valentino a Dublino con le sue reliquie\"},{\"@type\":\"BreadcrumbList\",\"@id\":\"https:\/\/celebrante.annemeton.com\/san-valentino-a-dublino-le-reliquie-nella-whitefriar-street-church-e-la-storia-del-santo-degli-innamorati\/#breadcrumb\",\"itemListElement\":[{\"@type\":\"ListItem\",\"position\":1,\"name\":\"Home\",\"item\":\"https:\/\/celebrante.annemeton.com\/\"},{\"@type\":\"ListItem\",\"position\":2,\"name\":\"San Valentino a Dublino: le reliquie nella Whitefriar Street Church e la storia del santo degli innamorati\"}]},{\"@type\":\"WebSite\",\"@id\":\"https:\/\/celebrante.annemeton.com\/#website\",\"url\":\"https:\/\/celebrante.annemeton.com\/\",\"name\":\"Annemeton - Celebrante naturale\",\"description\":\"Celebrazioni naturali a Milano e dintorni\",\"publisher\":{\"@id\":\"https:\/\/celebrante.annemeton.com\/#\/schema\/person\/6d18f0ccfb559305bc62f8d7fd83ef1d\"},\"potentialAction\":[{\"@type\":\"SearchAction\",\"target\":{\"@type\":\"EntryPoint\",\"urlTemplate\":\"https:\/\/celebrante.annemeton.com\/?s={search_term_string}\"},\"query-input\":{\"@type\":\"PropertyValueSpecification\",\"valueRequired\":true,\"valueName\":\"search_term_string\"}}],\"inLanguage\":\"en-GB\"},{\"@type\":[\"Person\",\"Organization\"],\"@id\":\"https:\/\/celebrante.annemeton.com\/#\/schema\/person\/6d18f0ccfb559305bc62f8d7fd83ef1d\",\"name\":\"Annemeton\",\"image\":{\"@type\":\"ImageObject\",\"inLanguage\":\"en-GB\",\"@id\":\"https:\/\/celebrante.annemeton.com\/#\/schema\/person\/image\/\",\"url\":\"https:\/\/celebrante.annemeton.com\/wp-content\/uploads\/2023\/11\/cropped-annemeton-logo.png\",\"contentUrl\":\"https:\/\/celebrante.annemeton.com\/wp-content\/uploads\/2023\/11\/cropped-annemeton-logo.png\",\"width\":1583,\"height\":1583,\"caption\":\"Annemeton\"},\"logo\":{\"@id\":\"https:\/\/celebrante.annemeton.com\/#\/schema\/person\/image\/\"},\"description\":\"Celebrante professionale specializzata in matrimoni simbolici e celtici\",\"url\":\"https:\/\/celebrante.annemeton.com\/en\/author\/anna\/\"}]}<\/script>\n<!-- \/ Yoast SEO plugin. -->","yoast_head_json":{"title":"San Valentino a Dublino: le reliquie nella Whitefriar Street Church e la storia del santo degli innamorati - Annemeton - Celebrante naturale","robots":{"index":"index","follow":"follow","max-snippet":"max-snippet:-1","max-image-preview":"max-image-preview:large","max-video-preview":"max-video-preview:-1"},"canonical":"https:\/\/celebrante.annemeton.com\/en\/san-valentino-a-dublino-le-reliquie-nella-whitefriar-street-church-e-la-storia-del-santo-degli-innamorati\/","og_locale":"en_GB","og_type":"article","og_title":"San Valentino a Dublino: le reliquie nella Whitefriar Street Church e la storia del santo degli innamorati - Annemeton - Celebrante naturale","og_description":"San Valentino fu un sacerdote romano vissuto nel III secolo, durante il regno dell\u2019imperatore Claudius Gothicus II. La sua memoria viene celebrata il 14 febbraio fin dal V secolo, e la sua figura \u00e8 diventata nel tempo simbolo di amore fedele, coraggioso e capace di resistere anche nelle difficolt\u00e0.","og_url":"https:\/\/celebrante.annemeton.com\/en\/san-valentino-a-dublino-le-reliquie-nella-whitefriar-street-church-e-la-storia-del-santo-degli-innamorati\/","og_site_name":"Annemeton - Celebrante naturale","article_published_time":"2026-02-14T05:24:29+00:00","article_modified_time":"2026-04-01T09:34:41+00:00","og_image":[{"width":1920,"height":2560,"url":"https:\/\/celebrante.annemeton.com\/wp-content\/uploads\/2026\/02\/IMG_3441-scaled.jpg","type":"image\/jpeg"}],"author":"Annemeton","twitter_card":"summary_large_image","twitter_misc":{"Written by":"Annemeton","Estimated reading time":"4 minutes"},"schema":{"@context":"https:\/\/schema.org","@graph":[{"@type":"Article","@id":"https:\/\/celebrante.annemeton.com\/san-valentino-a-dublino-le-reliquie-nella-whitefriar-street-church-e-la-storia-del-santo-degli-innamorati\/#article","isPartOf":{"@id":"https:\/\/celebrante.annemeton.com\/san-valentino-a-dublino-le-reliquie-nella-whitefriar-street-church-e-la-storia-del-santo-degli-innamorati\/"},"author":{"name":"Annemeton","@id":"https:\/\/celebrante.annemeton.com\/#\/schema\/person\/6d18f0ccfb559305bc62f8d7fd83ef1d"},"headline":"San Valentino a Dublino: le reliquie nella Whitefriar Street Church e la storia del santo degli innamorati","datePublished":"2026-02-14T05:24:29+00:00","dateModified":"2026-04-01T09:34:41+00:00","mainEntityOfPage":{"@id":"https:\/\/celebrante.annemeton.com\/san-valentino-a-dublino-le-reliquie-nella-whitefriar-street-church-e-la-storia-del-santo-degli-innamorati\/"},"wordCount":644,"commentCount":0,"publisher":{"@id":"https:\/\/celebrante.annemeton.com\/#\/schema\/person\/6d18f0ccfb559305bc62f8d7fd83ef1d"},"image":{"@id":"https:\/\/celebrante.annemeton.com\/san-valentino-a-dublino-le-reliquie-nella-whitefriar-street-church-e-la-storia-del-santo-degli-innamorati\/#primaryimage"},"thumbnailUrl":"https:\/\/celebrante.annemeton.com\/wp-content\/uploads\/2026\/02\/IMG_3441-scaled.jpg","keywords":["14 febbraio significato","chi era san valentino","chiesa san valentino dublino","claudius gothicus ii","festa di san valentino","leggenda di san valentino","martirio di san valentino","origine san valentino","patrono degli innamorati","reliquie a dublino","reliquie san valentino","san valentino","san valentino dublino","san valentino e matrimoni","san valentino irlanda","san valentino martire","san valentino sacerdote romano","san valentino storia","santo degli innamorati","santuario san valentino","storia 14 febbraio","storia di san valentino","tradizioni san valentino","whitefriar street church"],"articleSection":["Amore","Senza categoria"],"inLanguage":"en-GB","potentialAction":[{"@type":"CommentAction","name":"Comment","target":["https:\/\/celebrante.annemeton.com\/san-valentino-a-dublino-le-reliquie-nella-whitefriar-street-church-e-la-storia-del-santo-degli-innamorati\/#respond"]}]},{"@type":"WebPage","@id":"https:\/\/celebrante.annemeton.com\/san-valentino-a-dublino-le-reliquie-nella-whitefriar-street-church-e-la-storia-del-santo-degli-innamorati\/","url":"https:\/\/celebrante.annemeton.com\/san-valentino-a-dublino-le-reliquie-nella-whitefriar-street-church-e-la-storia-del-santo-degli-innamorati\/","name":"San Valentino a Dublino: le reliquie nella Whitefriar Street Church e la storia del santo degli innamorati - Annemeton - Celebrante naturale","isPartOf":{"@id":"https:\/\/celebrante.annemeton.com\/#website"},"primaryImageOfPage":{"@id":"https:\/\/celebrante.annemeton.com\/san-valentino-a-dublino-le-reliquie-nella-whitefriar-street-church-e-la-storia-del-santo-degli-innamorati\/#primaryimage"},"image":{"@id":"https:\/\/celebrante.annemeton.com\/san-valentino-a-dublino-le-reliquie-nella-whitefriar-street-church-e-la-storia-del-santo-degli-innamorati\/#primaryimage"},"thumbnailUrl":"https:\/\/celebrante.annemeton.com\/wp-content\/uploads\/2026\/02\/IMG_3441-scaled.jpg","datePublished":"2026-02-14T05:24:29+00:00","dateModified":"2026-04-01T09:34:41+00:00","breadcrumb":{"@id":"https:\/\/celebrante.annemeton.com\/san-valentino-a-dublino-le-reliquie-nella-whitefriar-street-church-e-la-storia-del-santo-degli-innamorati\/#breadcrumb"},"inLanguage":"en-GB","potentialAction":[{"@type":"ReadAction","target":["https:\/\/celebrante.annemeton.com\/san-valentino-a-dublino-le-reliquie-nella-whitefriar-street-church-e-la-storia-del-santo-degli-innamorati\/"]}]},{"@type":"ImageObject","inLanguage":"en-GB","@id":"https:\/\/celebrante.annemeton.com\/san-valentino-a-dublino-le-reliquie-nella-whitefriar-street-church-e-la-storia-del-santo-degli-innamorati\/#primaryimage","url":"https:\/\/celebrante.annemeton.com\/wp-content\/uploads\/2026\/02\/IMG_3441-scaled.jpg","contentUrl":"https:\/\/celebrante.annemeton.com\/wp-content\/uploads\/2026\/02\/IMG_3441-scaled.jpg","width":1920,"height":2560,"caption":"La statua di s.valentino a Dublino con le sue reliquie"},{"@type":"BreadcrumbList","@id":"https:\/\/celebrante.annemeton.com\/san-valentino-a-dublino-le-reliquie-nella-whitefriar-street-church-e-la-storia-del-santo-degli-innamorati\/#breadcrumb","itemListElement":[{"@type":"ListItem","position":1,"name":"Home","item":"https:\/\/celebrante.annemeton.com\/"},{"@type":"ListItem","position":2,"name":"San Valentino a Dublino: le reliquie nella Whitefriar Street Church e la storia del santo degli innamorati"}]},{"@type":"WebSite","@id":"https:\/\/celebrante.annemeton.com\/#website","url":"https:\/\/celebrante.annemeton.com\/","name":"Annemeton - Celebrante naturale","description":"Celebrazioni naturali a Milano e dintorni","publisher":{"@id":"https:\/\/celebrante.annemeton.com\/#\/schema\/person\/6d18f0ccfb559305bc62f8d7fd83ef1d"},"potentialAction":[{"@type":"SearchAction","target":{"@type":"EntryPoint","urlTemplate":"https:\/\/celebrante.annemeton.com\/?s={search_term_string}"},"query-input":{"@type":"PropertyValueSpecification","valueRequired":true,"valueName":"search_term_string"}}],"inLanguage":"en-GB"},{"@type":["Person","Organization"],"@id":"https:\/\/celebrante.annemeton.com\/#\/schema\/person\/6d18f0ccfb559305bc62f8d7fd83ef1d","name":"Annemeton","image":{"@type":"ImageObject","inLanguage":"en-GB","@id":"https:\/\/celebrante.annemeton.com\/#\/schema\/person\/image\/","url":"https:\/\/celebrante.annemeton.com\/wp-content\/uploads\/2023\/11\/cropped-annemeton-logo.png","contentUrl":"https:\/\/celebrante.annemeton.com\/wp-content\/uploads\/2023\/11\/cropped-annemeton-logo.png","width":1583,"height":1583,"caption":"Annemeton"},"logo":{"@id":"https:\/\/celebrante.annemeton.com\/#\/schema\/person\/image\/"},"description":"Celebrante professionale specializzata in matrimoni simbolici e celtici","url":"https:\/\/celebrante.annemeton.com\/en\/author\/anna\/"}]}},"_links":{"self":[{"href":"https:\/\/celebrante.annemeton.com\/en\/wp-json\/wp\/v2\/posts\/4027","targetHints":{"allow":["GET"]}}],"collection":[{"href":"https:\/\/celebrante.annemeton.com\/en\/wp-json\/wp\/v2\/posts"}],"about":[{"href":"https:\/\/celebrante.annemeton.com\/en\/wp-json\/wp\/v2\/types\/post"}],"author":[{"embeddable":true,"href":"https:\/\/celebrante.annemeton.com\/en\/wp-json\/wp\/v2\/users\/2"}],"replies":[{"embeddable":true,"href":"https:\/\/celebrante.annemeton.com\/en\/wp-json\/wp\/v2\/comments?post=4027"}],"version-history":[{"count":8,"href":"https:\/\/celebrante.annemeton.com\/en\/wp-json\/wp\/v2\/posts\/4027\/revisions"}],"predecessor-version":[{"id":4054,"href":"https:\/\/celebrante.annemeton.com\/en\/wp-json\/wp\/v2\/posts\/4027\/revisions\/4054"}],"wp:featuredmedia":[{"embeddable":true,"href":"https:\/\/celebrante.annemeton.com\/en\/wp-json\/wp\/v2\/media\/4028"}],"wp:attachment":[{"href":"https:\/\/celebrante.annemeton.com\/en\/wp-json\/wp\/v2\/media?parent=4027"}],"wp:term":[{"taxonomy":"category","embeddable":true,"href":"https:\/\/celebrante.annemeton.com\/en\/wp-json\/wp\/v2\/categories?post=4027"},{"taxonomy":"post_tag","embeddable":true,"href":"https:\/\/celebrante.annemeton.com\/en\/wp-json\/wp\/v2\/tags?post=4027"}],"curies":[{"name":"wp","href":"https:\/\/api.w.org\/{rel}","templated":true}]}}