{"id":4049,"date":"2026-04-01T09:27:11","date_gmt":"2026-04-01T09:27:11","guid":{"rendered":"https:\/\/celebrante.annemeton.com\/?p=4049"},"modified":"2026-04-01T09:33:40","modified_gmt":"2026-04-01T09:33:40","slug":"rinnovo-matrimonio-celtico-con-cerimonia-del-nome-bimbo","status":"publish","type":"post","link":"https:\/\/celebrante.annemeton.com\/en\/rinnovo-matrimonio-celtico-con-cerimonia-del-nome-bimbo\/","title":{"rendered":"Rinnovo Matrimonio Celtico con Cerimonia del nome bimbo"},"content":{"rendered":"<p class=\"wp-block-paragraph\">Il 2 giugno 2026, Greta e Gianpaolo hanno scelto di celebrare di nuovo la loro unione con un rinnovo del matrimonio celtico nel giardino della loro casa a Milano. <\/p>\n\n\n\n<p class=\"wp-block-paragraph\">Nel matrimonio celtico si parla spesso di unione \u201cper un anno e un giorno\u201d perch\u00e9 il tempo non \u00e8 visto come qualcosa di definitivo, ma come un ciclo che si rinnova. Questo periodo rappresenta un tempo completo: attraversa le quattro stagioni, i cambiamenti, le prove e le trasformazioni naturali della vita. Arrivati a quel punto, la coppia non d\u00e0 per scontato il legame, ma sceglie consapevolmente se rinnovarlo. Il rinnovo, quindi, non \u00e8 un obbligo, ma un atto intenzionale: \u00e8 dirsi ancora \u201cs\u00ec\u201d dopo aver vissuto davvero insieme, con maggiore consapevolezza e presenza.<\/p>\n\n\n\n<p class=\"wp-block-paragraph\">Una scelta che, per chi non conosce questo tipo di rito, pu\u00f2 sembrare simbolica. In realt\u00e0 lo \u00e8, ma nel senso pi\u00f9 concreto possibile: \u00e8 un modo per fermarsi, guardarsi, e dirsi ancora \u201cci sono\u201d.<\/p>\n\n\n\n<p class=\"wp-block-paragraph\">Nel tempo le cose cambiano. Cambiano le persone, cambiano gli equilibri, cresce la vita intorno. E proprio per questo, a volte, ha senso tornare l\u00ec, a quel punto iniziale, non per nostalgia ma per rinnovare uno stato di presenza. Il rinnovo, nel rito celtico, \u00e8 esattamente questo: un riallinearsi, un rimettere al centro ci\u00f2 che tiene unita la coppia.<\/p>\n\n\n\n<p class=\"wp-block-paragraph\">Sono arrivata un po\u2019 prima, con il tempo giusto per preparare lo spazio. Nel loro giardino c\u2019\u00e8 un piccolo angolo tra gli abeti, raccolto, quasi protetto. Ho scelto quello. Ho allestito l\u00ec, in modo semplice, lasciando che fosse il luogo stesso a guidarmi.<\/p>\n\n\n\n<p class=\"wp-block-paragraph\">L\u2019altare \u00e8 nato piano: pochi elementi, ma significativi. Ho portato con me anche gli oggetti del loro primo matrimonio, quelli che custodiscono la memoria del loro inizio. Tra questi, la corda dell\u2019handfasting. L\u2019abbiamo ripresa, sciolta, riaperta. \u00c8 stato un gesto molto concreto e pieno di significato: ci\u00f2 che era stato legato non si rompe, si trasforma, si rinnova.<\/p>\n\n\n\n<p class=\"wp-block-paragraph\">Riaprirla \u00e8 stato come dire: siamo ancora qui, ma non siamo pi\u00f9 gli stessi. E va bene cos\u00ec.<\/p>\n\n\n\n<p class=\"wp-block-paragraph\">La giornata si \u00e8 svolta nel loro spazio, a casa loro. Ed \u00e8 stato naturale che diventasse anche un momento di benedizione del luogo in cui vivono, della casa che ogni giorno li accoglie e che custodisce la crescita dei loro bambini Morgana e Sirio. <\/p>\n\n\n\n\n\n<p class=\"wp-block-paragraph\">E forse \u00e8 proprio questo il punto di queste cerimonie: non fare qualcosa di \u201cspeciale\u201d a tutti i costi, ma dare spazio, ogni tanto, a ci\u00f2 che speciale lo \u00e8 gi\u00e0.<\/p>\n\n\n\n<p class=\"wp-block-paragraph\">Con amore, <\/p>\n\n\n\n<p class=\"wp-block-paragraph\">Annemeton<\/p>\n\n\n\n<p class=\"wp-block-paragraph\"><\/p>","protected":false},"excerpt":{"rendered":"<p>Il 2 giugno 2026, Greta e Gianpaolo hanno scelto di celebrare di nuovo la loro unione con un rinnovo del matrimonio celtico nel giardino della loro casa a Milano. Nel matrimonio celtico si parla spesso di unione \u201cper un anno e un giorno\u201d perch\u00e9 il tempo non \u00e8 visto come qualcosa di definitivo, ma come [&hellip;]<\/p>\n","protected":false},"author":2,"featured_media":4050,"comment_status":"open","ping_status":"closed","sticky":false,"template":"","format":"standard","meta":{"site-sidebar-layout":"default","site-content-layout":"","ast-site-content-layout":"default","site-content-style":"default","site-sidebar-style":"default","ast-global-header-display":"","ast-banner-title-visibility":"","ast-main-header-display":"","ast-hfb-above-header-display":"","ast-hfb-below-header-display":"","ast-hfb-mobile-header-display":"","site-post-title":"","ast-breadcrumbs-content":"","ast-featured-img":"","footer-sml-layout":"","theme-transparent-header-meta":"","adv-header-id-meta":"","stick-header-meta":"","header-above-stick-meta":"","header-main-stick-meta":"","header-below-stick-meta":"","astra-migrate-meta-layouts":"set","ast-page-background-enabled":"default","ast-page-background-meta":{"desktop":{"background-color":"","background-image":"","background-repeat":"repeat","background-position":"center center","background-size":"auto","background-attachment":"scroll","background-type":"","background-media":"","overlay-type":"","overlay-color":"","overlay-gradient":""},"tablet":{"background-color":"","background-image":"","background-repeat":"repeat","background-position":"center center","background-size":"auto","background-attachment":"scroll","background-type":"","background-media":"","overlay-type":"","overlay-color":"","overlay-gradient":""},"mobile":{"background-color":"","background-image":"","background-repeat":"repeat","background-position":"center center","background-size":"auto","background-attachment":"scroll","background-type":"","background-media":"","overlay-type":"","overlay-color":"","overlay-gradient":""}},"ast-content-background-meta":{"desktop":{"background-color":"var(--ast-global-color-5)","background-image":"","background-repeat":"repeat","background-position":"center center","background-size":"auto","background-attachment":"scroll","background-type":"","background-media":"","overlay-type":"","overlay-color":"","overlay-gradient":""},"tablet":{"background-color":"var(--ast-global-color-5)","background-image":"","background-repeat":"repeat","background-position":"center center","background-size":"auto","background-attachment":"scroll","background-type":"","background-media":"","overlay-type":"","overlay-color":"","overlay-gradient":""},"mobile":{"background-color":"var(--ast-global-color-5)","background-image":"","background-repeat":"repeat","background-position":"center center","background-size":"auto","background-attachment":"scroll","background-type":"","background-media":"","overlay-type":"","overlay-color":"","overlay-gradient":""}},"footnotes":""},"categories":[91],"tags":[18,29,27,38,37,93,92,94],"class_list":["post-4049","post","type-post","status-publish","format-standard","has-post-thumbnail","hentry","category-rinnovi","tag-matrimonio","tag-matrimonio-simbolico","tag-matrimonioceltico","tag-matrimoniofantasy","tag-matrimonioirlandese","tag-rinnovomatrimonio","tag-rinnovonozze","tag-ritoceltico"],"yoast_head":"<!-- This site is optimized with the Yoast SEO plugin v26.7 - https:\/\/yoast.com\/wordpress\/plugins\/seo\/ -->\n<title>Rinnovo Matrimonio Celtico con Cerimonia del nome bimbo - Annemeton - Celebrante naturale<\/title>\n<meta name=\"robots\" content=\"index, follow, max-snippet:-1, max-image-preview:large, max-video-preview:-1\" \/>\n<link rel=\"canonical\" href=\"https:\/\/celebrante.annemeton.com\/en\/rinnovo-matrimonio-celtico-con-cerimonia-del-nome-bimbo\/\" \/>\n<meta property=\"og:locale\" content=\"en_GB\" \/>\n<meta property=\"og:type\" content=\"article\" \/>\n<meta property=\"og:title\" content=\"Rinnovo Matrimonio Celtico con Cerimonia del nome bimbo - Annemeton - Celebrante naturale\" \/>\n<meta property=\"og:description\" content=\"Il 2 giugno 2026, Greta e Gianpaolo hanno scelto di celebrare di nuovo la loro unione con un rinnovo del matrimonio celtico nel giardino della loro casa a Milano. Nel matrimonio celtico si parla spesso di unione \u201cper un anno e un giorno\u201d perch\u00e9 il tempo non \u00e8 visto come qualcosa di definitivo, ma come [&hellip;]\" \/>\n<meta property=\"og:url\" content=\"https:\/\/celebrante.annemeton.com\/en\/rinnovo-matrimonio-celtico-con-cerimonia-del-nome-bimbo\/\" \/>\n<meta property=\"og:site_name\" content=\"Annemeton - Celebrante naturale\" \/>\n<meta property=\"article:published_time\" content=\"2026-04-01T09:27:11+00:00\" \/>\n<meta property=\"article:modified_time\" content=\"2026-04-01T09:33:40+00:00\" \/>\n<meta property=\"og:image\" content=\"https:\/\/celebrante.annemeton.com\/wp-content\/uploads\/2026\/04\/photo-scaled.jpg\" \/>\n\t<meta property=\"og:image:width\" content=\"1920\" \/>\n\t<meta property=\"og:image:height\" content=\"2560\" \/>\n\t<meta property=\"og:image:type\" content=\"image\/jpeg\" \/>\n<meta name=\"author\" content=\"Annemeton\" \/>\n<meta name=\"twitter:card\" content=\"summary_large_image\" \/>\n<meta name=\"twitter:label1\" content=\"Written by\" \/>\n\t<meta name=\"twitter:data1\" content=\"Annemeton\" \/>\n\t<meta name=\"twitter:label2\" content=\"Estimated reading time\" \/>\n\t<meta name=\"twitter:data2\" content=\"3 minutes\" \/>\n<script type=\"application\/ld+json\" class=\"yoast-schema-graph\">{\"@context\":\"https:\/\/schema.org\",\"@graph\":[{\"@type\":\"Article\",\"@id\":\"https:\/\/celebrante.annemeton.com\/rinnovo-matrimonio-celtico-con-cerimonia-del-nome-bimbo\/#article\",\"isPartOf\":{\"@id\":\"https:\/\/celebrante.annemeton.com\/rinnovo-matrimonio-celtico-con-cerimonia-del-nome-bimbo\/\"},\"author\":{\"name\":\"Annemeton\",\"@id\":\"https:\/\/celebrante.annemeton.com\/#\/schema\/person\/6d18f0ccfb559305bc62f8d7fd83ef1d\"},\"headline\":\"Rinnovo Matrimonio Celtico con Cerimonia del nome bimbo\",\"datePublished\":\"2026-04-01T09:27:11+00:00\",\"dateModified\":\"2026-04-01T09:33:40+00:00\",\"mainEntityOfPage\":{\"@id\":\"https:\/\/celebrante.annemeton.com\/rinnovo-matrimonio-celtico-con-cerimonia-del-nome-bimbo\/\"},\"wordCount\":487,\"commentCount\":0,\"publisher\":{\"@id\":\"https:\/\/celebrante.annemeton.com\/#\/schema\/person\/6d18f0ccfb559305bc62f8d7fd83ef1d\"},\"image\":{\"@id\":\"https:\/\/celebrante.annemeton.com\/rinnovo-matrimonio-celtico-con-cerimonia-del-nome-bimbo\/#primaryimage\"},\"thumbnailUrl\":\"https:\/\/celebrante.annemeton.com\/wp-content\/uploads\/2026\/04\/photo-scaled.jpg\",\"keywords\":[\"matrimonio\",\"matrimonio simbolico\",\"matrimonioceltico\",\"matrimoniofantasy\",\"matrimonioirlandese\",\"rinnovomatrimonio\",\"rinnovonozze\",\"ritoceltico\"],\"articleSection\":[\"Rinnovi\"],\"inLanguage\":\"en-GB\",\"potentialAction\":[{\"@type\":\"CommentAction\",\"name\":\"Comment\",\"target\":[\"https:\/\/celebrante.annemeton.com\/rinnovo-matrimonio-celtico-con-cerimonia-del-nome-bimbo\/#respond\"]}]},{\"@type\":\"WebPage\",\"@id\":\"https:\/\/celebrante.annemeton.com\/rinnovo-matrimonio-celtico-con-cerimonia-del-nome-bimbo\/\",\"url\":\"https:\/\/celebrante.annemeton.com\/rinnovo-matrimonio-celtico-con-cerimonia-del-nome-bimbo\/\",\"name\":\"Rinnovo Matrimonio Celtico con Cerimonia del nome bimbo - Annemeton - Celebrante naturale\",\"isPartOf\":{\"@id\":\"https:\/\/celebrante.annemeton.com\/#website\"},\"primaryImageOfPage\":{\"@id\":\"https:\/\/celebrante.annemeton.com\/rinnovo-matrimonio-celtico-con-cerimonia-del-nome-bimbo\/#primaryimage\"},\"image\":{\"@id\":\"https:\/\/celebrante.annemeton.com\/rinnovo-matrimonio-celtico-con-cerimonia-del-nome-bimbo\/#primaryimage\"},\"thumbnailUrl\":\"https:\/\/celebrante.annemeton.com\/wp-content\/uploads\/2026\/04\/photo-scaled.jpg\",\"datePublished\":\"2026-04-01T09:27:11+00:00\",\"dateModified\":\"2026-04-01T09:33:40+00:00\",\"breadcrumb\":{\"@id\":\"https:\/\/celebrante.annemeton.com\/rinnovo-matrimonio-celtico-con-cerimonia-del-nome-bimbo\/#breadcrumb\"},\"inLanguage\":\"en-GB\",\"potentialAction\":[{\"@type\":\"ReadAction\",\"target\":[\"https:\/\/celebrante.annemeton.com\/rinnovo-matrimonio-celtico-con-cerimonia-del-nome-bimbo\/\"]}]},{\"@type\":\"ImageObject\",\"inLanguage\":\"en-GB\",\"@id\":\"https:\/\/celebrante.annemeton.com\/rinnovo-matrimonio-celtico-con-cerimonia-del-nome-bimbo\/#primaryimage\",\"url\":\"https:\/\/celebrante.annemeton.com\/wp-content\/uploads\/2026\/04\/photo-scaled.jpg\",\"contentUrl\":\"https:\/\/celebrante.annemeton.com\/wp-content\/uploads\/2026\/04\/photo-scaled.jpg\",\"width\":1920,\"height\":2560,\"caption\":\"Rinnovo matrimonio celtico\"},{\"@type\":\"BreadcrumbList\",\"@id\":\"https:\/\/celebrante.annemeton.com\/rinnovo-matrimonio-celtico-con-cerimonia-del-nome-bimbo\/#breadcrumb\",\"itemListElement\":[{\"@type\":\"ListItem\",\"position\":1,\"name\":\"Home\",\"item\":\"https:\/\/celebrante.annemeton.com\/\"},{\"@type\":\"ListItem\",\"position\":2,\"name\":\"Rinnovo Matrimonio Celtico con Cerimonia del nome bimbo\"}]},{\"@type\":\"WebSite\",\"@id\":\"https:\/\/celebrante.annemeton.com\/#website\",\"url\":\"https:\/\/celebrante.annemeton.com\/\",\"name\":\"Annemeton - Celebrante naturale\",\"description\":\"Celebrazioni naturali a Milano e dintorni\",\"publisher\":{\"@id\":\"https:\/\/celebrante.annemeton.com\/#\/schema\/person\/6d18f0ccfb559305bc62f8d7fd83ef1d\"},\"potentialAction\":[{\"@type\":\"SearchAction\",\"target\":{\"@type\":\"EntryPoint\",\"urlTemplate\":\"https:\/\/celebrante.annemeton.com\/?s={search_term_string}\"},\"query-input\":{\"@type\":\"PropertyValueSpecification\",\"valueRequired\":true,\"valueName\":\"search_term_string\"}}],\"inLanguage\":\"en-GB\"},{\"@type\":[\"Person\",\"Organization\"],\"@id\":\"https:\/\/celebrante.annemeton.com\/#\/schema\/person\/6d18f0ccfb559305bc62f8d7fd83ef1d\",\"name\":\"Annemeton\",\"image\":{\"@type\":\"ImageObject\",\"inLanguage\":\"en-GB\",\"@id\":\"https:\/\/celebrante.annemeton.com\/#\/schema\/person\/image\/\",\"url\":\"https:\/\/celebrante.annemeton.com\/wp-content\/uploads\/2023\/11\/cropped-annemeton-logo.png\",\"contentUrl\":\"https:\/\/celebrante.annemeton.com\/wp-content\/uploads\/2023\/11\/cropped-annemeton-logo.png\",\"width\":1583,\"height\":1583,\"caption\":\"Annemeton\"},\"logo\":{\"@id\":\"https:\/\/celebrante.annemeton.com\/#\/schema\/person\/image\/\"},\"description\":\"Celebrante professionale specializzata in matrimoni simbolici e celtici\",\"url\":\"https:\/\/celebrante.annemeton.com\/en\/author\/anna\/\"}]}<\/script>\n<!-- \/ Yoast SEO plugin. -->","yoast_head_json":{"title":"Rinnovo Matrimonio Celtico con Cerimonia del nome bimbo - Annemeton - Celebrante naturale","robots":{"index":"index","follow":"follow","max-snippet":"max-snippet:-1","max-image-preview":"max-image-preview:large","max-video-preview":"max-video-preview:-1"},"canonical":"https:\/\/celebrante.annemeton.com\/en\/rinnovo-matrimonio-celtico-con-cerimonia-del-nome-bimbo\/","og_locale":"en_GB","og_type":"article","og_title":"Rinnovo Matrimonio Celtico con Cerimonia del nome bimbo - Annemeton - Celebrante naturale","og_description":"Il 2 giugno 2026, Greta e Gianpaolo hanno scelto di celebrare di nuovo la loro unione con un rinnovo del matrimonio celtico nel giardino della loro casa a Milano. Nel matrimonio celtico si parla spesso di unione \u201cper un anno e un giorno\u201d perch\u00e9 il tempo non \u00e8 visto come qualcosa di definitivo, ma come [&hellip;]","og_url":"https:\/\/celebrante.annemeton.com\/en\/rinnovo-matrimonio-celtico-con-cerimonia-del-nome-bimbo\/","og_site_name":"Annemeton - Celebrante naturale","article_published_time":"2026-04-01T09:27:11+00:00","article_modified_time":"2026-04-01T09:33:40+00:00","og_image":[{"width":1920,"height":2560,"url":"https:\/\/celebrante.annemeton.com\/wp-content\/uploads\/2026\/04\/photo-scaled.jpg","type":"image\/jpeg"}],"author":"Annemeton","twitter_card":"summary_large_image","twitter_misc":{"Written by":"Annemeton","Estimated reading time":"3 minutes"},"schema":{"@context":"https:\/\/schema.org","@graph":[{"@type":"Article","@id":"https:\/\/celebrante.annemeton.com\/rinnovo-matrimonio-celtico-con-cerimonia-del-nome-bimbo\/#article","isPartOf":{"@id":"https:\/\/celebrante.annemeton.com\/rinnovo-matrimonio-celtico-con-cerimonia-del-nome-bimbo\/"},"author":{"name":"Annemeton","@id":"https:\/\/celebrante.annemeton.com\/#\/schema\/person\/6d18f0ccfb559305bc62f8d7fd83ef1d"},"headline":"Rinnovo Matrimonio Celtico con Cerimonia del nome bimbo","datePublished":"2026-04-01T09:27:11+00:00","dateModified":"2026-04-01T09:33:40+00:00","mainEntityOfPage":{"@id":"https:\/\/celebrante.annemeton.com\/rinnovo-matrimonio-celtico-con-cerimonia-del-nome-bimbo\/"},"wordCount":487,"commentCount":0,"publisher":{"@id":"https:\/\/celebrante.annemeton.com\/#\/schema\/person\/6d18f0ccfb559305bc62f8d7fd83ef1d"},"image":{"@id":"https:\/\/celebrante.annemeton.com\/rinnovo-matrimonio-celtico-con-cerimonia-del-nome-bimbo\/#primaryimage"},"thumbnailUrl":"https:\/\/celebrante.annemeton.com\/wp-content\/uploads\/2026\/04\/photo-scaled.jpg","keywords":["matrimonio","matrimonio simbolico","matrimonioceltico","matrimoniofantasy","matrimonioirlandese","rinnovomatrimonio","rinnovonozze","ritoceltico"],"articleSection":["Rinnovi"],"inLanguage":"en-GB","potentialAction":[{"@type":"CommentAction","name":"Comment","target":["https:\/\/celebrante.annemeton.com\/rinnovo-matrimonio-celtico-con-cerimonia-del-nome-bimbo\/#respond"]}]},{"@type":"WebPage","@id":"https:\/\/celebrante.annemeton.com\/rinnovo-matrimonio-celtico-con-cerimonia-del-nome-bimbo\/","url":"https:\/\/celebrante.annemeton.com\/rinnovo-matrimonio-celtico-con-cerimonia-del-nome-bimbo\/","name":"Rinnovo Matrimonio Celtico con Cerimonia del nome bimbo - Annemeton - Celebrante naturale","isPartOf":{"@id":"https:\/\/celebrante.annemeton.com\/#website"},"primaryImageOfPage":{"@id":"https:\/\/celebrante.annemeton.com\/rinnovo-matrimonio-celtico-con-cerimonia-del-nome-bimbo\/#primaryimage"},"image":{"@id":"https:\/\/celebrante.annemeton.com\/rinnovo-matrimonio-celtico-con-cerimonia-del-nome-bimbo\/#primaryimage"},"thumbnailUrl":"https:\/\/celebrante.annemeton.com\/wp-content\/uploads\/2026\/04\/photo-scaled.jpg","datePublished":"2026-04-01T09:27:11+00:00","dateModified":"2026-04-01T09:33:40+00:00","breadcrumb":{"@id":"https:\/\/celebrante.annemeton.com\/rinnovo-matrimonio-celtico-con-cerimonia-del-nome-bimbo\/#breadcrumb"},"inLanguage":"en-GB","potentialAction":[{"@type":"ReadAction","target":["https:\/\/celebrante.annemeton.com\/rinnovo-matrimonio-celtico-con-cerimonia-del-nome-bimbo\/"]}]},{"@type":"ImageObject","inLanguage":"en-GB","@id":"https:\/\/celebrante.annemeton.com\/rinnovo-matrimonio-celtico-con-cerimonia-del-nome-bimbo\/#primaryimage","url":"https:\/\/celebrante.annemeton.com\/wp-content\/uploads\/2026\/04\/photo-scaled.jpg","contentUrl":"https:\/\/celebrante.annemeton.com\/wp-content\/uploads\/2026\/04\/photo-scaled.jpg","width":1920,"height":2560,"caption":"Rinnovo matrimonio celtico"},{"@type":"BreadcrumbList","@id":"https:\/\/celebrante.annemeton.com\/rinnovo-matrimonio-celtico-con-cerimonia-del-nome-bimbo\/#breadcrumb","itemListElement":[{"@type":"ListItem","position":1,"name":"Home","item":"https:\/\/celebrante.annemeton.com\/"},{"@type":"ListItem","position":2,"name":"Rinnovo Matrimonio Celtico con Cerimonia del nome bimbo"}]},{"@type":"WebSite","@id":"https:\/\/celebrante.annemeton.com\/#website","url":"https:\/\/celebrante.annemeton.com\/","name":"Annemeton - Celebrante naturale","description":"Celebrazioni naturali a Milano e dintorni","publisher":{"@id":"https:\/\/celebrante.annemeton.com\/#\/schema\/person\/6d18f0ccfb559305bc62f8d7fd83ef1d"},"potentialAction":[{"@type":"SearchAction","target":{"@type":"EntryPoint","urlTemplate":"https:\/\/celebrante.annemeton.com\/?s={search_term_string}"},"query-input":{"@type":"PropertyValueSpecification","valueRequired":true,"valueName":"search_term_string"}}],"inLanguage":"en-GB"},{"@type":["Person","Organization"],"@id":"https:\/\/celebrante.annemeton.com\/#\/schema\/person\/6d18f0ccfb559305bc62f8d7fd83ef1d","name":"Annemeton","image":{"@type":"ImageObject","inLanguage":"en-GB","@id":"https:\/\/celebrante.annemeton.com\/#\/schema\/person\/image\/","url":"https:\/\/celebrante.annemeton.com\/wp-content\/uploads\/2023\/11\/cropped-annemeton-logo.png","contentUrl":"https:\/\/celebrante.annemeton.com\/wp-content\/uploads\/2023\/11\/cropped-annemeton-logo.png","width":1583,"height":1583,"caption":"Annemeton"},"logo":{"@id":"https:\/\/celebrante.annemeton.com\/#\/schema\/person\/image\/"},"description":"Celebrante professionale specializzata in matrimoni simbolici e celtici","url":"https:\/\/celebrante.annemeton.com\/en\/author\/anna\/"}]}},"_links":{"self":[{"href":"https:\/\/celebrante.annemeton.com\/en\/wp-json\/wp\/v2\/posts\/4049","targetHints":{"allow":["GET"]}}],"collection":[{"href":"https:\/\/celebrante.annemeton.com\/en\/wp-json\/wp\/v2\/posts"}],"about":[{"href":"https:\/\/celebrante.annemeton.com\/en\/wp-json\/wp\/v2\/types\/post"}],"author":[{"embeddable":true,"href":"https:\/\/celebrante.annemeton.com\/en\/wp-json\/wp\/v2\/users\/2"}],"replies":[{"embeddable":true,"href":"https:\/\/celebrante.annemeton.com\/en\/wp-json\/wp\/v2\/comments?post=4049"}],"version-history":[{"count":3,"href":"https:\/\/celebrante.annemeton.com\/en\/wp-json\/wp\/v2\/posts\/4049\/revisions"}],"predecessor-version":[{"id":4053,"href":"https:\/\/celebrante.annemeton.com\/en\/wp-json\/wp\/v2\/posts\/4049\/revisions\/4053"}],"wp:featuredmedia":[{"embeddable":true,"href":"https:\/\/celebrante.annemeton.com\/en\/wp-json\/wp\/v2\/media\/4050"}],"wp:attachment":[{"href":"https:\/\/celebrante.annemeton.com\/en\/wp-json\/wp\/v2\/media?parent=4049"}],"wp:term":[{"taxonomy":"category","embeddable":true,"href":"https:\/\/celebrante.annemeton.com\/en\/wp-json\/wp\/v2\/categories?post=4049"},{"taxonomy":"post_tag","embeddable":true,"href":"https:\/\/celebrante.annemeton.com\/en\/wp-json\/wp\/v2\/tags?post=4049"}],"curies":[{"name":"wp","href":"https:\/\/api.w.org\/{rel}","templated":true}]}}