{"id":4055,"date":"2026-04-10T07:50:03","date_gmt":"2026-04-10T07:50:03","guid":{"rendered":"https:\/\/celebrante.annemeton.com\/?p=4055"},"modified":"2026-04-10T07:51:46","modified_gmt":"2026-04-10T07:51:46","slug":"un-matrimonio-alle-porte-del-solstizio-d-estate-dentro-una-casa-piena-di-vita","status":"publish","type":"post","link":"https:\/\/celebrante.annemeton.com\/en\/un-matrimonio-alle-porte-del-solstizio-d-estate-dentro-una-casa-piena-di-vita\/","title":{"rendered":"Un Matrimonio alle porte del Solstizio d&#8217; Estate, dentro una casa piena di vita&#8230;"},"content":{"rendered":"<p class=\"wp-block-paragraph\">Arrivo sempre con qualche ora di anticipo, \u00e8 una mia abitudine. Mi serve per ascoltare il luogo, per capire che tipo di energia c\u2019\u00e8, per entrare dolcemente in risonanza con la terra. Quel giorno, appena scesa, ho sentito subito che non sarebbe stata una cerimonia come le altre.<\/p>\n\n\n\n<p class=\"wp-block-paragraph\">La casa di Fulvio e Rosella era gi\u00e0 in fermento. Tra i fornelli della loro cucina di casa erano gi\u00e0 attivi Vito e Vanna i <a href=\"https:\/\/www.instagram.com\/il_mago_dei_fornelli\/\">&#8220;Maghi dei Fornelli&#8221;<\/a> pronti a prepare un ottimo rinfresco post cerimonia e tra le camere della loro casa; trovo Rosella e Fulvio, ancora indaffarati con gli ultimi preparativi, come da buoni padroni di casa. Emozionati mi abbracciano felici, erano esattamente al loro posto. Loro infatti sono dotati di una qualit\u00e0 rara: una serenit\u00e0 stabile. Rosella e Fulvio hanno questo modo di stare al mondo, un equilibrio che si \u00e8 costruito nel tempo e che a un certo punto \u00e8 diventato percepibile anche per chi li guarda da fuori. Mentre li osservavo, prima di iniziare, ho avuto la sensazione di entrare in qualcosa di gi\u00e0 completo, gi\u00e0 radicato e maturo. Eravamo alle porte del <strong>Solstizio d\u2019Estate<\/strong> e questa cosa si sentiva davvero. Decido di rinfrescarmi, il caldo era palpabile, il Sole era prominente. La luce, il calore, la natura intorno, tutto portava in quella direzione: espansione, maturit\u00e0, manifestazione. <\/p>\n\n\n\n<p class=\"wp-block-paragraph\">In quel tipo di energia, accompagnare un\u2019unione diventa qualcosa di molto intenso e consapevole: <em>&#8220;Sotto il massimo della luce ci vediamo e in questo apice siamo anche pronti ad affrontare i giorni che decrescono in essa&#8221;.<\/em><\/p>\n\n\n\n<p class=\"wp-block-paragraph\">Sapevo che stavamo celebrando un <strong><a href=\"https:\/\/celebrante.annemeton.com\/en\/categorie\/matrimonio\/\">matrimonio celtico<\/a><\/strong>, ma in quel momento la parola \u201cceltico\u201d ha preso un significato molto concreto. Durante la cerimonia ho sentito chiaramente il loro legame con il luogo che spesso ritrovo nei <strong>riti celtici<\/strong>. Il contatto con la terra, la presenza degli elementi e della loro comunit\u00e0, il senso di ciclicit\u00e0. \u00c8 l\u00ec che il <strong><a href=\"https:\/\/celebrante.annemeton.com\/wp-content\/uploads\/2026\/02\/PHOTO-2025-09-02-16-37-54.jpg\">rito handfasting<\/a><\/strong>, il gesto delle mani unite, prende davvero forza come atto che si rinnova ed enuncia una volont\u00e0.<\/p>\n\n\n\n<p class=\"wp-block-paragraph\">Mentre parlavo, mi rendevo conto che non stavo solo accompagnando loro due. Anche le persone presenti erano dentro lo stesso movimento circolare. Ognuno, a modo proprio, entrava in contatto con qualcosa di personale. Il <strong>Solstizio<\/strong> fa anche questo, porta fuori ci\u00f2 che \u00e8 pronto, mette luce su ci\u00f2 che vuole emergere. Quello che mi ha colpito di pi\u00f9 \u00e8 stato il modo in cui Fulvio e Rosella hanno abitato ogni passaggio, la loro presenza e la loro capacit\u00e0 molto naturale di riconoscere il valore di ci\u00f2 che stavano vivendo. In momenti cos\u00ec, il mio ruolo cambia. Divento pi\u00f9 un tramite che una guida. Tengo lo spazio, accompagno, ma lascio che siano loro a riempirlo.<\/p>\n\n\n\n<p class=\"wp-block-paragraph\">Celebrare un <strong>matrimonio in natura<\/strong>, in una casa che \u00e8 gi\u00e0 luogo di vita, crea una qualit\u00e0 diversa. Tutto \u00e8 pi\u00f9 vicino, pi\u00f9 reale. I suoni, la luce, il calore sulla pelle. Anche le piccole imperfezioni diventano parte dell\u2019esperienza. E questo rende il rito pi\u00f9 autentico, pi\u00f9 umano. Quando siamo arrivati al loro s\u00ec, ho sentito una specie di quiete, come se qualcosa si fosse posato.<\/p>\n\n\n\n<p class=\"wp-block-paragraph\">Ripensandoci ora, a distanza, quello che mi resta \u00e8 proprio questa sensazione di coerenza. Tra loro, tra il luogo, tra il momento dell\u2019anno e forse \u00e8 questo, alla fine, il cuore di un <strong>wedding<\/strong>, far emergere l&#8217;essenza di un&#8217;unione. Quando succede, si sente. E resta.<\/p>\n\n\n\n<p class=\"wp-block-paragraph\">Grazie, <\/p>\n\n\n\n<p class=\"wp-block-paragraph\">Annemeton <\/p>\n\n\n\n<p class=\"wp-block-paragraph\"><\/p>","protected":false},"excerpt":{"rendered":"<p>Alle porte del solstizio d\u2019estate, immersi nella loro casa e nella natura, ho accompagnato un matrimonio celtico di Rosella e Fulvio che aveva una qualit\u00e0 molto precisa: presenza, radicamento, verit\u00e0.<br \/>\nIl caldo, la luce piena, la valle intorno\u2026 tutto contribuiva a creare uno spazio vivo.<br \/>\nE dentro quello spazio, il loro modo di stare insieme arrivava in modo diretto, senza bisogno di spiegazioni.<br \/>\nE quel giorno, questa risonanza si sentiva.<\/p>","protected":false},"author":2,"featured_media":4056,"comment_status":"open","ping_status":"closed","sticky":false,"template":"","format":"standard","meta":{"site-sidebar-layout":"default","site-content-layout":"","ast-site-content-layout":"default","site-content-style":"default","site-sidebar-style":"default","ast-global-header-display":"","ast-banner-title-visibility":"","ast-main-header-display":"","ast-hfb-above-header-display":"","ast-hfb-below-header-display":"","ast-hfb-mobile-header-display":"","site-post-title":"","ast-breadcrumbs-content":"","ast-featured-img":"","footer-sml-layout":"","theme-transparent-header-meta":"","adv-header-id-meta":"","stick-header-meta":"","header-above-stick-meta":"","header-main-stick-meta":"","header-below-stick-meta":"","astra-migrate-meta-layouts":"set","ast-page-background-enabled":"default","ast-page-background-meta":{"desktop":{"background-color":"","background-image":"","background-repeat":"repeat","background-position":"center center","background-size":"auto","background-attachment":"scroll","background-type":"","background-media":"","overlay-type":"","overlay-color":"","overlay-gradient":""},"tablet":{"background-color":"","background-image":"","background-repeat":"repeat","background-position":"center center","background-size":"auto","background-attachment":"scroll","background-type":"","background-media":"","overlay-type":"","overlay-color":"","overlay-gradient":""},"mobile":{"background-color":"","background-image":"","background-repeat":"repeat","background-position":"center center","background-size":"auto","background-attachment":"scroll","background-type":"","background-media":"","overlay-type":"","overlay-color":"","overlay-gradient":""}},"ast-content-background-meta":{"desktop":{"background-color":"var(--ast-global-color-5)","background-image":"","background-repeat":"repeat","background-position":"center center","background-size":"auto","background-attachment":"scroll","background-type":"","background-media":"","overlay-type":"","overlay-color":"","overlay-gradient":""},"tablet":{"background-color":"var(--ast-global-color-5)","background-image":"","background-repeat":"repeat","background-position":"center center","background-size":"auto","background-attachment":"scroll","background-type":"","background-media":"","overlay-type":"","overlay-color":"","overlay-gradient":""},"mobile":{"background-color":"var(--ast-global-color-5)","background-image":"","background-repeat":"repeat","background-position":"center center","background-size":"auto","background-attachment":"scroll","background-type":"","background-media":"","overlay-type":"","overlay-color":"","overlay-gradient":""}},"footnotes":""},"categories":[25],"tags":[97,18,29,27,38,95,48,37,20,21],"class_list":["post-4055","post","type-post","status-publish","format-standard","has-post-thumbnail","hentry","category-matrimonio-celtico","tag-litha","tag-matrimonio","tag-matrimonio-simbolico","tag-matrimonioceltico","tag-matrimoniofantasy","tag-matrimonioingiardino","tag-matrimonioinnatura","tag-matrimonioirlandese","tag-matrimoniolegale","tag-unionicivili"],"yoast_head":"<!-- This site is optimized with the Yoast SEO plugin v26.7 - https:\/\/yoast.com\/wordpress\/plugins\/seo\/ -->\n<title>Un Matrimonio alle porte del Solstizio d&#039; Estate, dentro una casa piena di vita... - Annemeton - Celebrante naturale<\/title>\n<meta name=\"robots\" content=\"index, follow, max-snippet:-1, max-image-preview:large, max-video-preview:-1\" \/>\n<link rel=\"canonical\" href=\"https:\/\/celebrante.annemeton.com\/en\/un-matrimonio-alle-porte-del-solstizio-d-estate-dentro-una-casa-piena-di-vita\/\" \/>\n<meta property=\"og:locale\" content=\"en_GB\" \/>\n<meta property=\"og:type\" content=\"article\" \/>\n<meta property=\"og:title\" content=\"Un Matrimonio alle porte del Solstizio d&#039; Estate, dentro una casa piena di vita... - Annemeton - Celebrante naturale\" \/>\n<meta property=\"og:description\" content=\"Alle porte del solstizio d\u2019estate, immersi nella loro casa e nella natura, ho accompagnato un matrimonio celtico di Rosella e Fulvio che aveva una qualit\u00e0 molto precisa: presenza, radicamento, verit\u00e0. Il caldo, la luce piena, la valle intorno\u2026 tutto contribuiva a creare uno spazio vivo. E dentro quello spazio, il loro modo di stare insieme arrivava in modo diretto, senza bisogno di spiegazioni. E quel giorno, questa risonanza si sentiva.\" \/>\n<meta property=\"og:url\" content=\"https:\/\/celebrante.annemeton.com\/en\/un-matrimonio-alle-porte-del-solstizio-d-estate-dentro-una-casa-piena-di-vita\/\" \/>\n<meta property=\"og:site_name\" content=\"Annemeton - Celebrante naturale\" \/>\n<meta property=\"article:published_time\" content=\"2026-04-10T07:50:03+00:00\" \/>\n<meta property=\"article:modified_time\" content=\"2026-04-10T07:51:46+00:00\" \/>\n<meta property=\"og:image\" content=\"https:\/\/celebrante.annemeton.com\/wp-content\/uploads\/2026\/04\/4Q1A4644-scaled.jpg\" \/>\n\t<meta property=\"og:image:width\" content=\"2560\" \/>\n\t<meta property=\"og:image:height\" content=\"1707\" \/>\n\t<meta property=\"og:image:type\" content=\"image\/jpeg\" \/>\n<meta name=\"author\" content=\"Annemeton\" \/>\n<meta name=\"twitter:card\" content=\"summary_large_image\" \/>\n<meta name=\"twitter:label1\" content=\"Written by\" \/>\n\t<meta name=\"twitter:data1\" content=\"Annemeton\" \/>\n\t<meta name=\"twitter:label2\" content=\"Estimated reading time\" \/>\n\t<meta name=\"twitter:data2\" content=\"4 minutes\" \/>\n<script type=\"application\/ld+json\" class=\"yoast-schema-graph\">{\"@context\":\"https:\/\/schema.org\",\"@graph\":[{\"@type\":\"Article\",\"@id\":\"https:\/\/celebrante.annemeton.com\/un-matrimonio-alle-porte-del-solstizio-d-estate-dentro-una-casa-piena-di-vita\/#article\",\"isPartOf\":{\"@id\":\"https:\/\/celebrante.annemeton.com\/un-matrimonio-alle-porte-del-solstizio-d-estate-dentro-una-casa-piena-di-vita\/\"},\"author\":{\"name\":\"Annemeton\",\"@id\":\"https:\/\/celebrante.annemeton.com\/#\/schema\/person\/6d18f0ccfb559305bc62f8d7fd83ef1d\"},\"headline\":\"Un Matrimonio alle porte del Solstizio d&#8217; Estate, dentro una casa piena di vita&#8230;\",\"datePublished\":\"2026-04-10T07:50:03+00:00\",\"dateModified\":\"2026-04-10T07:51:46+00:00\",\"mainEntityOfPage\":{\"@id\":\"https:\/\/celebrante.annemeton.com\/un-matrimonio-alle-porte-del-solstizio-d-estate-dentro-una-casa-piena-di-vita\/\"},\"wordCount\":569,\"commentCount\":0,\"publisher\":{\"@id\":\"https:\/\/celebrante.annemeton.com\/#\/schema\/person\/6d18f0ccfb559305bc62f8d7fd83ef1d\"},\"image\":{\"@id\":\"https:\/\/celebrante.annemeton.com\/un-matrimonio-alle-porte-del-solstizio-d-estate-dentro-una-casa-piena-di-vita\/#primaryimage\"},\"thumbnailUrl\":\"https:\/\/celebrante.annemeton.com\/wp-content\/uploads\/2026\/04\/4Q1A4644-scaled.jpg\",\"keywords\":[\"litha\",\"matrimonio\",\"matrimonio simbolico\",\"matrimonioceltico\",\"matrimoniofantasy\",\"matrimonioingiardino\",\"matrimonioinnatura\",\"matrimonioirlandese\",\"matrimoniolegale\",\"unionicivili\"],\"articleSection\":[\"Matrimonio celtico\"],\"inLanguage\":\"en-GB\",\"potentialAction\":[{\"@type\":\"CommentAction\",\"name\":\"Comment\",\"target\":[\"https:\/\/celebrante.annemeton.com\/un-matrimonio-alle-porte-del-solstizio-d-estate-dentro-una-casa-piena-di-vita\/#respond\"]}]},{\"@type\":\"WebPage\",\"@id\":\"https:\/\/celebrante.annemeton.com\/un-matrimonio-alle-porte-del-solstizio-d-estate-dentro-una-casa-piena-di-vita\/\",\"url\":\"https:\/\/celebrante.annemeton.com\/un-matrimonio-alle-porte-del-solstizio-d-estate-dentro-una-casa-piena-di-vita\/\",\"name\":\"Un Matrimonio alle porte del Solstizio d' Estate, dentro una casa piena di vita... - Annemeton - Celebrante naturale\",\"isPartOf\":{\"@id\":\"https:\/\/celebrante.annemeton.com\/#website\"},\"primaryImageOfPage\":{\"@id\":\"https:\/\/celebrante.annemeton.com\/un-matrimonio-alle-porte-del-solstizio-d-estate-dentro-una-casa-piena-di-vita\/#primaryimage\"},\"image\":{\"@id\":\"https:\/\/celebrante.annemeton.com\/un-matrimonio-alle-porte-del-solstizio-d-estate-dentro-una-casa-piena-di-vita\/#primaryimage\"},\"thumbnailUrl\":\"https:\/\/celebrante.annemeton.com\/wp-content\/uploads\/2026\/04\/4Q1A4644-scaled.jpg\",\"datePublished\":\"2026-04-10T07:50:03+00:00\",\"dateModified\":\"2026-04-10T07:51:46+00:00\",\"breadcrumb\":{\"@id\":\"https:\/\/celebrante.annemeton.com\/un-matrimonio-alle-porte-del-solstizio-d-estate-dentro-una-casa-piena-di-vita\/#breadcrumb\"},\"inLanguage\":\"en-GB\",\"potentialAction\":[{\"@type\":\"ReadAction\",\"target\":[\"https:\/\/celebrante.annemeton.com\/un-matrimonio-alle-porte-del-solstizio-d-estate-dentro-una-casa-piena-di-vita\/\"]}]},{\"@type\":\"ImageObject\",\"inLanguage\":\"en-GB\",\"@id\":\"https:\/\/celebrante.annemeton.com\/un-matrimonio-alle-porte-del-solstizio-d-estate-dentro-una-casa-piena-di-vita\/#primaryimage\",\"url\":\"https:\/\/celebrante.annemeton.com\/wp-content\/uploads\/2026\/04\/4Q1A4644-scaled.jpg\",\"contentUrl\":\"https:\/\/celebrante.annemeton.com\/wp-content\/uploads\/2026\/04\/4Q1A4644-scaled.jpg\",\"width\":2560,\"height\":1707,\"caption\":\"Matrimonio Celtico nel proprio giardino di casa\"},{\"@type\":\"BreadcrumbList\",\"@id\":\"https:\/\/celebrante.annemeton.com\/un-matrimonio-alle-porte-del-solstizio-d-estate-dentro-una-casa-piena-di-vita\/#breadcrumb\",\"itemListElement\":[{\"@type\":\"ListItem\",\"position\":1,\"name\":\"Home\",\"item\":\"https:\/\/celebrante.annemeton.com\/\"},{\"@type\":\"ListItem\",\"position\":2,\"name\":\"Un Matrimonio alle porte del Solstizio d&#8217; Estate, dentro una casa piena di vita&#8230;\"}]},{\"@type\":\"WebSite\",\"@id\":\"https:\/\/celebrante.annemeton.com\/#website\",\"url\":\"https:\/\/celebrante.annemeton.com\/\",\"name\":\"Annemeton - Celebrante naturale\",\"description\":\"Celebrazioni naturali a Milano e dintorni\",\"publisher\":{\"@id\":\"https:\/\/celebrante.annemeton.com\/#\/schema\/person\/6d18f0ccfb559305bc62f8d7fd83ef1d\"},\"potentialAction\":[{\"@type\":\"SearchAction\",\"target\":{\"@type\":\"EntryPoint\",\"urlTemplate\":\"https:\/\/celebrante.annemeton.com\/?s={search_term_string}\"},\"query-input\":{\"@type\":\"PropertyValueSpecification\",\"valueRequired\":true,\"valueName\":\"search_term_string\"}}],\"inLanguage\":\"en-GB\"},{\"@type\":[\"Person\",\"Organization\"],\"@id\":\"https:\/\/celebrante.annemeton.com\/#\/schema\/person\/6d18f0ccfb559305bc62f8d7fd83ef1d\",\"name\":\"Annemeton\",\"image\":{\"@type\":\"ImageObject\",\"inLanguage\":\"en-GB\",\"@id\":\"https:\/\/celebrante.annemeton.com\/#\/schema\/person\/image\/\",\"url\":\"https:\/\/celebrante.annemeton.com\/wp-content\/uploads\/2023\/11\/cropped-annemeton-logo.png\",\"contentUrl\":\"https:\/\/celebrante.annemeton.com\/wp-content\/uploads\/2023\/11\/cropped-annemeton-logo.png\",\"width\":1583,\"height\":1583,\"caption\":\"Annemeton\"},\"logo\":{\"@id\":\"https:\/\/celebrante.annemeton.com\/#\/schema\/person\/image\/\"},\"description\":\"Celebrante professionale specializzata in matrimoni simbolici e celtici\",\"url\":\"https:\/\/celebrante.annemeton.com\/en\/author\/anna\/\"}]}<\/script>\n<!-- \/ Yoast SEO plugin. -->","yoast_head_json":{"title":"Un Matrimonio alle porte del Solstizio d' Estate, dentro una casa piena di vita... - Annemeton - Celebrante naturale","robots":{"index":"index","follow":"follow","max-snippet":"max-snippet:-1","max-image-preview":"max-image-preview:large","max-video-preview":"max-video-preview:-1"},"canonical":"https:\/\/celebrante.annemeton.com\/en\/un-matrimonio-alle-porte-del-solstizio-d-estate-dentro-una-casa-piena-di-vita\/","og_locale":"en_GB","og_type":"article","og_title":"Un Matrimonio alle porte del Solstizio d' Estate, dentro una casa piena di vita... - Annemeton - Celebrante naturale","og_description":"Alle porte del solstizio d\u2019estate, immersi nella loro casa e nella natura, ho accompagnato un matrimonio celtico di Rosella e Fulvio che aveva una qualit\u00e0 molto precisa: presenza, radicamento, verit\u00e0. Il caldo, la luce piena, la valle intorno\u2026 tutto contribuiva a creare uno spazio vivo. E dentro quello spazio, il loro modo di stare insieme arrivava in modo diretto, senza bisogno di spiegazioni. E quel giorno, questa risonanza si sentiva.","og_url":"https:\/\/celebrante.annemeton.com\/en\/un-matrimonio-alle-porte-del-solstizio-d-estate-dentro-una-casa-piena-di-vita\/","og_site_name":"Annemeton - Celebrante naturale","article_published_time":"2026-04-10T07:50:03+00:00","article_modified_time":"2026-04-10T07:51:46+00:00","og_image":[{"width":2560,"height":1707,"url":"https:\/\/celebrante.annemeton.com\/wp-content\/uploads\/2026\/04\/4Q1A4644-scaled.jpg","type":"image\/jpeg"}],"author":"Annemeton","twitter_card":"summary_large_image","twitter_misc":{"Written by":"Annemeton","Estimated reading time":"4 minutes"},"schema":{"@context":"https:\/\/schema.org","@graph":[{"@type":"Article","@id":"https:\/\/celebrante.annemeton.com\/un-matrimonio-alle-porte-del-solstizio-d-estate-dentro-una-casa-piena-di-vita\/#article","isPartOf":{"@id":"https:\/\/celebrante.annemeton.com\/un-matrimonio-alle-porte-del-solstizio-d-estate-dentro-una-casa-piena-di-vita\/"},"author":{"name":"Annemeton","@id":"https:\/\/celebrante.annemeton.com\/#\/schema\/person\/6d18f0ccfb559305bc62f8d7fd83ef1d"},"headline":"Un Matrimonio alle porte del Solstizio d&#8217; Estate, dentro una casa piena di vita&#8230;","datePublished":"2026-04-10T07:50:03+00:00","dateModified":"2026-04-10T07:51:46+00:00","mainEntityOfPage":{"@id":"https:\/\/celebrante.annemeton.com\/un-matrimonio-alle-porte-del-solstizio-d-estate-dentro-una-casa-piena-di-vita\/"},"wordCount":569,"commentCount":0,"publisher":{"@id":"https:\/\/celebrante.annemeton.com\/#\/schema\/person\/6d18f0ccfb559305bc62f8d7fd83ef1d"},"image":{"@id":"https:\/\/celebrante.annemeton.com\/un-matrimonio-alle-porte-del-solstizio-d-estate-dentro-una-casa-piena-di-vita\/#primaryimage"},"thumbnailUrl":"https:\/\/celebrante.annemeton.com\/wp-content\/uploads\/2026\/04\/4Q1A4644-scaled.jpg","keywords":["litha","matrimonio","matrimonio simbolico","matrimonioceltico","matrimoniofantasy","matrimonioingiardino","matrimonioinnatura","matrimonioirlandese","matrimoniolegale","unionicivili"],"articleSection":["Matrimonio celtico"],"inLanguage":"en-GB","potentialAction":[{"@type":"CommentAction","name":"Comment","target":["https:\/\/celebrante.annemeton.com\/un-matrimonio-alle-porte-del-solstizio-d-estate-dentro-una-casa-piena-di-vita\/#respond"]}]},{"@type":"WebPage","@id":"https:\/\/celebrante.annemeton.com\/un-matrimonio-alle-porte-del-solstizio-d-estate-dentro-una-casa-piena-di-vita\/","url":"https:\/\/celebrante.annemeton.com\/un-matrimonio-alle-porte-del-solstizio-d-estate-dentro-una-casa-piena-di-vita\/","name":"Un Matrimonio alle porte del Solstizio d' Estate, dentro una casa piena di vita... - Annemeton - Celebrante naturale","isPartOf":{"@id":"https:\/\/celebrante.annemeton.com\/#website"},"primaryImageOfPage":{"@id":"https:\/\/celebrante.annemeton.com\/un-matrimonio-alle-porte-del-solstizio-d-estate-dentro-una-casa-piena-di-vita\/#primaryimage"},"image":{"@id":"https:\/\/celebrante.annemeton.com\/un-matrimonio-alle-porte-del-solstizio-d-estate-dentro-una-casa-piena-di-vita\/#primaryimage"},"thumbnailUrl":"https:\/\/celebrante.annemeton.com\/wp-content\/uploads\/2026\/04\/4Q1A4644-scaled.jpg","datePublished":"2026-04-10T07:50:03+00:00","dateModified":"2026-04-10T07:51:46+00:00","breadcrumb":{"@id":"https:\/\/celebrante.annemeton.com\/un-matrimonio-alle-porte-del-solstizio-d-estate-dentro-una-casa-piena-di-vita\/#breadcrumb"},"inLanguage":"en-GB","potentialAction":[{"@type":"ReadAction","target":["https:\/\/celebrante.annemeton.com\/un-matrimonio-alle-porte-del-solstizio-d-estate-dentro-una-casa-piena-di-vita\/"]}]},{"@type":"ImageObject","inLanguage":"en-GB","@id":"https:\/\/celebrante.annemeton.com\/un-matrimonio-alle-porte-del-solstizio-d-estate-dentro-una-casa-piena-di-vita\/#primaryimage","url":"https:\/\/celebrante.annemeton.com\/wp-content\/uploads\/2026\/04\/4Q1A4644-scaled.jpg","contentUrl":"https:\/\/celebrante.annemeton.com\/wp-content\/uploads\/2026\/04\/4Q1A4644-scaled.jpg","width":2560,"height":1707,"caption":"Matrimonio Celtico nel proprio giardino di casa"},{"@type":"BreadcrumbList","@id":"https:\/\/celebrante.annemeton.com\/un-matrimonio-alle-porte-del-solstizio-d-estate-dentro-una-casa-piena-di-vita\/#breadcrumb","itemListElement":[{"@type":"ListItem","position":1,"name":"Home","item":"https:\/\/celebrante.annemeton.com\/"},{"@type":"ListItem","position":2,"name":"Un Matrimonio alle porte del Solstizio d&#8217; Estate, dentro una casa piena di vita&#8230;"}]},{"@type":"WebSite","@id":"https:\/\/celebrante.annemeton.com\/#website","url":"https:\/\/celebrante.annemeton.com\/","name":"Annemeton - Celebrante naturale","description":"Celebrazioni naturali a Milano e dintorni","publisher":{"@id":"https:\/\/celebrante.annemeton.com\/#\/schema\/person\/6d18f0ccfb559305bc62f8d7fd83ef1d"},"potentialAction":[{"@type":"SearchAction","target":{"@type":"EntryPoint","urlTemplate":"https:\/\/celebrante.annemeton.com\/?s={search_term_string}"},"query-input":{"@type":"PropertyValueSpecification","valueRequired":true,"valueName":"search_term_string"}}],"inLanguage":"en-GB"},{"@type":["Person","Organization"],"@id":"https:\/\/celebrante.annemeton.com\/#\/schema\/person\/6d18f0ccfb559305bc62f8d7fd83ef1d","name":"Annemeton","image":{"@type":"ImageObject","inLanguage":"en-GB","@id":"https:\/\/celebrante.annemeton.com\/#\/schema\/person\/image\/","url":"https:\/\/celebrante.annemeton.com\/wp-content\/uploads\/2023\/11\/cropped-annemeton-logo.png","contentUrl":"https:\/\/celebrante.annemeton.com\/wp-content\/uploads\/2023\/11\/cropped-annemeton-logo.png","width":1583,"height":1583,"caption":"Annemeton"},"logo":{"@id":"https:\/\/celebrante.annemeton.com\/#\/schema\/person\/image\/"},"description":"Celebrante professionale specializzata in matrimoni simbolici e celtici","url":"https:\/\/celebrante.annemeton.com\/en\/author\/anna\/"}]}},"_links":{"self":[{"href":"https:\/\/celebrante.annemeton.com\/en\/wp-json\/wp\/v2\/posts\/4055","targetHints":{"allow":["GET"]}}],"collection":[{"href":"https:\/\/celebrante.annemeton.com\/en\/wp-json\/wp\/v2\/posts"}],"about":[{"href":"https:\/\/celebrante.annemeton.com\/en\/wp-json\/wp\/v2\/types\/post"}],"author":[{"embeddable":true,"href":"https:\/\/celebrante.annemeton.com\/en\/wp-json\/wp\/v2\/users\/2"}],"replies":[{"embeddable":true,"href":"https:\/\/celebrante.annemeton.com\/en\/wp-json\/wp\/v2\/comments?post=4055"}],"version-history":[{"count":1,"href":"https:\/\/celebrante.annemeton.com\/en\/wp-json\/wp\/v2\/posts\/4055\/revisions"}],"predecessor-version":[{"id":4057,"href":"https:\/\/celebrante.annemeton.com\/en\/wp-json\/wp\/v2\/posts\/4055\/revisions\/4057"}],"wp:featuredmedia":[{"embeddable":true,"href":"https:\/\/celebrante.annemeton.com\/en\/wp-json\/wp\/v2\/media\/4056"}],"wp:attachment":[{"href":"https:\/\/celebrante.annemeton.com\/en\/wp-json\/wp\/v2\/media?parent=4055"}],"wp:term":[{"taxonomy":"category","embeddable":true,"href":"https:\/\/celebrante.annemeton.com\/en\/wp-json\/wp\/v2\/categories?post=4055"},{"taxonomy":"post_tag","embeddable":true,"href":"https:\/\/celebrante.annemeton.com\/en\/wp-json\/wp\/v2\/tags?post=4055"}],"curies":[{"name":"wp","href":"https:\/\/api.w.org\/{rel}","templated":true}]}}