{"id":4077,"date":"2026-04-13T11:39:23","date_gmt":"2026-04-13T11:39:23","guid":{"rendered":"https:\/\/celebrante.annemeton.com\/?p=4077"},"modified":"2026-04-13T11:42:41","modified_gmt":"2026-04-13T11:42:41","slug":"un-matrimonio-tratto-dal-sogno-di-una-notte-di-mezza-estate","status":"publish","type":"post","link":"https:\/\/celebrante.annemeton.com\/en\/un-matrimonio-tratto-dal-sogno-di-una-notte-di-mezza-estate\/","title":{"rendered":"Un matrimonio tratto dal Sogno di una notte di Mezza Estate"},"content":{"rendered":"<p class=\"wp-block-paragraph\">Sono arrivata direttamente all\u2019<a href=\"https:\/\/www.pescoselvatico.com\/\">Agriturismo Pesco Selvatico<\/a> quando la giornata era gi\u00e0 avanzata, mentre gli invitati erano seduti a tavola, immersi nella parte pi\u00f9 conviviale della festa. Ricordo perfettamente il momento in cui ho messo piede nel bosco: si sentivano le voci, le risate, la musica in sottofondo, quel tipo di energia viva e calda che appartiene ai matrimoni gi\u00e0 iniziati e allo stesso tempo io mi stavo dirigendo verso uno spazio completamente diverso, pi\u00f9 raccolto, quasi nascosto, dove di l\u00ec a poco sarebbe accaduto qualcosa di nuovo, inatteso per molti. <\/p>\n\n\n\n<p class=\"wp-block-paragraph\">Era appena piovuto, e questo dettaglio ha cambiato completamente la percezione del luogo. L\u2019aria era fresca, pulita, e il profumo del bosco dopo la pioggia era cos\u00ec intenso da essere quasi tangibile e intenso. Il terreno leggermente umido, i colori pi\u00f9 saturi, il silenzio del sottobosco che contrastava con la vita poco distante: tutto contribuiva a creare quella sensazione di passaggio, come se stessi entrando in una dimensione parallela. Mentre iniziavo ad allestire lo spazio della celebrazione, sentivo chiaramente questa doppia presenza: da una parte la festa, la luce, i brindisi, dall\u2019altra il bosco che lentamente si preparava ad accogliere qualcosa di pi\u00f9 intimo. \u00c8 una sensazione che conosco bene, ma che ogni volta ha qualcosa di diverso, perch\u00e9 ogni coppia porta con s\u00e9 una storia, un\u2019energia, un\u2019intenzione specifica. E quella sera, complice anche il giorno del Solstizio d\u2019Estate, tutto sembrava amplificato. <\/p>\n\n\n\n<p class=\"wp-block-paragraph\">Il Solstizio \u00e8 un momento di passaggio, il punto in cui la luce raggiunge il suo massimo per poi iniziare a trasformarsi, e da sempre viene considerato una soglia, una notte in cui i confini si fanno pi\u00f9 sottili e ci\u00f2 che normalmente resta invisibile sembra pi\u00f9 vicino, pi\u00f9 accessibile.<\/p>\n\n\n\n<p class=\"wp-block-paragraph\">Lo spazio ha preso forma poco a poco, seguendo la natura stessa del luogo: il cerchio di pietre come centro, le luci soffuse, gli elementi disposti con cura sulla grande pietra, il vaso pronto ad accogliere la terra e il seme. Non c\u2019era bisogno di aggiungere molto, perch\u00e9 il bosco faceva gi\u00e0 gran parte del lavoro, e anzi, il compito pi\u00f9 importante era proprio quello di non interferire troppo, di lasciare che l\u2019ambiente restasse protagonista. Nel frattempo la luce cambiava, diventava pi\u00f9 morbida, pi\u00f9 profonda, e quando gli invitati hanno iniziato ad avvicinarsi, accompagnati verso quello spazio, ho percepito chiaramente il momento in cui qualcosa si trasformava: il passaggio da una dimensione festosa a una pi\u00f9 raccolta, rituale, anche per chi non si aspettava nulla di tutto questo.<\/p>\n\n\n\n<p class=\"wp-block-paragraph\">Molti di loro, infatti, pensavano che la giornata fosse gi\u00e0 completa, e invece si sono trovati immersi in una seconda celebrazione, completamente diversa, simbolica, libera e forse proprio per questo ancora pi\u00f9 sorprendente. \u00c8 stato bello osservare i loro sguardi, inizialmente curiosi, poi sempre pi\u00f9 coinvolti, mentre il bosco, la sera e la luce delle candele creavano un\u2019atmosfera incantata&#8230;<\/p>\n\n\n\n<p class=\"wp-block-paragraph\">La storia di Rossella e Alessio, che ho iniziato a raccontare in quel contesto, si \u00e8 intrecciata naturalmente con tutto ci\u00f2 che avevamo attorno: una storia nata anni prima, quasi per caso, tra incontri sfiorati e prime impressioni non proprio romantiche, e poi cresciuta nel tempo, trasformata, riconosciuta davvero solo pi\u00f9 avanti. Il fatto che tra il primo incrocio e il loro vero incontro siano passati cinque anni ha assunto, in quella sera, un valore simbolico ancora pi\u00f9 forte, quasi a richiamare quei cinque elementi che di l\u00ec a poco avremmo evocato insieme, come se la loro storia avesse seguito un ritmo naturale, fatto di attese, di ritorni, di momenti giusti.<\/p>\n\n\n\n<p class=\"wp-block-paragraph\">Il rito della piantumazione e degli elementi si \u00e8 inserito perfettamente in questa atmosfera, senza risultare costruito, ma anzi fluido, coerente, quasi necessario. La terra, portata dalle loro famiglie, ha rappresentato le radici, ci\u00f2 che li ha formati e che oggi si univa in un unico spazio; il seme, piantato con cura, ha dato forma al futuro, alla scelta di credere in qualcosa che ancora non si vede ma che si \u00e8 pronti a far crescere; l\u2019acqua ha portato nutrimento e movimento, ricordando la capacit\u00e0 di adattarsi, di fluire insieme anche nei momenti pi\u00f9 complessi; l\u2019aria, leggera ma essenziale, ha attraversato il rito come respiro, come libert\u00e0, come spazio necessario all\u2019interno della relazione; e il fuoco, acceso nella sera ormai buia, ha portato luce, calore, presenza, diventando un punto di riferimento visivo ed emotivo per tutti.<\/p>\n\n\n\n<p class=\"wp-block-paragraph\">E sopra tutto questo, in modo pi\u00f9 sottile ma chiaramente percepibile, c\u2019era lo spirito del rito, quella componente invisibile che tiene insieme ogni gesto e che, soprattutto in una notte come quella del Solstizio, sembrava amplificarsi, rendendo ogni passaggio pi\u00f9 intenso, pi\u00f9 vero. <\/p>\n\n\n\n<p class=\"wp-block-paragraph\">Il momento dell\u2019handfasting ha raccolto e sigillato tutto questo, con le mani degli sposi intrecciate e unite dai nastri, in un gesto antico che parla di scelta, di unione, ma anche di libert\u00e0 consapevole e il silenzio che si \u00e8 creato attorno a loro \u00e8 stato uno di quei silenzi pieni, in cui ogni persona presente, in modo diverso, si \u00e8 sentita parte di qualcosa.<\/p>\n\n\n\n<p class=\"wp-block-paragraph\">Anche il tempo, che durante la giornata era stato incerto, ha avuto il suo ruolo, perch\u00e9 proprio mentre eravamo l\u00ec, nel cuore del bosco, tutto si \u00e8 mantenuto stabile, permettendoci di restare all\u2019aperto, come desiderato, e contribuendo a quella sensazione che spesso accompagna le celebrazioni pi\u00f9 riuscite: quella di essere nel posto giusto, nel momento giusto, con tutto ci\u00f2 che serve esattamente cos\u00ec com\u2019\u00e8.<\/p>\n\n\n\n<p class=\"wp-block-paragraph\">Quando il rito si \u00e8 concluso e Rossella e Alessio sono usciti dal cerchio, guidati dalla luce verso il resto della festa, ho avuto la sensazione molto chiara che ci\u00f2 che era accaduto non fosse stato solo un \u201cmomento in pi\u00f9\u201d all\u2019interno del matrimonio, ma qualcosa di profondamente integrato nella loro storia, un modo per raccontarsi con autenticit\u00e0, per dare spazio a una dimensione pi\u00f9 intima, pi\u00f9 simbolica, pi\u00f9 loro.<\/p>\n\n\n\n<p class=\"wp-block-paragraph\">E mentre rimettevo a posto gli ultimi dettagli, con ancora nell\u2019aria il profumo del bosco bagnato e le luci che continuavano a vibrare tra gli alberi, ho pensato che forse \u00e8 proprio questo che rende cos\u00ec speciali le celebrazioni in natura: il fatto che nulla sia completamente controllabile, e proprio per questo, quando tutto trova il suo equilibrio, il risultato non \u00e8 solo bello, ma profondamente vero.<\/p>\n\n\n\n<p class=\"wp-block-paragraph\">Grazie ancora per avermi reso partecipe di questo momento, <\/p>\n\n\n\n<p class=\"wp-block-paragraph\">Annalisa<\/p>","protected":false},"excerpt":{"rendered":"<p>Una celebrazione simbolica nel bosco, nella magica notte del Solstizio d\u2019Estate: il matrimonio di Rossella e Alessio si \u00e8 trasformato in un rito intimo e sorprendente tra natura, elementi e atmosfera incantata. Racconto in prima persona un\u2019esperienza autentica all\u2019aperto, tra profumo di pioggia, luci soffuse e rituali simbolici, dove l\u2019amore si intreccia con la forza della natura creando un momento profondo, emozionante e indimenticabile.<\/p>","protected":false},"author":2,"featured_media":4078,"comment_status":"open","ping_status":"closed","sticky":false,"template":"","format":"standard","meta":{"site-sidebar-layout":"default","site-content-layout":"","ast-site-content-layout":"default","site-content-style":"default","site-sidebar-style":"default","ast-global-header-display":"","ast-banner-title-visibility":"","ast-main-header-display":"","ast-hfb-above-header-display":"","ast-hfb-below-header-display":"","ast-hfb-mobile-header-display":"","site-post-title":"","ast-breadcrumbs-content":"","ast-featured-img":"","footer-sml-layout":"","theme-transparent-header-meta":"","adv-header-id-meta":"","stick-header-meta":"","header-above-stick-meta":"","header-main-stick-meta":"","header-below-stick-meta":"","astra-migrate-meta-layouts":"set","ast-page-background-enabled":"default","ast-page-background-meta":{"desktop":{"background-color":"","background-image":"","background-repeat":"repeat","background-position":"center center","background-size":"auto","background-attachment":"scroll","background-type":"","background-media":"","overlay-type":"","overlay-color":"","overlay-gradient":""},"tablet":{"background-color":"","background-image":"","background-repeat":"repeat","background-position":"center center","background-size":"auto","background-attachment":"scroll","background-type":"","background-media":"","overlay-type":"","overlay-color":"","overlay-gradient":""},"mobile":{"background-color":"","background-image":"","background-repeat":"repeat","background-position":"center center","background-size":"auto","background-attachment":"scroll","background-type":"","background-media":"","overlay-type":"","overlay-color":"","overlay-gradient":""}},"ast-content-background-meta":{"desktop":{"background-color":"var(--ast-global-color-5)","background-image":"","background-repeat":"repeat","background-position":"center center","background-size":"auto","background-attachment":"scroll","background-type":"","background-media":"","overlay-type":"","overlay-color":"","overlay-gradient":""},"tablet":{"background-color":"var(--ast-global-color-5)","background-image":"","background-repeat":"repeat","background-position":"center center","background-size":"auto","background-attachment":"scroll","background-type":"","background-media":"","overlay-type":"","overlay-color":"","overlay-gradient":""},"mobile":{"background-color":"var(--ast-global-color-5)","background-image":"","background-repeat":"repeat","background-position":"center center","background-size":"auto","background-attachment":"scroll","background-type":"","background-media":"","overlay-type":"","overlay-color":"","overlay-gradient":""}},"footnotes":""},"categories":[28],"tags":[101,102,99,29,100,104,103],"class_list":["post-4077","post","type-post","status-publish","format-standard","has-post-thumbnail","hentry","category-rito-simbolico","tag-celebrante","tag-celebrante-simbolica","tag-matrimonio-al-sostizio","tag-matrimonio-simbolico","tag-matrimonioserale","tag-rito-matrimonio","tag-rito-simbolico"],"yoast_head":"<!-- This site is optimized with the Yoast SEO plugin v26.7 - https:\/\/yoast.com\/wordpress\/plugins\/seo\/ -->\n<title>Un matrimonio tratto dal Sogno di una notte di Mezza Estate - Annemeton - Celebrante naturale<\/title>\n<meta name=\"robots\" content=\"index, follow, max-snippet:-1, max-image-preview:large, max-video-preview:-1\" \/>\n<link rel=\"canonical\" href=\"https:\/\/celebrante.annemeton.com\/en\/un-matrimonio-tratto-dal-sogno-di-una-notte-di-mezza-estate\/\" \/>\n<meta property=\"og:locale\" content=\"en_GB\" \/>\n<meta property=\"og:type\" content=\"article\" \/>\n<meta property=\"og:title\" content=\"Un matrimonio tratto dal Sogno di una notte di Mezza Estate - Annemeton - Celebrante naturale\" \/>\n<meta property=\"og:description\" content=\"Una celebrazione simbolica nel bosco, nella magica notte del Solstizio d\u2019Estate: il matrimonio di Rossella e Alessio si \u00e8 trasformato in un rito intimo e sorprendente tra natura, elementi e atmosfera incantata. Racconto in prima persona un\u2019esperienza autentica all\u2019aperto, tra profumo di pioggia, luci soffuse e rituali simbolici, dove l\u2019amore si intreccia con la forza della natura creando un momento profondo, emozionante e indimenticabile.\" \/>\n<meta property=\"og:url\" content=\"https:\/\/celebrante.annemeton.com\/en\/un-matrimonio-tratto-dal-sogno-di-una-notte-di-mezza-estate\/\" \/>\n<meta property=\"og:site_name\" content=\"Annemeton - Celebrante naturale\" \/>\n<meta property=\"article:published_time\" content=\"2026-04-13T11:39:23+00:00\" \/>\n<meta property=\"article:modified_time\" content=\"2026-04-13T11:42:41+00:00\" \/>\n<meta property=\"og:image\" content=\"https:\/\/celebrante.annemeton.com\/wp-content\/uploads\/2026\/04\/0F072835-B483-489D-9ED5-0DE11109161D.jpg\" \/>\n\t<meta property=\"og:image:width\" content=\"591\" \/>\n\t<meta property=\"og:image:height\" content=\"394\" \/>\n\t<meta property=\"og:image:type\" content=\"image\/jpeg\" \/>\n<meta name=\"author\" content=\"Annemeton\" \/>\n<meta name=\"twitter:card\" content=\"summary_large_image\" \/>\n<meta name=\"twitter:label1\" content=\"Written by\" \/>\n\t<meta name=\"twitter:data1\" content=\"Annemeton\" \/>\n\t<meta name=\"twitter:label2\" content=\"Estimated reading time\" \/>\n\t<meta name=\"twitter:data2\" content=\"6 minutes\" \/>\n<script type=\"application\/ld+json\" class=\"yoast-schema-graph\">{\"@context\":\"https:\/\/schema.org\",\"@graph\":[{\"@type\":\"Article\",\"@id\":\"https:\/\/celebrante.annemeton.com\/un-matrimonio-tratto-dal-sogno-di-una-notte-di-mezza-estate\/#article\",\"isPartOf\":{\"@id\":\"https:\/\/celebrante.annemeton.com\/un-matrimonio-tratto-dal-sogno-di-una-notte-di-mezza-estate\/\"},\"author\":{\"name\":\"Annemeton\",\"@id\":\"https:\/\/celebrante.annemeton.com\/#\/schema\/person\/6d18f0ccfb559305bc62f8d7fd83ef1d\"},\"headline\":\"Un matrimonio tratto dal Sogno di una notte di Mezza Estate\",\"datePublished\":\"2026-04-13T11:39:23+00:00\",\"dateModified\":\"2026-04-13T11:42:41+00:00\",\"mainEntityOfPage\":{\"@id\":\"https:\/\/celebrante.annemeton.com\/un-matrimonio-tratto-dal-sogno-di-una-notte-di-mezza-estate\/\"},\"wordCount\":1050,\"commentCount\":0,\"publisher\":{\"@id\":\"https:\/\/celebrante.annemeton.com\/#\/schema\/person\/6d18f0ccfb559305bc62f8d7fd83ef1d\"},\"image\":{\"@id\":\"https:\/\/celebrante.annemeton.com\/un-matrimonio-tratto-dal-sogno-di-una-notte-di-mezza-estate\/#primaryimage\"},\"thumbnailUrl\":\"https:\/\/celebrante.annemeton.com\/wp-content\/uploads\/2026\/04\/0F072835-B483-489D-9ED5-0DE11109161D.jpg\",\"keywords\":[\"celebrante\",\"celebrante simbolica\",\"matrimonio al sostizio\",\"matrimonio simbolico\",\"matrimonioserale\",\"rito matrimonio\",\"rito simbolico\"],\"articleSection\":[\"Matrimonio simbolico\"],\"inLanguage\":\"en-GB\",\"potentialAction\":[{\"@type\":\"CommentAction\",\"name\":\"Comment\",\"target\":[\"https:\/\/celebrante.annemeton.com\/un-matrimonio-tratto-dal-sogno-di-una-notte-di-mezza-estate\/#respond\"]}]},{\"@type\":\"WebPage\",\"@id\":\"https:\/\/celebrante.annemeton.com\/un-matrimonio-tratto-dal-sogno-di-una-notte-di-mezza-estate\/\",\"url\":\"https:\/\/celebrante.annemeton.com\/un-matrimonio-tratto-dal-sogno-di-una-notte-di-mezza-estate\/\",\"name\":\"Un matrimonio tratto dal Sogno di una notte di Mezza Estate - Annemeton - Celebrante naturale\",\"isPartOf\":{\"@id\":\"https:\/\/celebrante.annemeton.com\/#website\"},\"primaryImageOfPage\":{\"@id\":\"https:\/\/celebrante.annemeton.com\/un-matrimonio-tratto-dal-sogno-di-una-notte-di-mezza-estate\/#primaryimage\"},\"image\":{\"@id\":\"https:\/\/celebrante.annemeton.com\/un-matrimonio-tratto-dal-sogno-di-una-notte-di-mezza-estate\/#primaryimage\"},\"thumbnailUrl\":\"https:\/\/celebrante.annemeton.com\/wp-content\/uploads\/2026\/04\/0F072835-B483-489D-9ED5-0DE11109161D.jpg\",\"datePublished\":\"2026-04-13T11:39:23+00:00\",\"dateModified\":\"2026-04-13T11:42:41+00:00\",\"breadcrumb\":{\"@id\":\"https:\/\/celebrante.annemeton.com\/un-matrimonio-tratto-dal-sogno-di-una-notte-di-mezza-estate\/#breadcrumb\"},\"inLanguage\":\"en-GB\",\"potentialAction\":[{\"@type\":\"ReadAction\",\"target\":[\"https:\/\/celebrante.annemeton.com\/un-matrimonio-tratto-dal-sogno-di-una-notte-di-mezza-estate\/\"]}]},{\"@type\":\"ImageObject\",\"inLanguage\":\"en-GB\",\"@id\":\"https:\/\/celebrante.annemeton.com\/un-matrimonio-tratto-dal-sogno-di-una-notte-di-mezza-estate\/#primaryimage\",\"url\":\"https:\/\/celebrante.annemeton.com\/wp-content\/uploads\/2026\/04\/0F072835-B483-489D-9ED5-0DE11109161D.jpg\",\"contentUrl\":\"https:\/\/celebrante.annemeton.com\/wp-content\/uploads\/2026\/04\/0F072835-B483-489D-9ED5-0DE11109161D.jpg\",\"width\":591,\"height\":394,\"caption\":\"Rossella e Alessio matrimonio al Sostizio d' estate\"},{\"@type\":\"BreadcrumbList\",\"@id\":\"https:\/\/celebrante.annemeton.com\/un-matrimonio-tratto-dal-sogno-di-una-notte-di-mezza-estate\/#breadcrumb\",\"itemListElement\":[{\"@type\":\"ListItem\",\"position\":1,\"name\":\"Home\",\"item\":\"https:\/\/celebrante.annemeton.com\/\"},{\"@type\":\"ListItem\",\"position\":2,\"name\":\"Un matrimonio tratto dal Sogno di una notte di Mezza Estate\"}]},{\"@type\":\"WebSite\",\"@id\":\"https:\/\/celebrante.annemeton.com\/#website\",\"url\":\"https:\/\/celebrante.annemeton.com\/\",\"name\":\"Annemeton - Celebrante naturale\",\"description\":\"Celebrazioni naturali a Milano e dintorni\",\"publisher\":{\"@id\":\"https:\/\/celebrante.annemeton.com\/#\/schema\/person\/6d18f0ccfb559305bc62f8d7fd83ef1d\"},\"potentialAction\":[{\"@type\":\"SearchAction\",\"target\":{\"@type\":\"EntryPoint\",\"urlTemplate\":\"https:\/\/celebrante.annemeton.com\/?s={search_term_string}\"},\"query-input\":{\"@type\":\"PropertyValueSpecification\",\"valueRequired\":true,\"valueName\":\"search_term_string\"}}],\"inLanguage\":\"en-GB\"},{\"@type\":[\"Person\",\"Organization\"],\"@id\":\"https:\/\/celebrante.annemeton.com\/#\/schema\/person\/6d18f0ccfb559305bc62f8d7fd83ef1d\",\"name\":\"Annemeton\",\"image\":{\"@type\":\"ImageObject\",\"inLanguage\":\"en-GB\",\"@id\":\"https:\/\/celebrante.annemeton.com\/#\/schema\/person\/image\/\",\"url\":\"https:\/\/celebrante.annemeton.com\/wp-content\/uploads\/2023\/11\/cropped-annemeton-logo.png\",\"contentUrl\":\"https:\/\/celebrante.annemeton.com\/wp-content\/uploads\/2023\/11\/cropped-annemeton-logo.png\",\"width\":1583,\"height\":1583,\"caption\":\"Annemeton\"},\"logo\":{\"@id\":\"https:\/\/celebrante.annemeton.com\/#\/schema\/person\/image\/\"},\"description\":\"Celebrante professionale specializzata in matrimoni simbolici e celtici\",\"url\":\"https:\/\/celebrante.annemeton.com\/en\/author\/anna\/\"}]}<\/script>\n<!-- \/ Yoast SEO plugin. -->","yoast_head_json":{"title":"Un matrimonio tratto dal Sogno di una notte di Mezza Estate - Annemeton - Celebrante naturale","robots":{"index":"index","follow":"follow","max-snippet":"max-snippet:-1","max-image-preview":"max-image-preview:large","max-video-preview":"max-video-preview:-1"},"canonical":"https:\/\/celebrante.annemeton.com\/en\/un-matrimonio-tratto-dal-sogno-di-una-notte-di-mezza-estate\/","og_locale":"en_GB","og_type":"article","og_title":"Un matrimonio tratto dal Sogno di una notte di Mezza Estate - Annemeton - Celebrante naturale","og_description":"Una celebrazione simbolica nel bosco, nella magica notte del Solstizio d\u2019Estate: il matrimonio di Rossella e Alessio si \u00e8 trasformato in un rito intimo e sorprendente tra natura, elementi e atmosfera incantata. Racconto in prima persona un\u2019esperienza autentica all\u2019aperto, tra profumo di pioggia, luci soffuse e rituali simbolici, dove l\u2019amore si intreccia con la forza della natura creando un momento profondo, emozionante e indimenticabile.","og_url":"https:\/\/celebrante.annemeton.com\/en\/un-matrimonio-tratto-dal-sogno-di-una-notte-di-mezza-estate\/","og_site_name":"Annemeton - Celebrante naturale","article_published_time":"2026-04-13T11:39:23+00:00","article_modified_time":"2026-04-13T11:42:41+00:00","og_image":[{"width":591,"height":394,"url":"https:\/\/celebrante.annemeton.com\/wp-content\/uploads\/2026\/04\/0F072835-B483-489D-9ED5-0DE11109161D.jpg","type":"image\/jpeg"}],"author":"Annemeton","twitter_card":"summary_large_image","twitter_misc":{"Written by":"Annemeton","Estimated reading time":"6 minutes"},"schema":{"@context":"https:\/\/schema.org","@graph":[{"@type":"Article","@id":"https:\/\/celebrante.annemeton.com\/un-matrimonio-tratto-dal-sogno-di-una-notte-di-mezza-estate\/#article","isPartOf":{"@id":"https:\/\/celebrante.annemeton.com\/un-matrimonio-tratto-dal-sogno-di-una-notte-di-mezza-estate\/"},"author":{"name":"Annemeton","@id":"https:\/\/celebrante.annemeton.com\/#\/schema\/person\/6d18f0ccfb559305bc62f8d7fd83ef1d"},"headline":"Un matrimonio tratto dal Sogno di una notte di Mezza Estate","datePublished":"2026-04-13T11:39:23+00:00","dateModified":"2026-04-13T11:42:41+00:00","mainEntityOfPage":{"@id":"https:\/\/celebrante.annemeton.com\/un-matrimonio-tratto-dal-sogno-di-una-notte-di-mezza-estate\/"},"wordCount":1050,"commentCount":0,"publisher":{"@id":"https:\/\/celebrante.annemeton.com\/#\/schema\/person\/6d18f0ccfb559305bc62f8d7fd83ef1d"},"image":{"@id":"https:\/\/celebrante.annemeton.com\/un-matrimonio-tratto-dal-sogno-di-una-notte-di-mezza-estate\/#primaryimage"},"thumbnailUrl":"https:\/\/celebrante.annemeton.com\/wp-content\/uploads\/2026\/04\/0F072835-B483-489D-9ED5-0DE11109161D.jpg","keywords":["celebrante","celebrante simbolica","matrimonio al sostizio","matrimonio simbolico","matrimonioserale","rito matrimonio","rito simbolico"],"articleSection":["Matrimonio simbolico"],"inLanguage":"en-GB","potentialAction":[{"@type":"CommentAction","name":"Comment","target":["https:\/\/celebrante.annemeton.com\/un-matrimonio-tratto-dal-sogno-di-una-notte-di-mezza-estate\/#respond"]}]},{"@type":"WebPage","@id":"https:\/\/celebrante.annemeton.com\/un-matrimonio-tratto-dal-sogno-di-una-notte-di-mezza-estate\/","url":"https:\/\/celebrante.annemeton.com\/un-matrimonio-tratto-dal-sogno-di-una-notte-di-mezza-estate\/","name":"Un matrimonio tratto dal Sogno di una notte di Mezza Estate - Annemeton - Celebrante naturale","isPartOf":{"@id":"https:\/\/celebrante.annemeton.com\/#website"},"primaryImageOfPage":{"@id":"https:\/\/celebrante.annemeton.com\/un-matrimonio-tratto-dal-sogno-di-una-notte-di-mezza-estate\/#primaryimage"},"image":{"@id":"https:\/\/celebrante.annemeton.com\/un-matrimonio-tratto-dal-sogno-di-una-notte-di-mezza-estate\/#primaryimage"},"thumbnailUrl":"https:\/\/celebrante.annemeton.com\/wp-content\/uploads\/2026\/04\/0F072835-B483-489D-9ED5-0DE11109161D.jpg","datePublished":"2026-04-13T11:39:23+00:00","dateModified":"2026-04-13T11:42:41+00:00","breadcrumb":{"@id":"https:\/\/celebrante.annemeton.com\/un-matrimonio-tratto-dal-sogno-di-una-notte-di-mezza-estate\/#breadcrumb"},"inLanguage":"en-GB","potentialAction":[{"@type":"ReadAction","target":["https:\/\/celebrante.annemeton.com\/un-matrimonio-tratto-dal-sogno-di-una-notte-di-mezza-estate\/"]}]},{"@type":"ImageObject","inLanguage":"en-GB","@id":"https:\/\/celebrante.annemeton.com\/un-matrimonio-tratto-dal-sogno-di-una-notte-di-mezza-estate\/#primaryimage","url":"https:\/\/celebrante.annemeton.com\/wp-content\/uploads\/2026\/04\/0F072835-B483-489D-9ED5-0DE11109161D.jpg","contentUrl":"https:\/\/celebrante.annemeton.com\/wp-content\/uploads\/2026\/04\/0F072835-B483-489D-9ED5-0DE11109161D.jpg","width":591,"height":394,"caption":"Rossella e Alessio matrimonio al Sostizio d' estate"},{"@type":"BreadcrumbList","@id":"https:\/\/celebrante.annemeton.com\/un-matrimonio-tratto-dal-sogno-di-una-notte-di-mezza-estate\/#breadcrumb","itemListElement":[{"@type":"ListItem","position":1,"name":"Home","item":"https:\/\/celebrante.annemeton.com\/"},{"@type":"ListItem","position":2,"name":"Un matrimonio tratto dal Sogno di una notte di Mezza Estate"}]},{"@type":"WebSite","@id":"https:\/\/celebrante.annemeton.com\/#website","url":"https:\/\/celebrante.annemeton.com\/","name":"Annemeton - Celebrante naturale","description":"Celebrazioni naturali a Milano e dintorni","publisher":{"@id":"https:\/\/celebrante.annemeton.com\/#\/schema\/person\/6d18f0ccfb559305bc62f8d7fd83ef1d"},"potentialAction":[{"@type":"SearchAction","target":{"@type":"EntryPoint","urlTemplate":"https:\/\/celebrante.annemeton.com\/?s={search_term_string}"},"query-input":{"@type":"PropertyValueSpecification","valueRequired":true,"valueName":"search_term_string"}}],"inLanguage":"en-GB"},{"@type":["Person","Organization"],"@id":"https:\/\/celebrante.annemeton.com\/#\/schema\/person\/6d18f0ccfb559305bc62f8d7fd83ef1d","name":"Annemeton","image":{"@type":"ImageObject","inLanguage":"en-GB","@id":"https:\/\/celebrante.annemeton.com\/#\/schema\/person\/image\/","url":"https:\/\/celebrante.annemeton.com\/wp-content\/uploads\/2023\/11\/cropped-annemeton-logo.png","contentUrl":"https:\/\/celebrante.annemeton.com\/wp-content\/uploads\/2023\/11\/cropped-annemeton-logo.png","width":1583,"height":1583,"caption":"Annemeton"},"logo":{"@id":"https:\/\/celebrante.annemeton.com\/#\/schema\/person\/image\/"},"description":"Celebrante professionale specializzata in matrimoni simbolici e celtici","url":"https:\/\/celebrante.annemeton.com\/en\/author\/anna\/"}]}},"_links":{"self":[{"href":"https:\/\/celebrante.annemeton.com\/en\/wp-json\/wp\/v2\/posts\/4077","targetHints":{"allow":["GET"]}}],"collection":[{"href":"https:\/\/celebrante.annemeton.com\/en\/wp-json\/wp\/v2\/posts"}],"about":[{"href":"https:\/\/celebrante.annemeton.com\/en\/wp-json\/wp\/v2\/types\/post"}],"author":[{"embeddable":true,"href":"https:\/\/celebrante.annemeton.com\/en\/wp-json\/wp\/v2\/users\/2"}],"replies":[{"embeddable":true,"href":"https:\/\/celebrante.annemeton.com\/en\/wp-json\/wp\/v2\/comments?post=4077"}],"version-history":[{"count":1,"href":"https:\/\/celebrante.annemeton.com\/en\/wp-json\/wp\/v2\/posts\/4077\/revisions"}],"predecessor-version":[{"id":4079,"href":"https:\/\/celebrante.annemeton.com\/en\/wp-json\/wp\/v2\/posts\/4077\/revisions\/4079"}],"wp:featuredmedia":[{"embeddable":true,"href":"https:\/\/celebrante.annemeton.com\/en\/wp-json\/wp\/v2\/media\/4078"}],"wp:attachment":[{"href":"https:\/\/celebrante.annemeton.com\/en\/wp-json\/wp\/v2\/media?parent=4077"}],"wp:term":[{"taxonomy":"category","embeddable":true,"href":"https:\/\/celebrante.annemeton.com\/en\/wp-json\/wp\/v2\/categories?post=4077"},{"taxonomy":"post_tag","embeddable":true,"href":"https:\/\/celebrante.annemeton.com\/en\/wp-json\/wp\/v2\/tags?post=4077"}],"curies":[{"name":"wp","href":"https:\/\/api.w.org\/{rel}","templated":true}]}}