{"id":4082,"date":"2026-04-20T07:22:22","date_gmt":"2026-04-20T07:22:22","guid":{"rendered":"https:\/\/celebrante.annemeton.com\/?p=4082"},"modified":"2026-04-20T07:22:23","modified_gmt":"2026-04-20T07:22:23","slug":"il-rinnovo-dei-voti-di-chiara-e-nicola-tra-natura-e-semplicita-sul-lago-di-como","status":"publish","type":"post","link":"https:\/\/celebrante.annemeton.com\/en\/il-rinnovo-dei-voti-di-chiara-e-nicola-tra-natura-e-semplicita-sul-lago-di-como\/","title":{"rendered":"Chiara and Nicola\u2019s vow renewal, embracing nature and simplicity on the shores of Lake Como"},"content":{"rendered":"<p class=\"wp-block-paragraph\">Quando penso a Chiara e Nicola, mi viene subito in mente una cosa: quanto \u00e8 bello quando due persone fanno le cose davvero a modo loro, senza seguire schemi che non gli appartengono.<\/p>\n\n\n\n<p class=\"wp-block-paragraph\">Loro, per esempio, avevano scelto di sposarsi in un modo che spiritualmente sento tantissimo: un\u2019elopement nel bosco, solo loro due, in silenzio, con un rito dell\u2019handfasting a sancire la loro unione. Nessun ospiti, nessuno stress da prestazione solo una promessa pronunciata con autenticit\u00e0. Ed \u00e8 stata anche una delle prime volte in cui qualcuno ha deciso di affidarsi a me per qualcosa di cos\u00ec intimo, quindi potete immaginare quanto sia stato importante per me.<\/p>\n\n\n\n<p class=\"wp-block-paragraph\">Poi il tempo \u00e8 passato, come succede sempre, e qualche tempo dopo mi scrivono: \u201cVieni a trovarci?\u201d.<br>Sono andata da loro, a Colico, a due passi dal Lago di Lecco, e la cosa bella \u00e8 che non siamo partiti subito con la cerimonia. Abbiamo fatto quello che si fa quando c\u2019\u00e8 confidenza: abbiamo chiacchierato, mi hanno fatto vedere lo loro nuova casa e mi hanno raccontato questi ultimi anni insieme, tra musica, film, natura e quell\u2019aria un po\u2019 da avventurieri che si portano dietro ovunque.<\/p>\n\n\n\n<p class=\"wp-block-paragraph\">A un certo punto, quasi senza costruirci troppo sopra, siamo usciti e siamo andati dietro casa loro. L\u00ec c\u2019\u00e8 un piccolo alveo di un fiume che scorre verso il Lago di Como. Un luogo perfetto: vero, semplicemente loro.<\/p>\n\n\n\n<p class=\"wp-block-paragraph\">E l\u00ec abbiamo aperti il cerchio.<\/p>\n\n\n\n<p class=\"wp-block-paragraph\">Abbiamo rinnovato i loro voti in modo naturale. Ed \u00e8 stato diverso dalla prima volta, forse ancora pi\u00f9 profondo, perch\u00e9 questa promessa non era pi\u00f9 solo un inizio, ma una scelta rinnovata, consapevole. In quel momento eravamo davvero solo noi tre, con un cavalletto a riprendere qualche immagine e il resto completamente lasciato alla presenza.<\/p>\n\n\n\n<p class=\"wp-block-paragraph\">\u00c8 difficile spiegare cosa si prova in momenti cos\u00ec, ma \u00e8 esattamente il motivo per cui faccio questo lavoro. Come celebrante di riti simbolici e riti celtici, quello che cerco di creare <em>non \u00e8 mai qualcosa di standard<\/em>, ma uno spazio in cui le persone possano riconoscersi davvero, che sia un matrimonio, un\u2019elopement o un rinnovo dei voti. Perch\u00e9 s\u00ec, si possono rinnovare dopo un anno e un giorno, come nella tradizione celtica, ma anche in qualsiasi momento in cui si sente il bisogno di fermarsi e dirsi: \u201cok, ci scegliamo ancora\u201d.<\/p>\n\n\n\n<p class=\"wp-block-paragraph\">Quella giornata con Chiara e Nicola me la porto dietro con un affetto particolare. Non solo perch\u00e9 \u00e8 stato bello, ma perch\u00e9 \u00e8 stato vero. <\/p>\n\n\n\n<p class=\"wp-block-paragraph\">E per me, alla fine, \u00e8 sempre l\u2019unica cosa che conta.<\/p>\n\n\n\n<p class=\"wp-block-paragraph\">Grazie di cuore, <\/p>\n\n\n\n\n\n<p class=\"wp-block-paragraph\"><\/p>","protected":false},"excerpt":{"rendered":"<p>Un rinnovo dei voti intimo e autentico, nato tra le mura di casa e celebrato nella natura, a pochi passi da Colico, tra le acque del Lago di Lecco e il fascino del Lago di Como. Il racconto di una coppia che ha scelto, ancora una volta, di dirsi \u201cs\u00ec\u201d in modo semplice, profondo e completamente personale.<\/p>","protected":false},"author":2,"featured_media":4083,"comment_status":"open","ping_status":"closed","sticky":false,"template":"","format":"standard","meta":{"site-sidebar-layout":"default","site-content-layout":"","ast-site-content-layout":"default","site-content-style":"default","site-sidebar-style":"default","ast-global-header-display":"","ast-banner-title-visibility":"","ast-main-header-display":"","ast-hfb-above-header-display":"","ast-hfb-below-header-display":"","ast-hfb-mobile-header-display":"","site-post-title":"","ast-breadcrumbs-content":"","ast-featured-img":"","footer-sml-layout":"","theme-transparent-header-meta":"","adv-header-id-meta":"","stick-header-meta":"","header-above-stick-meta":"","header-main-stick-meta":"","header-below-stick-meta":"","astra-migrate-meta-layouts":"set","ast-page-background-enabled":"default","ast-page-background-meta":{"desktop":{"background-color":"","background-image":"","background-repeat":"repeat","background-position":"center center","background-size":"auto","background-attachment":"scroll","background-type":"","background-media":"","overlay-type":"","overlay-color":"","overlay-gradient":""},"tablet":{"background-color":"","background-image":"","background-repeat":"repeat","background-position":"center center","background-size":"auto","background-attachment":"scroll","background-type":"","background-media":"","overlay-type":"","overlay-color":"","overlay-gradient":""},"mobile":{"background-color":"","background-image":"","background-repeat":"repeat","background-position":"center center","background-size":"auto","background-attachment":"scroll","background-type":"","background-media":"","overlay-type":"","overlay-color":"","overlay-gradient":""}},"ast-content-background-meta":{"desktop":{"background-color":"var(--ast-global-color-5)","background-image":"","background-repeat":"repeat","background-position":"center center","background-size":"auto","background-attachment":"scroll","background-type":"","background-media":"","overlay-type":"","overlay-color":"","overlay-gradient":""},"tablet":{"background-color":"var(--ast-global-color-5)","background-image":"","background-repeat":"repeat","background-position":"center center","background-size":"auto","background-attachment":"scroll","background-type":"","background-media":"","overlay-type":"","overlay-color":"","overlay-gradient":""},"mobile":{"background-color":"var(--ast-global-color-5)","background-image":"","background-repeat":"repeat","background-position":"center center","background-size":"auto","background-attachment":"scroll","background-type":"","background-media":"","overlay-type":"","overlay-color":"","overlay-gradient":""}},"footnotes":""},"categories":[91],"tags":[114,115,125,120,119,107,122,112,108,18,124,126,118,116,117,123,109,29,110,105,127,106,113,111,121],"class_list":["post-4082","post","type-post","status-publish","format-standard","has-post-thumbnail","hentry","category-rinnovi","tag-celebrante-matrimonio-italia","tag-celebrante-rito-simbolico","tag-cerimonia-personalizzata","tag-cerimonia-spirituale","tag-colico-matrimonio","tag-elopement-italia","tag-handfasting-italia","tag-lago-di-como-matrimonio","tag-lago-di-lecco-matrimonio","tag-matrimonio","tag-matrimonio-a-colico","tag-matrimonio-alternativo","tag-matrimonio-autentico","tag-matrimonio-intimo","tag-matrimonio-lago-di-como","tag-matrimonio-nella-natura","tag-matrimonio-senza-invitati","tag-matrimonio-simbolico","tag-rinnovo-dei-voti","tag-rinnovo-promesse-matrimonio","tag-rinnovo-voti-lago-di-como","tag-rinnovo-voti-matrimonio","tag-rito-celtico-matrimonio","tag-rito-simbolico-matrimonio","tag-unione-simbolica"],"yoast_head":"<!-- This site is optimized with the Yoast SEO plugin v26.7 - https:\/\/yoast.com\/wordpress\/plugins\/seo\/ -->\n<title>Il rinnovo dei voti di Chiara e Nicola tra natura e semplicit\u00e0 sul Lago di Como - Annemeton - Celebrante naturale<\/title>\n<meta name=\"robots\" content=\"index, follow, max-snippet:-1, max-image-preview:large, max-video-preview:-1\" \/>\n<link rel=\"canonical\" href=\"https:\/\/celebrante.annemeton.com\/en\/il-rinnovo-dei-voti-di-chiara-e-nicola-tra-natura-e-semplicita-sul-lago-di-como\/\" \/>\n<meta property=\"og:locale\" content=\"en_GB\" \/>\n<meta property=\"og:type\" content=\"article\" \/>\n<meta property=\"og:title\" content=\"Il rinnovo dei voti di Chiara e Nicola tra natura e semplicit\u00e0 sul Lago di Como - Annemeton - Celebrante naturale\" \/>\n<meta property=\"og:description\" content=\"Un rinnovo dei voti intimo e autentico, nato tra le mura di casa e celebrato nella natura, a pochi passi da Colico, tra le acque del Lago di Lecco e il fascino del Lago di Como. Il racconto di una coppia che ha scelto, ancora una volta, di dirsi \u201cs\u00ec\u201d in modo semplice, profondo e completamente personale.\" \/>\n<meta property=\"og:url\" content=\"https:\/\/celebrante.annemeton.com\/en\/il-rinnovo-dei-voti-di-chiara-e-nicola-tra-natura-e-semplicita-sul-lago-di-como\/\" \/>\n<meta property=\"og:site_name\" content=\"Annemeton - Celebrante naturale\" \/>\n<meta property=\"article:published_time\" content=\"2026-04-20T07:22:22+00:00\" \/>\n<meta property=\"article:modified_time\" content=\"2026-04-20T07:22:23+00:00\" \/>\n<meta property=\"og:image\" content=\"https:\/\/celebrante.annemeton.com\/wp-content\/uploads\/2026\/04\/DSC00256-scaled.jpg\" \/>\n\t<meta property=\"og:image:width\" content=\"2560\" \/>\n\t<meta property=\"og:image:height\" content=\"1707\" \/>\n\t<meta property=\"og:image:type\" content=\"image\/jpeg\" \/>\n<meta name=\"author\" content=\"Annemeton\" \/>\n<meta name=\"twitter:card\" content=\"summary_large_image\" \/>\n<meta name=\"twitter:label1\" content=\"Written by\" \/>\n\t<meta name=\"twitter:data1\" content=\"Annemeton\" \/>\n\t<meta name=\"twitter:label2\" content=\"Estimated reading time\" \/>\n\t<meta name=\"twitter:data2\" content=\"3 minutes\" \/>\n<script type=\"application\/ld+json\" class=\"yoast-schema-graph\">{\"@context\":\"https:\/\/schema.org\",\"@graph\":[{\"@type\":\"Article\",\"@id\":\"https:\/\/celebrante.annemeton.com\/il-rinnovo-dei-voti-di-chiara-e-nicola-tra-natura-e-semplicita-sul-lago-di-como\/#article\",\"isPartOf\":{\"@id\":\"https:\/\/celebrante.annemeton.com\/il-rinnovo-dei-voti-di-chiara-e-nicola-tra-natura-e-semplicita-sul-lago-di-como\/\"},\"author\":{\"name\":\"Annemeton\",\"@id\":\"https:\/\/celebrante.annemeton.com\/#\/schema\/person\/6d18f0ccfb559305bc62f8d7fd83ef1d\"},\"headline\":\"Il rinnovo dei voti di Chiara e Nicola tra natura e semplicit\u00e0 sul Lago di Como\",\"datePublished\":\"2026-04-20T07:22:22+00:00\",\"dateModified\":\"2026-04-20T07:22:23+00:00\",\"mainEntityOfPage\":{\"@id\":\"https:\/\/celebrante.annemeton.com\/il-rinnovo-dei-voti-di-chiara-e-nicola-tra-natura-e-semplicita-sul-lago-di-como\/\"},\"wordCount\":433,\"commentCount\":0,\"publisher\":{\"@id\":\"https:\/\/celebrante.annemeton.com\/#\/schema\/person\/6d18f0ccfb559305bc62f8d7fd83ef1d\"},\"image\":{\"@id\":\"https:\/\/celebrante.annemeton.com\/il-rinnovo-dei-voti-di-chiara-e-nicola-tra-natura-e-semplicita-sul-lago-di-como\/#primaryimage\"},\"thumbnailUrl\":\"https:\/\/celebrante.annemeton.com\/wp-content\/uploads\/2026\/04\/DSC00256-scaled.jpg\",\"keywords\":[\"celebrante matrimonio Italia\",\"celebrante rito simbolico\",\"cerimonia personalizzata\",\"cerimonia spirituale\",\"Colico matrimonio\",\"elopement Italia\",\"handfasting Italia\",\"Lago di Como matrimonio\",\"Lago di Lecco matrimonio\",\"matrimonio\",\"matrimonio a Colico\",\"matrimonio alternativo\",\"matrimonio autentico\",\"matrimonio intimo\",\"matrimonio lago di Como\",\"matrimonio nella natura\",\"matrimonio senza invitati\",\"matrimonio simbolico\",\"rinnovo dei voti\",\"rinnovo promesse matrimonio\",\"rinnovo voti lago di Como\",\"rinnovo voti matrimonio\",\"rito celtico matrimonio\",\"rito simbolico matrimonio\",\"unione simbolica\"],\"articleSection\":[\"Rinnovi\"],\"inLanguage\":\"en-GB\",\"potentialAction\":[{\"@type\":\"CommentAction\",\"name\":\"Comment\",\"target\":[\"https:\/\/celebrante.annemeton.com\/il-rinnovo-dei-voti-di-chiara-e-nicola-tra-natura-e-semplicita-sul-lago-di-como\/#respond\"]}]},{\"@type\":\"WebPage\",\"@id\":\"https:\/\/celebrante.annemeton.com\/il-rinnovo-dei-voti-di-chiara-e-nicola-tra-natura-e-semplicita-sul-lago-di-como\/\",\"url\":\"https:\/\/celebrante.annemeton.com\/il-rinnovo-dei-voti-di-chiara-e-nicola-tra-natura-e-semplicita-sul-lago-di-como\/\",\"name\":\"Il rinnovo dei voti di Chiara e Nicola tra natura e semplicit\u00e0 sul Lago di Como - Annemeton - Celebrante naturale\",\"isPartOf\":{\"@id\":\"https:\/\/celebrante.annemeton.com\/#website\"},\"primaryImageOfPage\":{\"@id\":\"https:\/\/celebrante.annemeton.com\/il-rinnovo-dei-voti-di-chiara-e-nicola-tra-natura-e-semplicita-sul-lago-di-como\/#primaryimage\"},\"image\":{\"@id\":\"https:\/\/celebrante.annemeton.com\/il-rinnovo-dei-voti-di-chiara-e-nicola-tra-natura-e-semplicita-sul-lago-di-como\/#primaryimage\"},\"thumbnailUrl\":\"https:\/\/celebrante.annemeton.com\/wp-content\/uploads\/2026\/04\/DSC00256-scaled.jpg\",\"datePublished\":\"2026-04-20T07:22:22+00:00\",\"dateModified\":\"2026-04-20T07:22:23+00:00\",\"breadcrumb\":{\"@id\":\"https:\/\/celebrante.annemeton.com\/il-rinnovo-dei-voti-di-chiara-e-nicola-tra-natura-e-semplicita-sul-lago-di-como\/#breadcrumb\"},\"inLanguage\":\"en-GB\",\"potentialAction\":[{\"@type\":\"ReadAction\",\"target\":[\"https:\/\/celebrante.annemeton.com\/il-rinnovo-dei-voti-di-chiara-e-nicola-tra-natura-e-semplicita-sul-lago-di-como\/\"]}]},{\"@type\":\"ImageObject\",\"inLanguage\":\"en-GB\",\"@id\":\"https:\/\/celebrante.annemeton.com\/il-rinnovo-dei-voti-di-chiara-e-nicola-tra-natura-e-semplicita-sul-lago-di-como\/#primaryimage\",\"url\":\"https:\/\/celebrante.annemeton.com\/wp-content\/uploads\/2026\/04\/DSC00256-scaled.jpg\",\"contentUrl\":\"https:\/\/celebrante.annemeton.com\/wp-content\/uploads\/2026\/04\/DSC00256-scaled.jpg\",\"width\":2560,\"height\":1707,\"caption\":\"due fidanzati compiono il rito dell'handfasting con il rito celtico\"},{\"@type\":\"BreadcrumbList\",\"@id\":\"https:\/\/celebrante.annemeton.com\/il-rinnovo-dei-voti-di-chiara-e-nicola-tra-natura-e-semplicita-sul-lago-di-como\/#breadcrumb\",\"itemListElement\":[{\"@type\":\"ListItem\",\"position\":1,\"name\":\"Home\",\"item\":\"https:\/\/celebrante.annemeton.com\/\"},{\"@type\":\"ListItem\",\"position\":2,\"name\":\"Il rinnovo dei voti di Chiara e Nicola tra natura e semplicit\u00e0 sul Lago di Como\"}]},{\"@type\":\"WebSite\",\"@id\":\"https:\/\/celebrante.annemeton.com\/#website\",\"url\":\"https:\/\/celebrante.annemeton.com\/\",\"name\":\"Annemeton - Celebrante naturale\",\"description\":\"Celebrazioni naturali a Milano e dintorni\",\"publisher\":{\"@id\":\"https:\/\/celebrante.annemeton.com\/#\/schema\/person\/6d18f0ccfb559305bc62f8d7fd83ef1d\"},\"potentialAction\":[{\"@type\":\"SearchAction\",\"target\":{\"@type\":\"EntryPoint\",\"urlTemplate\":\"https:\/\/celebrante.annemeton.com\/?s={search_term_string}\"},\"query-input\":{\"@type\":\"PropertyValueSpecification\",\"valueRequired\":true,\"valueName\":\"search_term_string\"}}],\"inLanguage\":\"en-GB\"},{\"@type\":[\"Person\",\"Organization\"],\"@id\":\"https:\/\/celebrante.annemeton.com\/#\/schema\/person\/6d18f0ccfb559305bc62f8d7fd83ef1d\",\"name\":\"Annemeton\",\"image\":{\"@type\":\"ImageObject\",\"inLanguage\":\"en-GB\",\"@id\":\"https:\/\/celebrante.annemeton.com\/#\/schema\/person\/image\/\",\"url\":\"https:\/\/celebrante.annemeton.com\/wp-content\/uploads\/2023\/11\/cropped-annemeton-logo.png\",\"contentUrl\":\"https:\/\/celebrante.annemeton.com\/wp-content\/uploads\/2023\/11\/cropped-annemeton-logo.png\",\"width\":1583,\"height\":1583,\"caption\":\"Annemeton\"},\"logo\":{\"@id\":\"https:\/\/celebrante.annemeton.com\/#\/schema\/person\/image\/\"},\"description\":\"Celebrante professionale specializzata in matrimoni simbolici e celtici\",\"url\":\"https:\/\/celebrante.annemeton.com\/en\/author\/anna\/\"}]}<\/script>\n<!-- \/ Yoast SEO plugin. -->","yoast_head_json":{"title":"Il rinnovo dei voti di Chiara e Nicola tra natura e semplicit\u00e0 sul Lago di Como - Annemeton - Celebrante naturale","robots":{"index":"index","follow":"follow","max-snippet":"max-snippet:-1","max-image-preview":"max-image-preview:large","max-video-preview":"max-video-preview:-1"},"canonical":"https:\/\/celebrante.annemeton.com\/en\/il-rinnovo-dei-voti-di-chiara-e-nicola-tra-natura-e-semplicita-sul-lago-di-como\/","og_locale":"en_GB","og_type":"article","og_title":"Il rinnovo dei voti di Chiara e Nicola tra natura e semplicit\u00e0 sul Lago di Como - Annemeton - Celebrante naturale","og_description":"Un rinnovo dei voti intimo e autentico, nato tra le mura di casa e celebrato nella natura, a pochi passi da Colico, tra le acque del Lago di Lecco e il fascino del Lago di Como. Il racconto di una coppia che ha scelto, ancora una volta, di dirsi \u201cs\u00ec\u201d in modo semplice, profondo e completamente personale.","og_url":"https:\/\/celebrante.annemeton.com\/en\/il-rinnovo-dei-voti-di-chiara-e-nicola-tra-natura-e-semplicita-sul-lago-di-como\/","og_site_name":"Annemeton - Celebrante naturale","article_published_time":"2026-04-20T07:22:22+00:00","article_modified_time":"2026-04-20T07:22:23+00:00","og_image":[{"width":2560,"height":1707,"url":"https:\/\/celebrante.annemeton.com\/wp-content\/uploads\/2026\/04\/DSC00256-scaled.jpg","type":"image\/jpeg"}],"author":"Annemeton","twitter_card":"summary_large_image","twitter_misc":{"Written by":"Annemeton","Estimated reading time":"3 minutes"},"schema":{"@context":"https:\/\/schema.org","@graph":[{"@type":"Article","@id":"https:\/\/celebrante.annemeton.com\/il-rinnovo-dei-voti-di-chiara-e-nicola-tra-natura-e-semplicita-sul-lago-di-como\/#article","isPartOf":{"@id":"https:\/\/celebrante.annemeton.com\/il-rinnovo-dei-voti-di-chiara-e-nicola-tra-natura-e-semplicita-sul-lago-di-como\/"},"author":{"name":"Annemeton","@id":"https:\/\/celebrante.annemeton.com\/#\/schema\/person\/6d18f0ccfb559305bc62f8d7fd83ef1d"},"headline":"Il rinnovo dei voti di Chiara e Nicola tra natura e semplicit\u00e0 sul Lago di Como","datePublished":"2026-04-20T07:22:22+00:00","dateModified":"2026-04-20T07:22:23+00:00","mainEntityOfPage":{"@id":"https:\/\/celebrante.annemeton.com\/il-rinnovo-dei-voti-di-chiara-e-nicola-tra-natura-e-semplicita-sul-lago-di-como\/"},"wordCount":433,"commentCount":0,"publisher":{"@id":"https:\/\/celebrante.annemeton.com\/#\/schema\/person\/6d18f0ccfb559305bc62f8d7fd83ef1d"},"image":{"@id":"https:\/\/celebrante.annemeton.com\/il-rinnovo-dei-voti-di-chiara-e-nicola-tra-natura-e-semplicita-sul-lago-di-como\/#primaryimage"},"thumbnailUrl":"https:\/\/celebrante.annemeton.com\/wp-content\/uploads\/2026\/04\/DSC00256-scaled.jpg","keywords":["celebrante matrimonio Italia","celebrante rito simbolico","cerimonia personalizzata","cerimonia spirituale","Colico matrimonio","elopement Italia","handfasting Italia","Lago di Como matrimonio","Lago di Lecco matrimonio","matrimonio","matrimonio a Colico","matrimonio alternativo","matrimonio autentico","matrimonio intimo","matrimonio lago di Como","matrimonio nella natura","matrimonio senza invitati","matrimonio simbolico","rinnovo dei voti","rinnovo promesse matrimonio","rinnovo voti lago di Como","rinnovo voti matrimonio","rito celtico matrimonio","rito simbolico matrimonio","unione simbolica"],"articleSection":["Rinnovi"],"inLanguage":"en-GB","potentialAction":[{"@type":"CommentAction","name":"Comment","target":["https:\/\/celebrante.annemeton.com\/il-rinnovo-dei-voti-di-chiara-e-nicola-tra-natura-e-semplicita-sul-lago-di-como\/#respond"]}]},{"@type":"WebPage","@id":"https:\/\/celebrante.annemeton.com\/il-rinnovo-dei-voti-di-chiara-e-nicola-tra-natura-e-semplicita-sul-lago-di-como\/","url":"https:\/\/celebrante.annemeton.com\/il-rinnovo-dei-voti-di-chiara-e-nicola-tra-natura-e-semplicita-sul-lago-di-como\/","name":"Il rinnovo dei voti di Chiara e Nicola tra natura e semplicit\u00e0 sul Lago di Como - Annemeton - Celebrante naturale","isPartOf":{"@id":"https:\/\/celebrante.annemeton.com\/#website"},"primaryImageOfPage":{"@id":"https:\/\/celebrante.annemeton.com\/il-rinnovo-dei-voti-di-chiara-e-nicola-tra-natura-e-semplicita-sul-lago-di-como\/#primaryimage"},"image":{"@id":"https:\/\/celebrante.annemeton.com\/il-rinnovo-dei-voti-di-chiara-e-nicola-tra-natura-e-semplicita-sul-lago-di-como\/#primaryimage"},"thumbnailUrl":"https:\/\/celebrante.annemeton.com\/wp-content\/uploads\/2026\/04\/DSC00256-scaled.jpg","datePublished":"2026-04-20T07:22:22+00:00","dateModified":"2026-04-20T07:22:23+00:00","breadcrumb":{"@id":"https:\/\/celebrante.annemeton.com\/il-rinnovo-dei-voti-di-chiara-e-nicola-tra-natura-e-semplicita-sul-lago-di-como\/#breadcrumb"},"inLanguage":"en-GB","potentialAction":[{"@type":"ReadAction","target":["https:\/\/celebrante.annemeton.com\/il-rinnovo-dei-voti-di-chiara-e-nicola-tra-natura-e-semplicita-sul-lago-di-como\/"]}]},{"@type":"ImageObject","inLanguage":"en-GB","@id":"https:\/\/celebrante.annemeton.com\/il-rinnovo-dei-voti-di-chiara-e-nicola-tra-natura-e-semplicita-sul-lago-di-como\/#primaryimage","url":"https:\/\/celebrante.annemeton.com\/wp-content\/uploads\/2026\/04\/DSC00256-scaled.jpg","contentUrl":"https:\/\/celebrante.annemeton.com\/wp-content\/uploads\/2026\/04\/DSC00256-scaled.jpg","width":2560,"height":1707,"caption":"due fidanzati compiono il rito dell'handfasting con il rito celtico"},{"@type":"BreadcrumbList","@id":"https:\/\/celebrante.annemeton.com\/il-rinnovo-dei-voti-di-chiara-e-nicola-tra-natura-e-semplicita-sul-lago-di-como\/#breadcrumb","itemListElement":[{"@type":"ListItem","position":1,"name":"Home","item":"https:\/\/celebrante.annemeton.com\/"},{"@type":"ListItem","position":2,"name":"Il rinnovo dei voti di Chiara e Nicola tra natura e semplicit\u00e0 sul Lago di Como"}]},{"@type":"WebSite","@id":"https:\/\/celebrante.annemeton.com\/#website","url":"https:\/\/celebrante.annemeton.com\/","name":"Annemeton - Celebrante naturale","description":"Celebrazioni naturali a Milano e dintorni","publisher":{"@id":"https:\/\/celebrante.annemeton.com\/#\/schema\/person\/6d18f0ccfb559305bc62f8d7fd83ef1d"},"potentialAction":[{"@type":"SearchAction","target":{"@type":"EntryPoint","urlTemplate":"https:\/\/celebrante.annemeton.com\/?s={search_term_string}"},"query-input":{"@type":"PropertyValueSpecification","valueRequired":true,"valueName":"search_term_string"}}],"inLanguage":"en-GB"},{"@type":["Person","Organization"],"@id":"https:\/\/celebrante.annemeton.com\/#\/schema\/person\/6d18f0ccfb559305bc62f8d7fd83ef1d","name":"Annemeton","image":{"@type":"ImageObject","inLanguage":"en-GB","@id":"https:\/\/celebrante.annemeton.com\/#\/schema\/person\/image\/","url":"https:\/\/celebrante.annemeton.com\/wp-content\/uploads\/2023\/11\/cropped-annemeton-logo.png","contentUrl":"https:\/\/celebrante.annemeton.com\/wp-content\/uploads\/2023\/11\/cropped-annemeton-logo.png","width":1583,"height":1583,"caption":"Annemeton"},"logo":{"@id":"https:\/\/celebrante.annemeton.com\/#\/schema\/person\/image\/"},"description":"Celebrante professionale specializzata in matrimoni simbolici e celtici","url":"https:\/\/celebrante.annemeton.com\/en\/author\/anna\/"}]}},"_links":{"self":[{"href":"https:\/\/celebrante.annemeton.com\/en\/wp-json\/wp\/v2\/posts\/4082","targetHints":{"allow":["GET"]}}],"collection":[{"href":"https:\/\/celebrante.annemeton.com\/en\/wp-json\/wp\/v2\/posts"}],"about":[{"href":"https:\/\/celebrante.annemeton.com\/en\/wp-json\/wp\/v2\/types\/post"}],"author":[{"embeddable":true,"href":"https:\/\/celebrante.annemeton.com\/en\/wp-json\/wp\/v2\/users\/2"}],"replies":[{"embeddable":true,"href":"https:\/\/celebrante.annemeton.com\/en\/wp-json\/wp\/v2\/comments?post=4082"}],"version-history":[{"count":1,"href":"https:\/\/celebrante.annemeton.com\/en\/wp-json\/wp\/v2\/posts\/4082\/revisions"}],"predecessor-version":[{"id":4084,"href":"https:\/\/celebrante.annemeton.com\/en\/wp-json\/wp\/v2\/posts\/4082\/revisions\/4084"}],"wp:featuredmedia":[{"embeddable":true,"href":"https:\/\/celebrante.annemeton.com\/en\/wp-json\/wp\/v2\/media\/4083"}],"wp:attachment":[{"href":"https:\/\/celebrante.annemeton.com\/en\/wp-json\/wp\/v2\/media?parent=4082"}],"wp:term":[{"taxonomy":"category","embeddable":true,"href":"https:\/\/celebrante.annemeton.com\/en\/wp-json\/wp\/v2\/categories?post=4082"},{"taxonomy":"post_tag","embeddable":true,"href":"https:\/\/celebrante.annemeton.com\/en\/wp-json\/wp\/v2\/tags?post=4082"}],"curies":[{"name":"wp","href":"https:\/\/api.w.org\/{rel}","templated":true}]}}