{"id":4092,"date":"2026-05-06T08:13:39","date_gmt":"2026-05-06T08:13:39","guid":{"rendered":"https:\/\/celebrante.annemeton.com\/?p=4092"},"modified":"2026-05-06T08:15:30","modified_gmt":"2026-05-06T08:15:30","slug":"un-matrimonio-celtico-tra-le-colline-del-monferrato-la-storia-di-claudia-e-diego","status":"publish","type":"post","link":"https:\/\/celebrante.annemeton.com\/en\/un-matrimonio-celtico-tra-le-colline-del-monferrato-la-storia-di-claudia-e-diego\/","title":{"rendered":"Un matrimonio celtico tra le colline del Monferrato: la storia di Claudia e Diego"},"content":{"rendered":"<p class=\"wp-block-paragraph\">Claudia e Diego sono una coppia splendida: l\u2019ho compreso sin dal primo incontro telefonico, quando Claudia, con l\u2019entusiasmo e la gioia che la contraddistinguono, mi ha annunciato il desiderio di partecipare al Viaggio ad Avalon 2024 insieme al suo compagno Diego. Con loro si \u00e8 creata da subito una sintonia sincera: la loro dolcezza e la capacit\u00e0 di accogliere ogni persona del gruppo di viaggio con naturalezza e gioia ha fatto s\u00ec che tutto il gruppo arrivasse a nutrire per loro un immenso affetto.<\/p>\n\n\n\n<h3 class=\"wp-block-heading\">La proposta al Tor di Glastonbury<\/h3>\n\n\n\n<p class=\"wp-block-paragraph\">Prima della partenza, Diego mi confid\u00f2 il suo desiderio: scegliere un luogo carico di significato per chiedere a Claudia di condividere la vita insieme. Il <a href=\"https:\/\/annemeton.com\/avalon\/\">Tor di Glastonbury<\/a>, con la sua energia intensa, si \u00e8 rivelato il custode perfetto di quel momento. Avevamo programmato tutto in modo che Claudia non sapesse nulla; all\u2019alba di un fresco giorno di luglio 2024, tra la luce dorata della Dea Brighid e una leggera brezza fatata del mattino, <strong>\u00e8 arrivata la proposta<\/strong>. Un momento che ha commosso me e tutti i partecipanti, atteso a lungo e finalmente compiuto in quello che sento essere uno dei luoghi pi\u00f9 speciali della Terra.<\/p>\n\n\n\n<h3 class=\"wp-block-heading\">Un matrimonio nel bosco ispirato ad Avalon<\/h3>\n\n\n\n<p class=\"wp-block-paragraph\">Da quel momento mi sono sentita, in qualche modo, custode del loro amore e, pochi giorni dopo, durante il viaggio, mi hanno chiesto di <strong>diventare la loro celebrante di nozze<\/strong>. Cos\u00ec, il 13 settembre 2025, la loro unione ha trovato compimento tra le colline del Monferrato, alla <strong><a href=\"https:\/\/www.lacommediadellapentola.it\/\">Commedia della Pentola<\/a><\/strong>, vicino ad Alessandria. La cerimonia ha seguito<strong> il rito del mio matrimonio celtico<\/strong>, ricco di simboli e rituali legati agli elementi, alla terra e al legame profondo tra le anime. A tratti sembrava di trovarsi ancora nelle Terre di Avalon, immersi nella magia di quei luoghi indimenticabili. Devo dire che accompagnare una coppia con cui si \u00e8 condiviso un viaggio cos\u00ec intenso porta la celebrazione a un livello ancora pi\u00f9 profondo: le parole si radicano nelle esperienze e i vissuti diventano ancora pi\u00f9 vivi e tangibili. Durante la cerimonia, ogni passaggio della loro storia di crescita e conoscenza si \u00e8 intrecciato con il momento presente assieme a tutte le persone presenti, creando uno spazio di profondo coinvolgimento e sacralit\u00e0.<\/p>\n\n\n\n<p class=\"wp-block-paragraph\">\u00c8 questa la forza dei matrimoni spirituali:<strong> trasformare la storia personale in un rito che parla al cuore<\/strong> and<strong> resta nel tempo<\/strong>.<\/p>\n\n\n\n<h3 class=\"wp-block-heading\">Un ricordo che continua a vibrare<\/h3>\n\n\n\n<p class=\"wp-block-paragraph\">Il matrimonio di Claudia e Diego ha lasciato una traccia sottile e luminosa nel mio cuore, come una melodia che continua a risuonare anche dopo l\u2019ultimo accordo. E in quel cerchio, tra noccioli e aceri, continua a vivere la loro promessa d\u2019amore.<\/p>\n\n\n\n<p class=\"wp-block-paragraph\">Vi voglio bene, <\/p>\n\n\n\n<p class=\"wp-block-paragraph\">Annemeton<\/p>","protected":false},"excerpt":{"rendered":"<p>Un matrimonio celtico ispirato alle energie di Avalon, immerso nella natura delle colline del Monferrato: Claudia e Diego hanno scelto un rito ache li rappresenta, dando vita a uno dei pi\u00f9 intensi matrimoni spirituali. Dal viaggio ad Avalon fino alla proposta al Tor di Glastonbury, la loro storia si \u00e8 trasformata in una celebrazione simbolica tra gli alberi, un vero matrimonio nel bosco capace di unire emozione, ritualit\u00e0 e connessione con gli elementi. Un esempio di matrimonio naturale che racconta amore, presenza e significato.<\/p>","protected":false},"author":2,"featured_media":4093,"comment_status":"open","ping_status":"closed","sticky":false,"template":"","format":"standard","meta":{"site-sidebar-layout":"default","site-content-layout":"","ast-site-content-layout":"default","site-content-style":"default","site-sidebar-style":"default","ast-global-header-display":"","ast-banner-title-visibility":"","ast-main-header-display":"","ast-hfb-above-header-display":"","ast-hfb-below-header-display":"","ast-hfb-mobile-header-display":"","site-post-title":"","ast-breadcrumbs-content":"","ast-featured-img":"","footer-sml-layout":"","theme-transparent-header-meta":"","adv-header-id-meta":"","stick-header-meta":"","header-above-stick-meta":"","header-main-stick-meta":"","header-below-stick-meta":"","astra-migrate-meta-layouts":"set","ast-page-background-enabled":"default","ast-page-background-meta":{"desktop":{"background-color":"","background-image":"","background-repeat":"repeat","background-position":"center center","background-size":"auto","background-attachment":"scroll","background-type":"","background-media":"","overlay-type":"","overlay-color":"","overlay-gradient":""},"tablet":{"background-color":"","background-image":"","background-repeat":"repeat","background-position":"center center","background-size":"auto","background-attachment":"scroll","background-type":"","background-media":"","overlay-type":"","overlay-color":"","overlay-gradient":""},"mobile":{"background-color":"","background-image":"","background-repeat":"repeat","background-position":"center center","background-size":"auto","background-attachment":"scroll","background-type":"","background-media":"","overlay-type":"","overlay-color":"","overlay-gradient":""}},"ast-content-background-meta":{"desktop":{"background-color":"var(--ast-global-color-5)","background-image":"","background-repeat":"repeat","background-position":"center center","background-size":"auto","background-attachment":"scroll","background-type":"","background-media":"","overlay-type":"","overlay-color":"","overlay-gradient":""},"tablet":{"background-color":"var(--ast-global-color-5)","background-image":"","background-repeat":"repeat","background-position":"center center","background-size":"auto","background-attachment":"scroll","background-type":"","background-media":"","overlay-type":"","overlay-color":"","overlay-gradient":""},"mobile":{"background-color":"var(--ast-global-color-5)","background-image":"","background-repeat":"repeat","background-position":"center center","background-size":"auto","background-attachment":"scroll","background-type":"","background-media":"","overlay-type":"","overlay-color":"","overlay-gradient":""}},"footnotes":""},"categories":[25],"tags":[129,29,130,27,48,47,128],"class_list":["post-4092","post","type-post","status-publish","format-standard","has-post-thumbnail","hentry","category-matrimonio-celtico","tag-avalon","tag-matrimonio-simbolico","tag-matrimonioavalon","tag-matrimonioceltico","tag-matrimonioinnatura","tag-matrimonionelbosco","tag-unioneceltica"],"yoast_head":"<!-- This site is optimized with the Yoast SEO plugin v26.7 - https:\/\/yoast.com\/wordpress\/plugins\/seo\/ -->\n<title>matrimonio-celtico-nel-bosco-monferrato<\/title>\n<meta name=\"description\" content=\"Un matrimonio celtico ispirato alle energie di Avalon, immerso nella natura delle colline del Monferrato: Claudia e Diego hanno scelto un rito autentico e profondo, dando vita a uno dei pi\u00f9 intensi matrimoni spirituali. Dal viaggio ad Avalon fino alla proposta al Tor di Glastonbury, la loro storia si \u00e8 trasformata in un matrimonio celtico celebrato tra gli alberi, un vero matrimonio nel bosco capace di unire emozione, ritualit\u00e0 e connessione con gli elementi. Un esempio di matrimonio naturale che racconta amore, presenza e significato.\" \/>\n<meta name=\"robots\" content=\"index, follow, max-snippet:-1, max-image-preview:large, max-video-preview:-1\" \/>\n<link rel=\"canonical\" href=\"https:\/\/celebrante.annemeton.com\/en\/un-matrimonio-celtico-tra-le-colline-del-monferrato-la-storia-di-claudia-e-diego\/\" \/>\n<meta property=\"og:locale\" content=\"en_GB\" \/>\n<meta property=\"og:type\" content=\"article\" \/>\n<meta property=\"og:title\" content=\"matrimonio-celtico-nel-bosco-monferrato\" \/>\n<meta property=\"og:description\" content=\"Un matrimonio celtico ispirato alle energie di Avalon, immerso nella natura delle colline del Monferrato: Claudia e Diego hanno scelto un rito autentico e profondo, dando vita a uno dei pi\u00f9 intensi matrimoni spirituali. Dal viaggio ad Avalon fino alla proposta al Tor di Glastonbury, la loro storia si \u00e8 trasformata in un matrimonio celtico celebrato tra gli alberi, un vero matrimonio nel bosco capace di unire emozione, ritualit\u00e0 e connessione con gli elementi. Un esempio di matrimonio naturale che racconta amore, presenza e significato.\" \/>\n<meta property=\"og:url\" content=\"https:\/\/celebrante.annemeton.com\/en\/un-matrimonio-celtico-tra-le-colline-del-monferrato-la-storia-di-claudia-e-diego\/\" \/>\n<meta property=\"og:site_name\" content=\"Annemeton - Celebrante naturale\" \/>\n<meta property=\"article:published_time\" content=\"2026-05-06T08:13:39+00:00\" \/>\n<meta property=\"article:modified_time\" content=\"2026-05-06T08:15:30+00:00\" \/>\n<meta property=\"og:image\" content=\"https:\/\/celebrante.annemeton.com\/wp-content\/uploads\/2026\/05\/702-scaled.jpeg\" \/>\n\t<meta property=\"og:image:width\" content=\"2560\" \/>\n\t<meta property=\"og:image:height\" content=\"1707\" \/>\n\t<meta property=\"og:image:type\" content=\"image\/jpeg\" \/>\n<meta name=\"author\" content=\"Annemeton\" \/>\n<meta name=\"twitter:card\" content=\"summary_large_image\" \/>\n<meta name=\"twitter:label1\" content=\"Written by\" \/>\n\t<meta name=\"twitter:data1\" content=\"Annemeton\" \/>\n\t<meta name=\"twitter:label2\" content=\"Estimated reading time\" \/>\n\t<meta name=\"twitter:data2\" content=\"3 minutes\" \/>\n<script type=\"application\/ld+json\" class=\"yoast-schema-graph\">{\"@context\":\"https:\/\/schema.org\",\"@graph\":[{\"@type\":\"Article\",\"@id\":\"https:\/\/celebrante.annemeton.com\/un-matrimonio-celtico-tra-le-colline-del-monferrato-la-storia-di-claudia-e-diego\/#article\",\"isPartOf\":{\"@id\":\"https:\/\/celebrante.annemeton.com\/un-matrimonio-celtico-tra-le-colline-del-monferrato-la-storia-di-claudia-e-diego\/\"},\"author\":{\"name\":\"Annemeton\",\"@id\":\"https:\/\/celebrante.annemeton.com\/#\/schema\/person\/6d18f0ccfb559305bc62f8d7fd83ef1d\"},\"headline\":\"Un matrimonio celtico tra le colline del Monferrato: la storia di Claudia e Diego\",\"datePublished\":\"2026-05-06T08:13:39+00:00\",\"dateModified\":\"2026-05-06T08:15:30+00:00\",\"mainEntityOfPage\":{\"@id\":\"https:\/\/celebrante.annemeton.com\/un-matrimonio-celtico-tra-le-colline-del-monferrato-la-storia-di-claudia-e-diego\/\"},\"wordCount\":455,\"commentCount\":0,\"publisher\":{\"@id\":\"https:\/\/celebrante.annemeton.com\/#\/schema\/person\/6d18f0ccfb559305bc62f8d7fd83ef1d\"},\"image\":{\"@id\":\"https:\/\/celebrante.annemeton.com\/un-matrimonio-celtico-tra-le-colline-del-monferrato-la-storia-di-claudia-e-diego\/#primaryimage\"},\"thumbnailUrl\":\"https:\/\/celebrante.annemeton.com\/wp-content\/uploads\/2026\/05\/702-scaled.jpeg\",\"keywords\":[\"avalon\",\"matrimonio simbolico\",\"matrimonioavalon\",\"matrimonioceltico\",\"matrimonioinnatura\",\"matrimonionelbosco\",\"unioneceltica\"],\"articleSection\":[\"Matrimonio celtico\"],\"inLanguage\":\"en-GB\",\"potentialAction\":[{\"@type\":\"CommentAction\",\"name\":\"Comment\",\"target\":[\"https:\/\/celebrante.annemeton.com\/un-matrimonio-celtico-tra-le-colline-del-monferrato-la-storia-di-claudia-e-diego\/#respond\"]}]},{\"@type\":\"WebPage\",\"@id\":\"https:\/\/celebrante.annemeton.com\/un-matrimonio-celtico-tra-le-colline-del-monferrato-la-storia-di-claudia-e-diego\/\",\"url\":\"https:\/\/celebrante.annemeton.com\/un-matrimonio-celtico-tra-le-colline-del-monferrato-la-storia-di-claudia-e-diego\/\",\"name\":\"matrimonio-celtico-nel-bosco-monferrato\",\"isPartOf\":{\"@id\":\"https:\/\/celebrante.annemeton.com\/#website\"},\"primaryImageOfPage\":{\"@id\":\"https:\/\/celebrante.annemeton.com\/un-matrimonio-celtico-tra-le-colline-del-monferrato-la-storia-di-claudia-e-diego\/#primaryimage\"},\"image\":{\"@id\":\"https:\/\/celebrante.annemeton.com\/un-matrimonio-celtico-tra-le-colline-del-monferrato-la-storia-di-claudia-e-diego\/#primaryimage\"},\"thumbnailUrl\":\"https:\/\/celebrante.annemeton.com\/wp-content\/uploads\/2026\/05\/702-scaled.jpeg\",\"datePublished\":\"2026-05-06T08:13:39+00:00\",\"dateModified\":\"2026-05-06T08:15:30+00:00\",\"description\":\"Un matrimonio celtico ispirato alle energie di Avalon, immerso nella natura delle colline del Monferrato: Claudia e Diego hanno scelto un rito autentico e profondo, dando vita a uno dei pi\u00f9 intensi matrimoni spirituali. Dal viaggio ad Avalon fino alla proposta al Tor di Glastonbury, la loro storia si \u00e8 trasformata in un matrimonio celtico celebrato tra gli alberi, un vero matrimonio nel bosco capace di unire emozione, ritualit\u00e0 e connessione con gli elementi. Un esempio di matrimonio naturale che racconta amore, presenza e significato.\",\"breadcrumb\":{\"@id\":\"https:\/\/celebrante.annemeton.com\/un-matrimonio-celtico-tra-le-colline-del-monferrato-la-storia-di-claudia-e-diego\/#breadcrumb\"},\"inLanguage\":\"en-GB\",\"potentialAction\":[{\"@type\":\"ReadAction\",\"target\":[\"https:\/\/celebrante.annemeton.com\/un-matrimonio-celtico-tra-le-colline-del-monferrato-la-storia-di-claudia-e-diego\/\"]}]},{\"@type\":\"ImageObject\",\"inLanguage\":\"en-GB\",\"@id\":\"https:\/\/celebrante.annemeton.com\/un-matrimonio-celtico-tra-le-colline-del-monferrato-la-storia-di-claudia-e-diego\/#primaryimage\",\"url\":\"https:\/\/celebrante.annemeton.com\/wp-content\/uploads\/2026\/05\/702-scaled.jpeg\",\"contentUrl\":\"https:\/\/celebrante.annemeton.com\/wp-content\/uploads\/2026\/05\/702-scaled.jpeg\",\"width\":2560,\"height\":1707},{\"@type\":\"BreadcrumbList\",\"@id\":\"https:\/\/celebrante.annemeton.com\/un-matrimonio-celtico-tra-le-colline-del-monferrato-la-storia-di-claudia-e-diego\/#breadcrumb\",\"itemListElement\":[{\"@type\":\"ListItem\",\"position\":1,\"name\":\"Home\",\"item\":\"https:\/\/celebrante.annemeton.com\/\"},{\"@type\":\"ListItem\",\"position\":2,\"name\":\"Un matrimonio celtico tra le colline del Monferrato: la storia di Claudia e Diego\"}]},{\"@type\":\"WebSite\",\"@id\":\"https:\/\/celebrante.annemeton.com\/#website\",\"url\":\"https:\/\/celebrante.annemeton.com\/\",\"name\":\"Annemeton - Celebrante naturale\",\"description\":\"Celebrazioni naturali a Milano e dintorni\",\"publisher\":{\"@id\":\"https:\/\/celebrante.annemeton.com\/#\/schema\/person\/6d18f0ccfb559305bc62f8d7fd83ef1d\"},\"potentialAction\":[{\"@type\":\"SearchAction\",\"target\":{\"@type\":\"EntryPoint\",\"urlTemplate\":\"https:\/\/celebrante.annemeton.com\/?s={search_term_string}\"},\"query-input\":{\"@type\":\"PropertyValueSpecification\",\"valueRequired\":true,\"valueName\":\"search_term_string\"}}],\"inLanguage\":\"en-GB\"},{\"@type\":[\"Person\",\"Organization\"],\"@id\":\"https:\/\/celebrante.annemeton.com\/#\/schema\/person\/6d18f0ccfb559305bc62f8d7fd83ef1d\",\"name\":\"Annemeton\",\"image\":{\"@type\":\"ImageObject\",\"inLanguage\":\"en-GB\",\"@id\":\"https:\/\/celebrante.annemeton.com\/#\/schema\/person\/image\/\",\"url\":\"https:\/\/celebrante.annemeton.com\/wp-content\/uploads\/2023\/11\/cropped-annemeton-logo.png\",\"contentUrl\":\"https:\/\/celebrante.annemeton.com\/wp-content\/uploads\/2023\/11\/cropped-annemeton-logo.png\",\"width\":1583,\"height\":1583,\"caption\":\"Annemeton\"},\"logo\":{\"@id\":\"https:\/\/celebrante.annemeton.com\/#\/schema\/person\/image\/\"},\"description\":\"Celebrante professionale specializzata in matrimoni simbolici e celtici\",\"url\":\"https:\/\/celebrante.annemeton.com\/en\/author\/anna\/\"}]}<\/script>\n<!-- \/ Yoast SEO plugin. -->","yoast_head_json":{"title":"matrimonio-celtico-nel-bosco-monferrato","description":"Un matrimonio celtico ispirato alle energie di Avalon, immerso nella natura delle colline del Monferrato: Claudia e Diego hanno scelto un rito autentico e profondo, dando vita a uno dei pi\u00f9 intensi matrimoni spirituali. Dal viaggio ad Avalon fino alla proposta al Tor di Glastonbury, la loro storia si \u00e8 trasformata in un matrimonio celtico celebrato tra gli alberi, un vero matrimonio nel bosco capace di unire emozione, ritualit\u00e0 e connessione con gli elementi. Un esempio di matrimonio naturale che racconta amore, presenza e significato.","robots":{"index":"index","follow":"follow","max-snippet":"max-snippet:-1","max-image-preview":"max-image-preview:large","max-video-preview":"max-video-preview:-1"},"canonical":"https:\/\/celebrante.annemeton.com\/en\/un-matrimonio-celtico-tra-le-colline-del-monferrato-la-storia-di-claudia-e-diego\/","og_locale":"en_GB","og_type":"article","og_title":"matrimonio-celtico-nel-bosco-monferrato","og_description":"Un matrimonio celtico ispirato alle energie di Avalon, immerso nella natura delle colline del Monferrato: Claudia e Diego hanno scelto un rito autentico e profondo, dando vita a uno dei pi\u00f9 intensi matrimoni spirituali. Dal viaggio ad Avalon fino alla proposta al Tor di Glastonbury, la loro storia si \u00e8 trasformata in un matrimonio celtico celebrato tra gli alberi, un vero matrimonio nel bosco capace di unire emozione, ritualit\u00e0 e connessione con gli elementi. Un esempio di matrimonio naturale che racconta amore, presenza e significato.","og_url":"https:\/\/celebrante.annemeton.com\/en\/un-matrimonio-celtico-tra-le-colline-del-monferrato-la-storia-di-claudia-e-diego\/","og_site_name":"Annemeton - Celebrante naturale","article_published_time":"2026-05-06T08:13:39+00:00","article_modified_time":"2026-05-06T08:15:30+00:00","og_image":[{"width":2560,"height":1707,"url":"https:\/\/celebrante.annemeton.com\/wp-content\/uploads\/2026\/05\/702-scaled.jpeg","type":"image\/jpeg"}],"author":"Annemeton","twitter_card":"summary_large_image","twitter_misc":{"Written by":"Annemeton","Estimated reading time":"3 minutes"},"schema":{"@context":"https:\/\/schema.org","@graph":[{"@type":"Article","@id":"https:\/\/celebrante.annemeton.com\/un-matrimonio-celtico-tra-le-colline-del-monferrato-la-storia-di-claudia-e-diego\/#article","isPartOf":{"@id":"https:\/\/celebrante.annemeton.com\/un-matrimonio-celtico-tra-le-colline-del-monferrato-la-storia-di-claudia-e-diego\/"},"author":{"name":"Annemeton","@id":"https:\/\/celebrante.annemeton.com\/#\/schema\/person\/6d18f0ccfb559305bc62f8d7fd83ef1d"},"headline":"Un matrimonio celtico tra le colline del Monferrato: la storia di Claudia e Diego","datePublished":"2026-05-06T08:13:39+00:00","dateModified":"2026-05-06T08:15:30+00:00","mainEntityOfPage":{"@id":"https:\/\/celebrante.annemeton.com\/un-matrimonio-celtico-tra-le-colline-del-monferrato-la-storia-di-claudia-e-diego\/"},"wordCount":455,"commentCount":0,"publisher":{"@id":"https:\/\/celebrante.annemeton.com\/#\/schema\/person\/6d18f0ccfb559305bc62f8d7fd83ef1d"},"image":{"@id":"https:\/\/celebrante.annemeton.com\/un-matrimonio-celtico-tra-le-colline-del-monferrato-la-storia-di-claudia-e-diego\/#primaryimage"},"thumbnailUrl":"https:\/\/celebrante.annemeton.com\/wp-content\/uploads\/2026\/05\/702-scaled.jpeg","keywords":["avalon","matrimonio simbolico","matrimonioavalon","matrimonioceltico","matrimonioinnatura","matrimonionelbosco","unioneceltica"],"articleSection":["Matrimonio celtico"],"inLanguage":"en-GB","potentialAction":[{"@type":"CommentAction","name":"Comment","target":["https:\/\/celebrante.annemeton.com\/un-matrimonio-celtico-tra-le-colline-del-monferrato-la-storia-di-claudia-e-diego\/#respond"]}]},{"@type":"WebPage","@id":"https:\/\/celebrante.annemeton.com\/un-matrimonio-celtico-tra-le-colline-del-monferrato-la-storia-di-claudia-e-diego\/","url":"https:\/\/celebrante.annemeton.com\/un-matrimonio-celtico-tra-le-colline-del-monferrato-la-storia-di-claudia-e-diego\/","name":"matrimonio-celtico-nel-bosco-monferrato","isPartOf":{"@id":"https:\/\/celebrante.annemeton.com\/#website"},"primaryImageOfPage":{"@id":"https:\/\/celebrante.annemeton.com\/un-matrimonio-celtico-tra-le-colline-del-monferrato-la-storia-di-claudia-e-diego\/#primaryimage"},"image":{"@id":"https:\/\/celebrante.annemeton.com\/un-matrimonio-celtico-tra-le-colline-del-monferrato-la-storia-di-claudia-e-diego\/#primaryimage"},"thumbnailUrl":"https:\/\/celebrante.annemeton.com\/wp-content\/uploads\/2026\/05\/702-scaled.jpeg","datePublished":"2026-05-06T08:13:39+00:00","dateModified":"2026-05-06T08:15:30+00:00","description":"Un matrimonio celtico ispirato alle energie di Avalon, immerso nella natura delle colline del Monferrato: Claudia e Diego hanno scelto un rito autentico e profondo, dando vita a uno dei pi\u00f9 intensi matrimoni spirituali. Dal viaggio ad Avalon fino alla proposta al Tor di Glastonbury, la loro storia si \u00e8 trasformata in un matrimonio celtico celebrato tra gli alberi, un vero matrimonio nel bosco capace di unire emozione, ritualit\u00e0 e connessione con gli elementi. Un esempio di matrimonio naturale che racconta amore, presenza e significato.","breadcrumb":{"@id":"https:\/\/celebrante.annemeton.com\/un-matrimonio-celtico-tra-le-colline-del-monferrato-la-storia-di-claudia-e-diego\/#breadcrumb"},"inLanguage":"en-GB","potentialAction":[{"@type":"ReadAction","target":["https:\/\/celebrante.annemeton.com\/un-matrimonio-celtico-tra-le-colline-del-monferrato-la-storia-di-claudia-e-diego\/"]}]},{"@type":"ImageObject","inLanguage":"en-GB","@id":"https:\/\/celebrante.annemeton.com\/un-matrimonio-celtico-tra-le-colline-del-monferrato-la-storia-di-claudia-e-diego\/#primaryimage","url":"https:\/\/celebrante.annemeton.com\/wp-content\/uploads\/2026\/05\/702-scaled.jpeg","contentUrl":"https:\/\/celebrante.annemeton.com\/wp-content\/uploads\/2026\/05\/702-scaled.jpeg","width":2560,"height":1707},{"@type":"BreadcrumbList","@id":"https:\/\/celebrante.annemeton.com\/un-matrimonio-celtico-tra-le-colline-del-monferrato-la-storia-di-claudia-e-diego\/#breadcrumb","itemListElement":[{"@type":"ListItem","position":1,"name":"Home","item":"https:\/\/celebrante.annemeton.com\/"},{"@type":"ListItem","position":2,"name":"Un matrimonio celtico tra le colline del Monferrato: la storia di Claudia e Diego"}]},{"@type":"WebSite","@id":"https:\/\/celebrante.annemeton.com\/#website","url":"https:\/\/celebrante.annemeton.com\/","name":"Annemeton - Celebrante naturale","description":"Celebrazioni naturali a Milano e dintorni","publisher":{"@id":"https:\/\/celebrante.annemeton.com\/#\/schema\/person\/6d18f0ccfb559305bc62f8d7fd83ef1d"},"potentialAction":[{"@type":"SearchAction","target":{"@type":"EntryPoint","urlTemplate":"https:\/\/celebrante.annemeton.com\/?s={search_term_string}"},"query-input":{"@type":"PropertyValueSpecification","valueRequired":true,"valueName":"search_term_string"}}],"inLanguage":"en-GB"},{"@type":["Person","Organization"],"@id":"https:\/\/celebrante.annemeton.com\/#\/schema\/person\/6d18f0ccfb559305bc62f8d7fd83ef1d","name":"Annemeton","image":{"@type":"ImageObject","inLanguage":"en-GB","@id":"https:\/\/celebrante.annemeton.com\/#\/schema\/person\/image\/","url":"https:\/\/celebrante.annemeton.com\/wp-content\/uploads\/2023\/11\/cropped-annemeton-logo.png","contentUrl":"https:\/\/celebrante.annemeton.com\/wp-content\/uploads\/2023\/11\/cropped-annemeton-logo.png","width":1583,"height":1583,"caption":"Annemeton"},"logo":{"@id":"https:\/\/celebrante.annemeton.com\/#\/schema\/person\/image\/"},"description":"Celebrante professionale specializzata in matrimoni simbolici e celtici","url":"https:\/\/celebrante.annemeton.com\/en\/author\/anna\/"}]}},"_links":{"self":[{"href":"https:\/\/celebrante.annemeton.com\/en\/wp-json\/wp\/v2\/posts\/4092","targetHints":{"allow":["GET"]}}],"collection":[{"href":"https:\/\/celebrante.annemeton.com\/en\/wp-json\/wp\/v2\/posts"}],"about":[{"href":"https:\/\/celebrante.annemeton.com\/en\/wp-json\/wp\/v2\/types\/post"}],"author":[{"embeddable":true,"href":"https:\/\/celebrante.annemeton.com\/en\/wp-json\/wp\/v2\/users\/2"}],"replies":[{"embeddable":true,"href":"https:\/\/celebrante.annemeton.com\/en\/wp-json\/wp\/v2\/comments?post=4092"}],"version-history":[{"count":1,"href":"https:\/\/celebrante.annemeton.com\/en\/wp-json\/wp\/v2\/posts\/4092\/revisions"}],"predecessor-version":[{"id":4094,"href":"https:\/\/celebrante.annemeton.com\/en\/wp-json\/wp\/v2\/posts\/4092\/revisions\/4094"}],"wp:featuredmedia":[{"embeddable":true,"href":"https:\/\/celebrante.annemeton.com\/en\/wp-json\/wp\/v2\/media\/4093"}],"wp:attachment":[{"href":"https:\/\/celebrante.annemeton.com\/en\/wp-json\/wp\/v2\/media?parent=4092"}],"wp:term":[{"taxonomy":"category","embeddable":true,"href":"https:\/\/celebrante.annemeton.com\/en\/wp-json\/wp\/v2\/categories?post=4092"},{"taxonomy":"post_tag","embeddable":true,"href":"https:\/\/celebrante.annemeton.com\/en\/wp-json\/wp\/v2\/tags?post=4092"}],"curies":[{"name":"wp","href":"https:\/\/api.w.org\/{rel}","templated":true}]}}