{"id":4101,"date":"2026-05-10T07:24:08","date_gmt":"2026-05-10T07:24:08","guid":{"rendered":"https:\/\/celebrante.annemeton.com\/?p=4101"},"modified":"2026-05-10T07:24:10","modified_gmt":"2026-05-10T07:24:10","slug":"liz-juan-un-matrimonio-simbolico-in-valpolicella-tra-rito-celtico-e-cerimonia-del-cacao","status":"publish","type":"post","link":"https:\/\/celebrante.annemeton.com\/en\/liz-juan-un-matrimonio-simbolico-in-valpolicella-tra-rito-celtico-e-cerimonia-del-cacao\/","title":{"rendered":"Liz &#038; Juan: un matrimonio simbolico in Valpolicella tra rito celtico e cerimonia del cacao"},"content":{"rendered":"<p class=\"wp-block-paragraph\">Il 27 settembre 2025, nella splendida cornice di <a href=\"https:\/\/villamosconi.it\/\">Villa Mosconi Bertani<\/a>, Liz e Juan hanno celebrato il loro <a href=\"https:\/\/celebrante.annemeton.com\/en\/categorie\/rito-simbolico\/\">humanist romantic ceremony<\/a> in Italia, circondati dall\u2019amore dei loro amici e delle loro famiglie arrivate da diverse parti del mondo.<\/p>\n\n\n\n\n\n<h2 class=\"wp-block-heading\">Un matrimonio simbolico in Italia dal sapore internazionale<\/h2>\n\n\n\n<p class=\"wp-block-paragraph\">Sempre pi\u00f9 coppie straniere scelgono di sposarsi in Italia per vivere un\u2019esperienza unica, immersa nella bellezza dei paesaggi italiani, nella storia delle ville storiche e nell\u2019atmosfera senza tempo che il nostro Paese riesce a regalare. Per Liz e Juan, l\u2019Italia non \u00e8 stata soltanto una destinazione meravigliosa, ma il luogo perfetto dove creare un rito altamente personalizzato, che hanno sentito autentico e profondamente rappresentativo della loro storia.<\/p>\n\n\n\n<p class=\"wp-block-paragraph\">La cerimonia, celebrata in lingua inglese e spagnola, ha unito elementi di ispirazione celtica a tradizioni spirituali del Centro e Sud America, creando un equilibrio armonioso tra culture, simboli e sensibilit\u00e0 differenti. Ogni passaggio della cerimonia e lo scandire delle sue fasi \u00e8 stato pensato per coinvolgere gli ospiti come parte integrante del rito e del cammino degli sposi.<\/p>\n\n\n\n<h2 class=\"wp-block-heading\">Il rito del cacao: un momento di connessione profonda<\/h2>\n\n\n\n<p class=\"wp-block-paragraph\">Uno dei momenti pi\u00f9 intensi della giornata \u00e8 stato il rito del cacao, guidato con grande sensibilit\u00e0 dall\u2019amico <a href=\"https:\/\/nicoladentico.it\/\">Nicola Dentico<\/a> grande conoscitore della cultura e della spiritualit\u00e0 dei popoli nativi mesoamericani e sudamericani. <\/p>\n\n\n\n<p class=\"wp-block-paragraph\">Il cacao, simbolo ancestrale di apertura del cuore e connessione spirituale in molte culture centro e sudamericane, ha accompagnato gli sposi e i loro invitati in un\u2019esperienza collettiva di presenza, ascolto ed emozione condivisa. Un rito per gli sposi ma soprattutto di comunit\u00e0, di accoglienza e di amore. Liz e Juan si sono lasciati attraversare completamente dalla magia del momento, emozionati e presenti, mentre ogni persona intorno a loro contribuiva a creare un\u2019energia calda, intima e indimenticabile.<\/p>\n\n\n\n<h2 class=\"wp-block-heading\">Una cerimonia autentica, emozionante e profondamente personale<\/h2>\n\n\n\n<p class=\"wp-block-paragraph\">Come celebrante, ci\u00f2 che porto sempre al centro di ogni matrimonio simbolico \u00e8 la possibilit\u00e0 di creare uno spazio vero, in cui gli sposi possano sentirsi liberi di raccontarsi senza schemi prestabiliti. La cerimonia di Liz e Juan \u00e8 stata esattamente questo: un intreccio di spiritualit\u00e0, emozione, parole sincere e ritualit\u00e0 condivise. Un momento capace di unire culture differenti attraverso il linguaggio universale dell\u2019amore. La luce morbida di fine settembre in Valpolicella, la bellezza senza tempo della villa, gli abbracci, le lacrime, i sorrisi e il coinvolgimento degli invitati hanno reso questa giornata qualcosa che porteremo tutti nel cuore con grande affetto.<\/p>\n\n\n\n<h2 class=\"wp-block-heading\">Sposarsi in Italia con una cerimonia simbolica<\/h2>\n\n\n\n<p class=\"wp-block-paragraph\">Che si tratti di un rito celtico, di una cerimonia spirituale, di rituali ancestrali o di una celebrazione multiculturale, ogni coppia merita un rito che racconti davvero la propria storia e quando tutto questo accade in luoghi meravigliosi come la Valpolicella, tra vigneti, ville storiche e atmosfere romantiche, il matrimonio diventa molto pi\u00f9 di un evento: diventa un\u2019esperienza da vivere profondamente e da ricordare per sempre.<\/p>\n\n\n\n<p class=\"wp-block-paragraph\">Grazie a Liz e Juan per avermi scelto con cuore ed essersi affidati a me,<\/p>\n\n\n\n<p class=\"wp-block-paragraph\">Annemeton<\/p>\n\n\n\n<p class=\"wp-block-paragraph\" id=\"wedding-italy\"><\/p>","protected":false},"excerpt":{"rendered":"<p>Il 27 settembre 2025, Liz e Juan hanno celebrato il loro matrimonio simbolico in Italia nella splendida cornice di Villa Mosconi Bertani, nel cuore della Valpolicella.<\/p>\n<p>Una cerimonia internazionale, celebrata in inglese e spagnolo, che ha unito tradizioni di ispirazione celtica e spiritualit\u00e0 del Centro e Sud America attraverso il suggestivo rito del cacao guidato da Nicola Dentico.<\/p>","protected":false},"author":2,"featured_media":4103,"comment_status":"open","ping_status":"closed","sticky":false,"template":"","format":"standard","meta":{"site-sidebar-layout":"default","site-content-layout":"","ast-site-content-layout":"default","site-content-style":"default","site-sidebar-style":"default","ast-global-header-display":"","ast-banner-title-visibility":"","ast-main-header-display":"","ast-hfb-above-header-display":"","ast-hfb-below-header-display":"","ast-hfb-mobile-header-display":"","site-post-title":"","ast-breadcrumbs-content":"","ast-featured-img":"","footer-sml-layout":"","theme-transparent-header-meta":"","adv-header-id-meta":"","stick-header-meta":"","header-above-stick-meta":"","header-main-stick-meta":"","header-below-stick-meta":"","astra-migrate-meta-layouts":"set","ast-page-background-enabled":"default","ast-page-background-meta":{"desktop":{"background-color":"","background-image":"","background-repeat":"repeat","background-position":"center center","background-size":"auto","background-attachment":"scroll","background-type":"","background-media":"","overlay-type":"","overlay-color":"","overlay-gradient":""},"tablet":{"background-color":"","background-image":"","background-repeat":"repeat","background-position":"center center","background-size":"auto","background-attachment":"scroll","background-type":"","background-media":"","overlay-type":"","overlay-color":"","overlay-gradient":""},"mobile":{"background-color":"","background-image":"","background-repeat":"repeat","background-position":"center center","background-size":"auto","background-attachment":"scroll","background-type":"","background-media":"","overlay-type":"","overlay-color":"","overlay-gradient":""}},"ast-content-background-meta":{"desktop":{"background-color":"var(--ast-global-color-5)","background-image":"","background-repeat":"repeat","background-position":"center center","background-size":"auto","background-attachment":"scroll","background-type":"","background-media":"","overlay-type":"","overlay-color":"","overlay-gradient":""},"tablet":{"background-color":"var(--ast-global-color-5)","background-image":"","background-repeat":"repeat","background-position":"center center","background-size":"auto","background-attachment":"scroll","background-type":"","background-media":"","overlay-type":"","overlay-color":"","overlay-gradient":""},"mobile":{"background-color":"var(--ast-global-color-5)","background-image":"","background-repeat":"repeat","background-position":"center center","background-size":"auto","background-attachment":"scroll","background-type":"","background-media":"","overlay-type":"","overlay-color":"","overlay-gradient":""}},"footnotes":""},"categories":[28],"tags":[137,133,18,48,19,134,136,135,132,131],"class_list":["post-4101","post","type-post","status-publish","format-standard","has-post-thumbnail","hentry","category-rito-simbolico","tag-celebrant","tag-chicwedding","tag-matrimonio","tag-matrimonioinnatura","tag-matrimoniosimbolico","tag-personalizedcerimony","tag-symbolic-wedding-in-italy","tag-wedding-celebrant-italy","tag-weddinginitaly","tag-weddingitaly"],"yoast_head":"<!-- This site is optimized with the Yoast SEO plugin v26.7 - https:\/\/yoast.com\/wordpress\/plugins\/seo\/ -->\n<title>Liz &amp; Juan: un matrimonio simbolico in Valpolicella tra rito celtico e cerimonia del cacao - Annemeton - Celebrante naturale<\/title>\n<meta name=\"robots\" content=\"index, follow, max-snippet:-1, max-image-preview:large, max-video-preview:-1\" \/>\n<link rel=\"canonical\" href=\"https:\/\/celebrante.annemeton.com\/en\/liz-juan-un-matrimonio-simbolico-in-valpolicella-tra-rito-celtico-e-cerimonia-del-cacao\/\" \/>\n<meta property=\"og:locale\" content=\"en_GB\" \/>\n<meta property=\"og:type\" content=\"article\" \/>\n<meta property=\"og:title\" content=\"Liz &amp; Juan: un matrimonio simbolico in Valpolicella tra rito celtico e cerimonia del cacao - Annemeton - Celebrante naturale\" \/>\n<meta property=\"og:description\" content=\"Il 27 settembre 2025, Liz e Juan hanno celebrato il loro matrimonio simbolico in Italia nella splendida cornice di Villa Mosconi Bertani, nel cuore della Valpolicella. Una cerimonia internazionale, celebrata in inglese e spagnolo, che ha unito tradizioni di ispirazione celtica e spiritualit\u00e0 del Centro e Sud America attraverso il suggestivo rito del cacao guidato da Nicola Dentico.\" \/>\n<meta property=\"og:url\" content=\"https:\/\/celebrante.annemeton.com\/en\/liz-juan-un-matrimonio-simbolico-in-valpolicella-tra-rito-celtico-e-cerimonia-del-cacao\/\" \/>\n<meta property=\"og:site_name\" content=\"Annemeton - Celebrante naturale\" \/>\n<meta property=\"article:published_time\" content=\"2026-05-10T07:24:08+00:00\" \/>\n<meta property=\"article:modified_time\" content=\"2026-05-10T07:24:10+00:00\" \/>\n<meta property=\"og:image\" content=\"https:\/\/celebrante.annemeton.com\/wp-content\/uploads\/2026\/05\/0ED24BAB-877D-47E4-BEEC-9E21E214C691-2.jpg\" \/>\n\t<meta property=\"og:image:width\" content=\"1167\" \/>\n\t<meta property=\"og:image:height\" content=\"1808\" \/>\n\t<meta property=\"og:image:type\" content=\"image\/jpeg\" \/>\n<meta name=\"author\" content=\"Annemeton\" \/>\n<meta name=\"twitter:card\" content=\"summary_large_image\" \/>\n<meta name=\"twitter:label1\" content=\"Written by\" \/>\n\t<meta name=\"twitter:data1\" content=\"Annemeton\" \/>\n\t<meta name=\"twitter:label2\" content=\"Estimated reading time\" \/>\n\t<meta name=\"twitter:data2\" content=\"4 minutes\" \/>\n<script type=\"application\/ld+json\" class=\"yoast-schema-graph\">{\"@context\":\"https:\/\/schema.org\",\"@graph\":[{\"@type\":\"Article\",\"@id\":\"https:\/\/celebrante.annemeton.com\/liz-juan-un-matrimonio-simbolico-in-valpolicella-tra-rito-celtico-e-cerimonia-del-cacao\/#article\",\"isPartOf\":{\"@id\":\"https:\/\/celebrante.annemeton.com\/liz-juan-un-matrimonio-simbolico-in-valpolicella-tra-rito-celtico-e-cerimonia-del-cacao\/\"},\"author\":{\"name\":\"Annemeton\",\"@id\":\"https:\/\/celebrante.annemeton.com\/#\/schema\/person\/6d18f0ccfb559305bc62f8d7fd83ef1d\"},\"headline\":\"Liz &#038; Juan: un matrimonio simbolico in Valpolicella tra rito celtico e cerimonia del cacao\",\"datePublished\":\"2026-05-10T07:24:08+00:00\",\"dateModified\":\"2026-05-10T07:24:10+00:00\",\"mainEntityOfPage\":{\"@id\":\"https:\/\/celebrante.annemeton.com\/liz-juan-un-matrimonio-simbolico-in-valpolicella-tra-rito-celtico-e-cerimonia-del-cacao\/\"},\"wordCount\":549,\"commentCount\":0,\"publisher\":{\"@id\":\"https:\/\/celebrante.annemeton.com\/#\/schema\/person\/6d18f0ccfb559305bc62f8d7fd83ef1d\"},\"image\":{\"@id\":\"https:\/\/celebrante.annemeton.com\/liz-juan-un-matrimonio-simbolico-in-valpolicella-tra-rito-celtico-e-cerimonia-del-cacao\/#primaryimage\"},\"thumbnailUrl\":\"https:\/\/celebrante.annemeton.com\/wp-content\/uploads\/2026\/05\/0ED24BAB-877D-47E4-BEEC-9E21E214C691-2.jpg\",\"keywords\":[\"celebrant\",\"chicwedding\",\"matrimonio\",\"matrimonioinnatura\",\"matrimoniosimbolico\",\"personalizedcerimony\",\"symbolic wedding in Italy\",\"wedding celebrant Italy\",\"weddinginitaly\",\"weddingitaly\"],\"articleSection\":[\"Matrimonio simbolico\"],\"inLanguage\":\"en-GB\",\"potentialAction\":[{\"@type\":\"CommentAction\",\"name\":\"Comment\",\"target\":[\"https:\/\/celebrante.annemeton.com\/liz-juan-un-matrimonio-simbolico-in-valpolicella-tra-rito-celtico-e-cerimonia-del-cacao\/#respond\"]}]},{\"@type\":\"WebPage\",\"@id\":\"https:\/\/celebrante.annemeton.com\/liz-juan-un-matrimonio-simbolico-in-valpolicella-tra-rito-celtico-e-cerimonia-del-cacao\/\",\"url\":\"https:\/\/celebrante.annemeton.com\/liz-juan-un-matrimonio-simbolico-in-valpolicella-tra-rito-celtico-e-cerimonia-del-cacao\/\",\"name\":\"Liz & Juan: un matrimonio simbolico in Valpolicella tra rito celtico e cerimonia del cacao - Annemeton - Celebrante naturale\",\"isPartOf\":{\"@id\":\"https:\/\/celebrante.annemeton.com\/#website\"},\"primaryImageOfPage\":{\"@id\":\"https:\/\/celebrante.annemeton.com\/liz-juan-un-matrimonio-simbolico-in-valpolicella-tra-rito-celtico-e-cerimonia-del-cacao\/#primaryimage\"},\"image\":{\"@id\":\"https:\/\/celebrante.annemeton.com\/liz-juan-un-matrimonio-simbolico-in-valpolicella-tra-rito-celtico-e-cerimonia-del-cacao\/#primaryimage\"},\"thumbnailUrl\":\"https:\/\/celebrante.annemeton.com\/wp-content\/uploads\/2026\/05\/0ED24BAB-877D-47E4-BEEC-9E21E214C691-2.jpg\",\"datePublished\":\"2026-05-10T07:24:08+00:00\",\"dateModified\":\"2026-05-10T07:24:10+00:00\",\"breadcrumb\":{\"@id\":\"https:\/\/celebrante.annemeton.com\/liz-juan-un-matrimonio-simbolico-in-valpolicella-tra-rito-celtico-e-cerimonia-del-cacao\/#breadcrumb\"},\"inLanguage\":\"en-GB\",\"potentialAction\":[{\"@type\":\"ReadAction\",\"target\":[\"https:\/\/celebrante.annemeton.com\/liz-juan-un-matrimonio-simbolico-in-valpolicella-tra-rito-celtico-e-cerimonia-del-cacao\/\"]}]},{\"@type\":\"ImageObject\",\"inLanguage\":\"en-GB\",\"@id\":\"https:\/\/celebrante.annemeton.com\/liz-juan-un-matrimonio-simbolico-in-valpolicella-tra-rito-celtico-e-cerimonia-del-cacao\/#primaryimage\",\"url\":\"https:\/\/celebrante.annemeton.com\/wp-content\/uploads\/2026\/05\/0ED24BAB-877D-47E4-BEEC-9E21E214C691-2.jpg\",\"contentUrl\":\"https:\/\/celebrante.annemeton.com\/wp-content\/uploads\/2026\/05\/0ED24BAB-877D-47E4-BEEC-9E21E214C691-2.jpg\",\"width\":1167,\"height\":1808,\"caption\":\"Romantic wedding in Italy\"},{\"@type\":\"BreadcrumbList\",\"@id\":\"https:\/\/celebrante.annemeton.com\/liz-juan-un-matrimonio-simbolico-in-valpolicella-tra-rito-celtico-e-cerimonia-del-cacao\/#breadcrumb\",\"itemListElement\":[{\"@type\":\"ListItem\",\"position\":1,\"name\":\"Home\",\"item\":\"https:\/\/celebrante.annemeton.com\/\"},{\"@type\":\"ListItem\",\"position\":2,\"name\":\"Liz &#038; Juan: un matrimonio simbolico in Valpolicella tra rito celtico e cerimonia del cacao\"}]},{\"@type\":\"WebSite\",\"@id\":\"https:\/\/celebrante.annemeton.com\/#website\",\"url\":\"https:\/\/celebrante.annemeton.com\/\",\"name\":\"Annemeton - Celebrante naturale\",\"description\":\"Celebrazioni naturali a Milano e dintorni\",\"publisher\":{\"@id\":\"https:\/\/celebrante.annemeton.com\/#\/schema\/person\/6d18f0ccfb559305bc62f8d7fd83ef1d\"},\"potentialAction\":[{\"@type\":\"SearchAction\",\"target\":{\"@type\":\"EntryPoint\",\"urlTemplate\":\"https:\/\/celebrante.annemeton.com\/?s={search_term_string}\"},\"query-input\":{\"@type\":\"PropertyValueSpecification\",\"valueRequired\":true,\"valueName\":\"search_term_string\"}}],\"inLanguage\":\"en-GB\"},{\"@type\":[\"Person\",\"Organization\"],\"@id\":\"https:\/\/celebrante.annemeton.com\/#\/schema\/person\/6d18f0ccfb559305bc62f8d7fd83ef1d\",\"name\":\"Annemeton\",\"image\":{\"@type\":\"ImageObject\",\"inLanguage\":\"en-GB\",\"@id\":\"https:\/\/celebrante.annemeton.com\/#\/schema\/person\/image\/\",\"url\":\"https:\/\/celebrante.annemeton.com\/wp-content\/uploads\/2023\/11\/cropped-annemeton-logo.png\",\"contentUrl\":\"https:\/\/celebrante.annemeton.com\/wp-content\/uploads\/2023\/11\/cropped-annemeton-logo.png\",\"width\":1583,\"height\":1583,\"caption\":\"Annemeton\"},\"logo\":{\"@id\":\"https:\/\/celebrante.annemeton.com\/#\/schema\/person\/image\/\"},\"description\":\"Celebrante professionale specializzata in matrimoni simbolici e celtici\",\"url\":\"https:\/\/celebrante.annemeton.com\/en\/author\/anna\/\"}]}<\/script>\n<!-- \/ Yoast SEO plugin. -->","yoast_head_json":{"title":"Liz & Juan: un matrimonio simbolico in Valpolicella tra rito celtico e cerimonia del cacao - Annemeton - Celebrante naturale","robots":{"index":"index","follow":"follow","max-snippet":"max-snippet:-1","max-image-preview":"max-image-preview:large","max-video-preview":"max-video-preview:-1"},"canonical":"https:\/\/celebrante.annemeton.com\/en\/liz-juan-un-matrimonio-simbolico-in-valpolicella-tra-rito-celtico-e-cerimonia-del-cacao\/","og_locale":"en_GB","og_type":"article","og_title":"Liz & Juan: un matrimonio simbolico in Valpolicella tra rito celtico e cerimonia del cacao - Annemeton - Celebrante naturale","og_description":"Il 27 settembre 2025, Liz e Juan hanno celebrato il loro matrimonio simbolico in Italia nella splendida cornice di Villa Mosconi Bertani, nel cuore della Valpolicella. Una cerimonia internazionale, celebrata in inglese e spagnolo, che ha unito tradizioni di ispirazione celtica e spiritualit\u00e0 del Centro e Sud America attraverso il suggestivo rito del cacao guidato da Nicola Dentico.","og_url":"https:\/\/celebrante.annemeton.com\/en\/liz-juan-un-matrimonio-simbolico-in-valpolicella-tra-rito-celtico-e-cerimonia-del-cacao\/","og_site_name":"Annemeton - Celebrante naturale","article_published_time":"2026-05-10T07:24:08+00:00","article_modified_time":"2026-05-10T07:24:10+00:00","og_image":[{"width":1167,"height":1808,"url":"https:\/\/celebrante.annemeton.com\/wp-content\/uploads\/2026\/05\/0ED24BAB-877D-47E4-BEEC-9E21E214C691-2.jpg","type":"image\/jpeg"}],"author":"Annemeton","twitter_card":"summary_large_image","twitter_misc":{"Written by":"Annemeton","Estimated reading time":"4 minutes"},"schema":{"@context":"https:\/\/schema.org","@graph":[{"@type":"Article","@id":"https:\/\/celebrante.annemeton.com\/liz-juan-un-matrimonio-simbolico-in-valpolicella-tra-rito-celtico-e-cerimonia-del-cacao\/#article","isPartOf":{"@id":"https:\/\/celebrante.annemeton.com\/liz-juan-un-matrimonio-simbolico-in-valpolicella-tra-rito-celtico-e-cerimonia-del-cacao\/"},"author":{"name":"Annemeton","@id":"https:\/\/celebrante.annemeton.com\/#\/schema\/person\/6d18f0ccfb559305bc62f8d7fd83ef1d"},"headline":"Liz &#038; Juan: un matrimonio simbolico in Valpolicella tra rito celtico e cerimonia del cacao","datePublished":"2026-05-10T07:24:08+00:00","dateModified":"2026-05-10T07:24:10+00:00","mainEntityOfPage":{"@id":"https:\/\/celebrante.annemeton.com\/liz-juan-un-matrimonio-simbolico-in-valpolicella-tra-rito-celtico-e-cerimonia-del-cacao\/"},"wordCount":549,"commentCount":0,"publisher":{"@id":"https:\/\/celebrante.annemeton.com\/#\/schema\/person\/6d18f0ccfb559305bc62f8d7fd83ef1d"},"image":{"@id":"https:\/\/celebrante.annemeton.com\/liz-juan-un-matrimonio-simbolico-in-valpolicella-tra-rito-celtico-e-cerimonia-del-cacao\/#primaryimage"},"thumbnailUrl":"https:\/\/celebrante.annemeton.com\/wp-content\/uploads\/2026\/05\/0ED24BAB-877D-47E4-BEEC-9E21E214C691-2.jpg","keywords":["celebrant","chicwedding","matrimonio","matrimonioinnatura","matrimoniosimbolico","personalizedcerimony","symbolic wedding in Italy","wedding celebrant Italy","weddinginitaly","weddingitaly"],"articleSection":["Matrimonio simbolico"],"inLanguage":"en-GB","potentialAction":[{"@type":"CommentAction","name":"Comment","target":["https:\/\/celebrante.annemeton.com\/liz-juan-un-matrimonio-simbolico-in-valpolicella-tra-rito-celtico-e-cerimonia-del-cacao\/#respond"]}]},{"@type":"WebPage","@id":"https:\/\/celebrante.annemeton.com\/liz-juan-un-matrimonio-simbolico-in-valpolicella-tra-rito-celtico-e-cerimonia-del-cacao\/","url":"https:\/\/celebrante.annemeton.com\/liz-juan-un-matrimonio-simbolico-in-valpolicella-tra-rito-celtico-e-cerimonia-del-cacao\/","name":"Liz & Juan: un matrimonio simbolico in Valpolicella tra rito celtico e cerimonia del cacao - Annemeton - Celebrante naturale","isPartOf":{"@id":"https:\/\/celebrante.annemeton.com\/#website"},"primaryImageOfPage":{"@id":"https:\/\/celebrante.annemeton.com\/liz-juan-un-matrimonio-simbolico-in-valpolicella-tra-rito-celtico-e-cerimonia-del-cacao\/#primaryimage"},"image":{"@id":"https:\/\/celebrante.annemeton.com\/liz-juan-un-matrimonio-simbolico-in-valpolicella-tra-rito-celtico-e-cerimonia-del-cacao\/#primaryimage"},"thumbnailUrl":"https:\/\/celebrante.annemeton.com\/wp-content\/uploads\/2026\/05\/0ED24BAB-877D-47E4-BEEC-9E21E214C691-2.jpg","datePublished":"2026-05-10T07:24:08+00:00","dateModified":"2026-05-10T07:24:10+00:00","breadcrumb":{"@id":"https:\/\/celebrante.annemeton.com\/liz-juan-un-matrimonio-simbolico-in-valpolicella-tra-rito-celtico-e-cerimonia-del-cacao\/#breadcrumb"},"inLanguage":"en-GB","potentialAction":[{"@type":"ReadAction","target":["https:\/\/celebrante.annemeton.com\/liz-juan-un-matrimonio-simbolico-in-valpolicella-tra-rito-celtico-e-cerimonia-del-cacao\/"]}]},{"@type":"ImageObject","inLanguage":"en-GB","@id":"https:\/\/celebrante.annemeton.com\/liz-juan-un-matrimonio-simbolico-in-valpolicella-tra-rito-celtico-e-cerimonia-del-cacao\/#primaryimage","url":"https:\/\/celebrante.annemeton.com\/wp-content\/uploads\/2026\/05\/0ED24BAB-877D-47E4-BEEC-9E21E214C691-2.jpg","contentUrl":"https:\/\/celebrante.annemeton.com\/wp-content\/uploads\/2026\/05\/0ED24BAB-877D-47E4-BEEC-9E21E214C691-2.jpg","width":1167,"height":1808,"caption":"Romantic wedding in Italy"},{"@type":"BreadcrumbList","@id":"https:\/\/celebrante.annemeton.com\/liz-juan-un-matrimonio-simbolico-in-valpolicella-tra-rito-celtico-e-cerimonia-del-cacao\/#breadcrumb","itemListElement":[{"@type":"ListItem","position":1,"name":"Home","item":"https:\/\/celebrante.annemeton.com\/"},{"@type":"ListItem","position":2,"name":"Liz &#038; Juan: un matrimonio simbolico in Valpolicella tra rito celtico e cerimonia del cacao"}]},{"@type":"WebSite","@id":"https:\/\/celebrante.annemeton.com\/#website","url":"https:\/\/celebrante.annemeton.com\/","name":"Annemeton - Celebrante naturale","description":"Celebrazioni naturali a Milano e dintorni","publisher":{"@id":"https:\/\/celebrante.annemeton.com\/#\/schema\/person\/6d18f0ccfb559305bc62f8d7fd83ef1d"},"potentialAction":[{"@type":"SearchAction","target":{"@type":"EntryPoint","urlTemplate":"https:\/\/celebrante.annemeton.com\/?s={search_term_string}"},"query-input":{"@type":"PropertyValueSpecification","valueRequired":true,"valueName":"search_term_string"}}],"inLanguage":"en-GB"},{"@type":["Person","Organization"],"@id":"https:\/\/celebrante.annemeton.com\/#\/schema\/person\/6d18f0ccfb559305bc62f8d7fd83ef1d","name":"Annemeton","image":{"@type":"ImageObject","inLanguage":"en-GB","@id":"https:\/\/celebrante.annemeton.com\/#\/schema\/person\/image\/","url":"https:\/\/celebrante.annemeton.com\/wp-content\/uploads\/2023\/11\/cropped-annemeton-logo.png","contentUrl":"https:\/\/celebrante.annemeton.com\/wp-content\/uploads\/2023\/11\/cropped-annemeton-logo.png","width":1583,"height":1583,"caption":"Annemeton"},"logo":{"@id":"https:\/\/celebrante.annemeton.com\/#\/schema\/person\/image\/"},"description":"Celebrante professionale specializzata in matrimoni simbolici e celtici","url":"https:\/\/celebrante.annemeton.com\/en\/author\/anna\/"}]}},"_links":{"self":[{"href":"https:\/\/celebrante.annemeton.com\/en\/wp-json\/wp\/v2\/posts\/4101","targetHints":{"allow":["GET"]}}],"collection":[{"href":"https:\/\/celebrante.annemeton.com\/en\/wp-json\/wp\/v2\/posts"}],"about":[{"href":"https:\/\/celebrante.annemeton.com\/en\/wp-json\/wp\/v2\/types\/post"}],"author":[{"embeddable":true,"href":"https:\/\/celebrante.annemeton.com\/en\/wp-json\/wp\/v2\/users\/2"}],"replies":[{"embeddable":true,"href":"https:\/\/celebrante.annemeton.com\/en\/wp-json\/wp\/v2\/comments?post=4101"}],"version-history":[{"count":1,"href":"https:\/\/celebrante.annemeton.com\/en\/wp-json\/wp\/v2\/posts\/4101\/revisions"}],"predecessor-version":[{"id":4104,"href":"https:\/\/celebrante.annemeton.com\/en\/wp-json\/wp\/v2\/posts\/4101\/revisions\/4104"}],"wp:featuredmedia":[{"embeddable":true,"href":"https:\/\/celebrante.annemeton.com\/en\/wp-json\/wp\/v2\/media\/4103"}],"wp:attachment":[{"href":"https:\/\/celebrante.annemeton.com\/en\/wp-json\/wp\/v2\/media?parent=4101"}],"wp:term":[{"taxonomy":"category","embeddable":true,"href":"https:\/\/celebrante.annemeton.com\/en\/wp-json\/wp\/v2\/categories?post=4101"},{"taxonomy":"post_tag","embeddable":true,"href":"https:\/\/celebrante.annemeton.com\/en\/wp-json\/wp\/v2\/tags?post=4101"}],"curies":[{"name":"wp","href":"https:\/\/api.w.org\/{rel}","templated":true}]}}