{"id":4115,"date":"2026-05-23T07:06:36","date_gmt":"2026-05-23T07:06:36","guid":{"rendered":"https:\/\/celebrante.annemeton.com\/?p=4115"},"modified":"2026-05-23T07:06:39","modified_gmt":"2026-05-23T07:06:39","slug":"matrimonio-celtico-nel-bosco-sopra-genova","status":"publish","type":"post","link":"https:\/\/celebrante.annemeton.com\/en\/matrimonio-celtico-nel-bosco-sopra-genova\/","title":{"rendered":"Cerimonia Celtica in  Liguria: la storia di Romina e Alessandro"},"content":{"rendered":"<h3 class=\"wp-block-heading\">Un incontro nato dal destino e culminato in un matrimonio Celtico<\/h3>\n\n\n\n<p class=\"wp-block-paragraph\">La storia di Romina e Alessandro nasce da un incontro semplice, quasi domestico, grazie ai parenti di Alessandro, e cresce con la naturalezza e spontaneit\u00e0 nella conoscenza reciproca. Otto mesi dopo si sono scelti, ma il tempo, in realt\u00e0, aveva gi\u00e0 iniziato a lavorare molto prima di loro.<\/p>\n\n\n\n<p class=\"wp-block-paragraph\">Romina ricorda lo sguardo di Alessandro come il primo vero dettaglio impossibile da ignorare, qualcosa che resta addosso anche quando tutto il resto \u00e8 ancora da scoprire. Alessandro invece la vede subito per quella combinazione rara di dolcezza e forza, di vitalit\u00e0 e presenza, come se ogni sua entrata in una stanza portasse un cambio di luce. Due percezioni diverse che, col tempo, si sono incontrate nello stesso punto.<\/p>\n\n\n\n<h3 class=\"wp-block-heading\">Le coincidenze che accendono la connessione<\/h3>\n\n\n\n<p class=\"wp-block-paragraph\">Tra loro l\u2019amore ha avuto anche la forma delle coincidenze che sembrano troppo precise per essere casuali. Una sera, all\u2019inizio della loro storia, Romina si trova fuori casa con degli amici, mentre dentro Alessandro cucina. Nella sua testa parte una canzone, la canticchia in silenzio, quasi distrattamente. Dentro casa, nello stesso identico momento, Alessandro inizia a fischiettarla. Nessuno dei due lo sa, ma qualcosa ha gi\u00e0 iniziato a sincronizzarsi.<\/p>\n\n\n\n<p class=\"wp-block-paragraph\">Poi arriva anche il tempo della distanza. Un mese in cui si allontanano, ma in cui entrambi si ritrovano a fare lo stesso movimento interiore: tornare l\u2019uno verso l\u2019altra. Alessandro sente chiaramente di volerla nella sua vita, Romina capisce che quel ritorno ostinato, fatto di gesti e presenza, racconta una scelta pi\u00f9 grande delle parole. \u00c8 l\u00ec che la direzione diventa unica.<\/p>\n\n\n\n<h3 class=\"wp-block-heading\">Un amore fatto di gesti quotidiani e complicit\u00e0<\/h3>\n\n\n\n<p class=\"wp-block-paragraph\">La loro quotidianit\u00e0 \u00e8 fatta di dettagli che si accumulano e costruiscono identit\u00e0. Romina che gli ruba il cuscino e la parte di letto appena lui si alza, come se il suo posto dovesse sempre conservare un po\u2019 della sua presenza. Alessandro che si diverte a smascherare ogni sorpresa che lei prova a organizzare, con quella puntualit\u00e0 che diventa quasi un gioco tra loro. E poi le piccole attenzioni: lui che si prende cura di lei senza bisogno di domande, lei che si innamora ogni volta un po\u2019 di pi\u00f9 proprio in quei gesti spontanei.<\/p>\n\n\n\n<p class=\"wp-block-paragraph\">Nel loro mondo entra anche una parola che diventa riconoscimento immediato: \u201cSCIALLA\u201d. Nata quasi per gioco, tra prese in giro e complicit\u00e0, diventa un codice privato, un modo per dirsi tutto con una sola espressione. Tanto da scegliere di portarla anche sulle fedi, come segno di un linguaggio che appartiene solo a loro.<\/p>\n\n\n\n<p class=\"wp-block-paragraph\">La proposta arriva durante una cena di Natale, la famiglia, un momento che si trasforma senza scenografia. Un anello provato quasi per gioco, una domanda che arriva come conseguenza naturale di un pensiero maturato nel tempo. Sposarsi come gesto evidente, come continuit\u00e0 di ci\u00f2 che gi\u00e0 era iniziato.<\/p>\n\n\n\n<h3 class=\"wp-block-heading\">Matrimonio nel bosco: natura, emozione e una promessa condivisa<\/h3>\n\n\n\n<p class=\"wp-block-paragraph\">Il giorno del loro matrimonio si \u00e8 svolto sopra Genova, in un <a href=\"https:\/\/celebrante.annemeton.com\/en\/tag\/bosco\/\">bosco<\/a> che per loro ha un significato familiare, quasi intimo. Un luogo che porta con s\u00e9 l\u2019idea di matrimoni immersi nella natura, matrimoni all\u2019aperto dove la scenografia \u00e8 gi\u00e0 scritta tra alberi, luce e silenzi.<\/p>\n\n\n\n<p class=\"wp-block-paragraph\">L\u2019aria di settembre era fresca, il muschio e le foglie restituivano quella sensazione di terra viva, di presenza sottile. Tutto intorno amici e parenti, raccolti in una cerchia calda e attenta, come se quel pezzo di bosco fosse diventato per un attimo una casa condivisa. L\u2019atmosfera richiamava la bellezza dei <a href=\"https:\/\/celebrante.annemeton.com\/en\/categorie\/matrimonio-celtico\/\">matrimoni celtici <\/a>e dei riti naturali, dove ogni elemento sembra partecipare alla celebrazione.<\/p>\n\n\n\n<p class=\"wp-block-paragraph\">L\u2019allestimento portava la loro firma: qualcosa di spontaneo, naturale, costruito con la stessa semplicit\u00e0 con cui hanno costruito la loro storia. Nessuna distanza tra ci\u00f2 che erano e ci\u00f2 che stavano celebrando. Solo continuit\u00e0.<\/p>\n\n\n\n<p class=\"wp-block-paragraph\">Romina e Alessandro si sono incontrati l\u00ec, in mezzo a quella natura che li conosceva gi\u00e0, e si sono promessi qualcosa che in realt\u00e0 avevano gi\u00e0 iniziato a vivere da tempo. Un amore fatto di presenza, di piccoli gesti quotidiani, di sguardi che si riconoscono e di parole che diventano famiglia.<\/p>\n\n\n\n<p class=\"wp-block-paragraph\">In quel bosco sopra Genova, tra foglie e luce di settembre, la loro storia ha semplicemente trovato la sua forma pi\u00f9 piena: quella di due persone che si scelgono, ancora, nello stesso modo in cui hanno iniziato.<\/p>\n\n\n\n<p class=\"wp-block-paragraph\">Con amore,<\/p>\n\n\n\n<p class=\"wp-block-paragraph\">Annemeton<\/p>\n\n\n\n<p class=\"wp-block-paragraph\"><\/p>","protected":false},"excerpt":{"rendered":"<p>Il rito di Romina e Alessandro si \u00e8 svolto in un bosco sopra Genova, in un luogo che sembra fatto apposta per una cerimonia immersa nella natura. Tra alberi alti, muschio, foglie e quel profumo tipico delle mattine di settembre, tutto aveva un\u2019atmosfera molto semplice e autentica, quasi sospesa.<br \/>\nGli sposi erano circondati dai loro affetti, e il rito si \u00e8 svolto in modo raccolto, senza artifici, proprio seguendo il ritmo del luogo.<br \/>\nUna di quelle cerimonie in cui tutto sembra naturale, come se il bosco avesse sempre saputo che quel giorno sarebbe successo qualcosa di importante.<\/p>","protected":false},"author":2,"featured_media":4117,"comment_status":"open","ping_status":"closed","sticky":false,"template":"","format":"standard","meta":{"site-sidebar-layout":"default","site-content-layout":"","ast-site-content-layout":"default","site-content-style":"default","site-sidebar-style":"default","ast-global-header-display":"","ast-banner-title-visibility":"","ast-main-header-display":"","ast-hfb-above-header-display":"","ast-hfb-below-header-display":"","ast-hfb-mobile-header-display":"","site-post-title":"","ast-breadcrumbs-content":"","ast-featured-img":"","footer-sml-layout":"","theme-transparent-header-meta":"","adv-header-id-meta":"","stick-header-meta":"","header-above-stick-meta":"","header-main-stick-meta":"","header-below-stick-meta":"","astra-migrate-meta-layouts":"set","ast-page-background-enabled":"default","ast-page-background-meta":{"desktop":{"background-color":"","background-image":"","background-repeat":"repeat","background-position":"center center","background-size":"auto","background-attachment":"scroll","background-type":"","background-media":"","overlay-type":"","overlay-color":"","overlay-gradient":""},"tablet":{"background-color":"","background-image":"","background-repeat":"repeat","background-position":"center center","background-size":"auto","background-attachment":"scroll","background-type":"","background-media":"","overlay-type":"","overlay-color":"","overlay-gradient":""},"mobile":{"background-color":"","background-image":"","background-repeat":"repeat","background-position":"center center","background-size":"auto","background-attachment":"scroll","background-type":"","background-media":"","overlay-type":"","overlay-color":"","overlay-gradient":""}},"ast-content-background-meta":{"desktop":{"background-color":"var(--ast-global-color-5)","background-image":"","background-repeat":"repeat","background-position":"center center","background-size":"auto","background-attachment":"scroll","background-type":"","background-media":"","overlay-type":"","overlay-color":"","overlay-gradient":""},"tablet":{"background-color":"var(--ast-global-color-5)","background-image":"","background-repeat":"repeat","background-position":"center center","background-size":"auto","background-attachment":"scroll","background-type":"","background-media":"","overlay-type":"","overlay-color":"","overlay-gradient":""},"mobile":{"background-color":"var(--ast-global-color-5)","background-image":"","background-repeat":"repeat","background-position":"center center","background-size":"auto","background-attachment":"scroll","background-type":"","background-media":"","overlay-type":"","overlay-color":"","overlay-gradient":""}},"footnotes":""},"categories":[25],"tags":[18,29,27,38,48,47],"class_list":["post-4115","post","type-post","status-publish","format-standard","has-post-thumbnail","hentry","category-matrimonio-celtico","tag-matrimonio","tag-matrimonio-simbolico","tag-matrimonioceltico","tag-matrimoniofantasy","tag-matrimonioinnatura","tag-matrimonionelbosco"],"yoast_head":"<!-- This site is optimized with the Yoast SEO plugin v26.7 - https:\/\/yoast.com\/wordpress\/plugins\/seo\/ -->\n<title>Cerimonia Celtica in Liguria: la storia di Romina e Alessandro - Annemeton - Celebrante naturale<\/title>\n<meta name=\"description\" content=\"Matrimonio celtico nel bosco sopra Genova: una cerimonia simbolica immersa nella natura tra muschio, alberi e atmosfera intima di settembre.\" \/>\n<meta name=\"robots\" content=\"index, follow, max-snippet:-1, max-image-preview:large, max-video-preview:-1\" \/>\n<link rel=\"canonical\" href=\"https:\/\/celebrante.annemeton.com\/en\/matrimonio-celtico-nel-bosco-sopra-genova\/\" \/>\n<meta property=\"og:locale\" content=\"en_GB\" \/>\n<meta property=\"og:type\" content=\"article\" \/>\n<meta property=\"og:title\" content=\"Cerimonia Celtica in Liguria: la storia di Romina e Alessandro - Annemeton - Celebrante naturale\" \/>\n<meta property=\"og:description\" content=\"Matrimonio celtico nel bosco sopra Genova: una cerimonia simbolica immersa nella natura tra muschio, alberi e atmosfera intima di settembre.\" \/>\n<meta property=\"og:url\" content=\"https:\/\/celebrante.annemeton.com\/en\/matrimonio-celtico-nel-bosco-sopra-genova\/\" \/>\n<meta property=\"og:site_name\" content=\"Annemeton - Celebrante naturale\" \/>\n<meta property=\"article:published_time\" content=\"2026-05-23T07:06:36+00:00\" \/>\n<meta property=\"article:modified_time\" content=\"2026-05-23T07:06:39+00:00\" \/>\n<meta property=\"og:image\" content=\"https:\/\/celebrante.annemeton.com\/wp-content\/uploads\/2026\/05\/19b3aebe-93b7-4bfb-a5da-da10cd80ffd4.jpg\" \/>\n\t<meta property=\"og:image:width\" content=\"1220\" \/>\n\t<meta property=\"og:image:height\" content=\"1363\" \/>\n\t<meta property=\"og:image:type\" content=\"image\/jpeg\" \/>\n<meta name=\"author\" content=\"Annemeton\" \/>\n<meta name=\"twitter:card\" content=\"summary_large_image\" \/>\n<meta name=\"twitter:label1\" content=\"Written by\" \/>\n\t<meta name=\"twitter:data1\" content=\"Annemeton\" \/>\n\t<meta name=\"twitter:label2\" content=\"Estimated reading time\" \/>\n\t<meta name=\"twitter:data2\" content=\"4 minutes\" \/>\n<script type=\"application\/ld+json\" class=\"yoast-schema-graph\">{\"@context\":\"https:\/\/schema.org\",\"@graph\":[{\"@type\":\"Article\",\"@id\":\"https:\/\/celebrante.annemeton.com\/matrimonio-celtico-nel-bosco-sopra-genova\/#article\",\"isPartOf\":{\"@id\":\"https:\/\/celebrante.annemeton.com\/matrimonio-celtico-nel-bosco-sopra-genova\/\"},\"author\":{\"name\":\"Annemeton\",\"@id\":\"https:\/\/celebrante.annemeton.com\/#\/schema\/person\/6d18f0ccfb559305bc62f8d7fd83ef1d\"},\"headline\":\"Cerimonia Celtica in Liguria: la storia di Romina e Alessandro\",\"datePublished\":\"2026-05-23T07:06:36+00:00\",\"dateModified\":\"2026-05-23T07:06:39+00:00\",\"mainEntityOfPage\":{\"@id\":\"https:\/\/celebrante.annemeton.com\/matrimonio-celtico-nel-bosco-sopra-genova\/\"},\"wordCount\":727,\"commentCount\":0,\"publisher\":{\"@id\":\"https:\/\/celebrante.annemeton.com\/#\/schema\/person\/6d18f0ccfb559305bc62f8d7fd83ef1d\"},\"image\":{\"@id\":\"https:\/\/celebrante.annemeton.com\/matrimonio-celtico-nel-bosco-sopra-genova\/#primaryimage\"},\"thumbnailUrl\":\"https:\/\/celebrante.annemeton.com\/wp-content\/uploads\/2026\/05\/19b3aebe-93b7-4bfb-a5da-da10cd80ffd4.jpg\",\"keywords\":[\"matrimonio\",\"matrimonio simbolico\",\"matrimonioceltico\",\"matrimoniofantasy\",\"matrimonioinnatura\",\"matrimonionelbosco\"],\"articleSection\":[\"Matrimonio celtico\"],\"inLanguage\":\"en-GB\",\"potentialAction\":[{\"@type\":\"CommentAction\",\"name\":\"Comment\",\"target\":[\"https:\/\/celebrante.annemeton.com\/matrimonio-celtico-nel-bosco-sopra-genova\/#respond\"]}]},{\"@type\":\"WebPage\",\"@id\":\"https:\/\/celebrante.annemeton.com\/matrimonio-celtico-nel-bosco-sopra-genova\/\",\"url\":\"https:\/\/celebrante.annemeton.com\/matrimonio-celtico-nel-bosco-sopra-genova\/\",\"name\":\"Cerimonia Celtica in Liguria: la storia di Romina e Alessandro - Annemeton - Celebrante naturale\",\"isPartOf\":{\"@id\":\"https:\/\/celebrante.annemeton.com\/#website\"},\"primaryImageOfPage\":{\"@id\":\"https:\/\/celebrante.annemeton.com\/matrimonio-celtico-nel-bosco-sopra-genova\/#primaryimage\"},\"image\":{\"@id\":\"https:\/\/celebrante.annemeton.com\/matrimonio-celtico-nel-bosco-sopra-genova\/#primaryimage\"},\"thumbnailUrl\":\"https:\/\/celebrante.annemeton.com\/wp-content\/uploads\/2026\/05\/19b3aebe-93b7-4bfb-a5da-da10cd80ffd4.jpg\",\"datePublished\":\"2026-05-23T07:06:36+00:00\",\"dateModified\":\"2026-05-23T07:06:39+00:00\",\"description\":\"Matrimonio celtico nel bosco sopra Genova: una cerimonia simbolica immersa nella natura tra muschio, alberi e atmosfera intima di settembre.\",\"breadcrumb\":{\"@id\":\"https:\/\/celebrante.annemeton.com\/matrimonio-celtico-nel-bosco-sopra-genova\/#breadcrumb\"},\"inLanguage\":\"en-GB\",\"potentialAction\":[{\"@type\":\"ReadAction\",\"target\":[\"https:\/\/celebrante.annemeton.com\/matrimonio-celtico-nel-bosco-sopra-genova\/\"]}]},{\"@type\":\"ImageObject\",\"inLanguage\":\"en-GB\",\"@id\":\"https:\/\/celebrante.annemeton.com\/matrimonio-celtico-nel-bosco-sopra-genova\/#primaryimage\",\"url\":\"https:\/\/celebrante.annemeton.com\/wp-content\/uploads\/2026\/05\/19b3aebe-93b7-4bfb-a5da-da10cd80ffd4.jpg\",\"contentUrl\":\"https:\/\/celebrante.annemeton.com\/wp-content\/uploads\/2026\/05\/19b3aebe-93b7-4bfb-a5da-da10cd80ffd4.jpg\",\"width\":1220,\"height\":1363,\"caption\":\"Cerimonia di matrimonio nel bosco sopra Genova, in Liguria, durante una giornata di settembre. La coppia \u00e8 protagonista di un rito ispirato al matrimonio celtico, immerso nella natura tra alberi, foglie e muschio. La sposa indossa un abito bianco elegante e fluido, lo sposo un completo bianco raffinato. L\u2019atmosfera \u00e8 intima e naturale, con amici e parenti riuniti attorno alla coppia in un contesto boschivo luminoso e silenzioso. Il rito si svolge all\u2019aperto, in un ambiente suggestivo che valorizza la natura e la semplicit\u00e0 della cerimonia.\"},{\"@type\":\"BreadcrumbList\",\"@id\":\"https:\/\/celebrante.annemeton.com\/matrimonio-celtico-nel-bosco-sopra-genova\/#breadcrumb\",\"itemListElement\":[{\"@type\":\"ListItem\",\"position\":1,\"name\":\"Home\",\"item\":\"https:\/\/celebrante.annemeton.com\/\"},{\"@type\":\"ListItem\",\"position\":2,\"name\":\"Cerimonia Celtica in Liguria: la storia di Romina e Alessandro\"}]},{\"@type\":\"WebSite\",\"@id\":\"https:\/\/celebrante.annemeton.com\/#website\",\"url\":\"https:\/\/celebrante.annemeton.com\/\",\"name\":\"Annemeton - Celebrante naturale\",\"description\":\"Celebrazioni naturali a Milano e dintorni\",\"publisher\":{\"@id\":\"https:\/\/celebrante.annemeton.com\/#\/schema\/person\/6d18f0ccfb559305bc62f8d7fd83ef1d\"},\"potentialAction\":[{\"@type\":\"SearchAction\",\"target\":{\"@type\":\"EntryPoint\",\"urlTemplate\":\"https:\/\/celebrante.annemeton.com\/?s={search_term_string}\"},\"query-input\":{\"@type\":\"PropertyValueSpecification\",\"valueRequired\":true,\"valueName\":\"search_term_string\"}}],\"inLanguage\":\"en-GB\"},{\"@type\":[\"Person\",\"Organization\"],\"@id\":\"https:\/\/celebrante.annemeton.com\/#\/schema\/person\/6d18f0ccfb559305bc62f8d7fd83ef1d\",\"name\":\"Annemeton\",\"image\":{\"@type\":\"ImageObject\",\"inLanguage\":\"en-GB\",\"@id\":\"https:\/\/celebrante.annemeton.com\/#\/schema\/person\/image\/\",\"url\":\"https:\/\/celebrante.annemeton.com\/wp-content\/uploads\/2023\/11\/cropped-annemeton-logo.png\",\"contentUrl\":\"https:\/\/celebrante.annemeton.com\/wp-content\/uploads\/2023\/11\/cropped-annemeton-logo.png\",\"width\":1583,\"height\":1583,\"caption\":\"Annemeton\"},\"logo\":{\"@id\":\"https:\/\/celebrante.annemeton.com\/#\/schema\/person\/image\/\"},\"description\":\"Celebrante professionale specializzata in matrimoni simbolici e celtici\",\"url\":\"https:\/\/celebrante.annemeton.com\/en\/author\/anna\/\"}]}<\/script>\n<!-- \/ Yoast SEO plugin. -->","yoast_head_json":{"title":"Cerimonia Celtica in Liguria: la storia di Romina e Alessandro - Annemeton - Celebrante naturale","description":"Matrimonio celtico nel bosco sopra Genova: una cerimonia simbolica immersa nella natura tra muschio, alberi e atmosfera intima di settembre.","robots":{"index":"index","follow":"follow","max-snippet":"max-snippet:-1","max-image-preview":"max-image-preview:large","max-video-preview":"max-video-preview:-1"},"canonical":"https:\/\/celebrante.annemeton.com\/en\/matrimonio-celtico-nel-bosco-sopra-genova\/","og_locale":"en_GB","og_type":"article","og_title":"Cerimonia Celtica in Liguria: la storia di Romina e Alessandro - Annemeton - Celebrante naturale","og_description":"Matrimonio celtico nel bosco sopra Genova: una cerimonia simbolica immersa nella natura tra muschio, alberi e atmosfera intima di settembre.","og_url":"https:\/\/celebrante.annemeton.com\/en\/matrimonio-celtico-nel-bosco-sopra-genova\/","og_site_name":"Annemeton - Celebrante naturale","article_published_time":"2026-05-23T07:06:36+00:00","article_modified_time":"2026-05-23T07:06:39+00:00","og_image":[{"width":1220,"height":1363,"url":"https:\/\/celebrante.annemeton.com\/wp-content\/uploads\/2026\/05\/19b3aebe-93b7-4bfb-a5da-da10cd80ffd4.jpg","type":"image\/jpeg"}],"author":"Annemeton","twitter_card":"summary_large_image","twitter_misc":{"Written by":"Annemeton","Estimated reading time":"4 minutes"},"schema":{"@context":"https:\/\/schema.org","@graph":[{"@type":"Article","@id":"https:\/\/celebrante.annemeton.com\/matrimonio-celtico-nel-bosco-sopra-genova\/#article","isPartOf":{"@id":"https:\/\/celebrante.annemeton.com\/matrimonio-celtico-nel-bosco-sopra-genova\/"},"author":{"name":"Annemeton","@id":"https:\/\/celebrante.annemeton.com\/#\/schema\/person\/6d18f0ccfb559305bc62f8d7fd83ef1d"},"headline":"Cerimonia Celtica in Liguria: la storia di Romina e Alessandro","datePublished":"2026-05-23T07:06:36+00:00","dateModified":"2026-05-23T07:06:39+00:00","mainEntityOfPage":{"@id":"https:\/\/celebrante.annemeton.com\/matrimonio-celtico-nel-bosco-sopra-genova\/"},"wordCount":727,"commentCount":0,"publisher":{"@id":"https:\/\/celebrante.annemeton.com\/#\/schema\/person\/6d18f0ccfb559305bc62f8d7fd83ef1d"},"image":{"@id":"https:\/\/celebrante.annemeton.com\/matrimonio-celtico-nel-bosco-sopra-genova\/#primaryimage"},"thumbnailUrl":"https:\/\/celebrante.annemeton.com\/wp-content\/uploads\/2026\/05\/19b3aebe-93b7-4bfb-a5da-da10cd80ffd4.jpg","keywords":["matrimonio","matrimonio simbolico","matrimonioceltico","matrimoniofantasy","matrimonioinnatura","matrimonionelbosco"],"articleSection":["Matrimonio celtico"],"inLanguage":"en-GB","potentialAction":[{"@type":"CommentAction","name":"Comment","target":["https:\/\/celebrante.annemeton.com\/matrimonio-celtico-nel-bosco-sopra-genova\/#respond"]}]},{"@type":"WebPage","@id":"https:\/\/celebrante.annemeton.com\/matrimonio-celtico-nel-bosco-sopra-genova\/","url":"https:\/\/celebrante.annemeton.com\/matrimonio-celtico-nel-bosco-sopra-genova\/","name":"Cerimonia Celtica in Liguria: la storia di Romina e Alessandro - Annemeton - Celebrante naturale","isPartOf":{"@id":"https:\/\/celebrante.annemeton.com\/#website"},"primaryImageOfPage":{"@id":"https:\/\/celebrante.annemeton.com\/matrimonio-celtico-nel-bosco-sopra-genova\/#primaryimage"},"image":{"@id":"https:\/\/celebrante.annemeton.com\/matrimonio-celtico-nel-bosco-sopra-genova\/#primaryimage"},"thumbnailUrl":"https:\/\/celebrante.annemeton.com\/wp-content\/uploads\/2026\/05\/19b3aebe-93b7-4bfb-a5da-da10cd80ffd4.jpg","datePublished":"2026-05-23T07:06:36+00:00","dateModified":"2026-05-23T07:06:39+00:00","description":"Matrimonio celtico nel bosco sopra Genova: una cerimonia simbolica immersa nella natura tra muschio, alberi e atmosfera intima di settembre.","breadcrumb":{"@id":"https:\/\/celebrante.annemeton.com\/matrimonio-celtico-nel-bosco-sopra-genova\/#breadcrumb"},"inLanguage":"en-GB","potentialAction":[{"@type":"ReadAction","target":["https:\/\/celebrante.annemeton.com\/matrimonio-celtico-nel-bosco-sopra-genova\/"]}]},{"@type":"ImageObject","inLanguage":"en-GB","@id":"https:\/\/celebrante.annemeton.com\/matrimonio-celtico-nel-bosco-sopra-genova\/#primaryimage","url":"https:\/\/celebrante.annemeton.com\/wp-content\/uploads\/2026\/05\/19b3aebe-93b7-4bfb-a5da-da10cd80ffd4.jpg","contentUrl":"https:\/\/celebrante.annemeton.com\/wp-content\/uploads\/2026\/05\/19b3aebe-93b7-4bfb-a5da-da10cd80ffd4.jpg","width":1220,"height":1363,"caption":"Cerimonia di matrimonio nel bosco sopra Genova, in Liguria, durante una giornata di settembre. La coppia \u00e8 protagonista di un rito ispirato al matrimonio celtico, immerso nella natura tra alberi, foglie e muschio. La sposa indossa un abito bianco elegante e fluido, lo sposo un completo bianco raffinato. L\u2019atmosfera \u00e8 intima e naturale, con amici e parenti riuniti attorno alla coppia in un contesto boschivo luminoso e silenzioso. Il rito si svolge all\u2019aperto, in un ambiente suggestivo che valorizza la natura e la semplicit\u00e0 della cerimonia."},{"@type":"BreadcrumbList","@id":"https:\/\/celebrante.annemeton.com\/matrimonio-celtico-nel-bosco-sopra-genova\/#breadcrumb","itemListElement":[{"@type":"ListItem","position":1,"name":"Home","item":"https:\/\/celebrante.annemeton.com\/"},{"@type":"ListItem","position":2,"name":"Cerimonia Celtica in Liguria: la storia di Romina e Alessandro"}]},{"@type":"WebSite","@id":"https:\/\/celebrante.annemeton.com\/#website","url":"https:\/\/celebrante.annemeton.com\/","name":"Annemeton - Celebrante naturale","description":"Celebrazioni naturali a Milano e dintorni","publisher":{"@id":"https:\/\/celebrante.annemeton.com\/#\/schema\/person\/6d18f0ccfb559305bc62f8d7fd83ef1d"},"potentialAction":[{"@type":"SearchAction","target":{"@type":"EntryPoint","urlTemplate":"https:\/\/celebrante.annemeton.com\/?s={search_term_string}"},"query-input":{"@type":"PropertyValueSpecification","valueRequired":true,"valueName":"search_term_string"}}],"inLanguage":"en-GB"},{"@type":["Person","Organization"],"@id":"https:\/\/celebrante.annemeton.com\/#\/schema\/person\/6d18f0ccfb559305bc62f8d7fd83ef1d","name":"Annemeton","image":{"@type":"ImageObject","inLanguage":"en-GB","@id":"https:\/\/celebrante.annemeton.com\/#\/schema\/person\/image\/","url":"https:\/\/celebrante.annemeton.com\/wp-content\/uploads\/2023\/11\/cropped-annemeton-logo.png","contentUrl":"https:\/\/celebrante.annemeton.com\/wp-content\/uploads\/2023\/11\/cropped-annemeton-logo.png","width":1583,"height":1583,"caption":"Annemeton"},"logo":{"@id":"https:\/\/celebrante.annemeton.com\/#\/schema\/person\/image\/"},"description":"Celebrante professionale specializzata in matrimoni simbolici e celtici","url":"https:\/\/celebrante.annemeton.com\/en\/author\/anna\/"}]}},"_links":{"self":[{"href":"https:\/\/celebrante.annemeton.com\/en\/wp-json\/wp\/v2\/posts\/4115","targetHints":{"allow":["GET"]}}],"collection":[{"href":"https:\/\/celebrante.annemeton.com\/en\/wp-json\/wp\/v2\/posts"}],"about":[{"href":"https:\/\/celebrante.annemeton.com\/en\/wp-json\/wp\/v2\/types\/post"}],"author":[{"embeddable":true,"href":"https:\/\/celebrante.annemeton.com\/en\/wp-json\/wp\/v2\/users\/2"}],"replies":[{"embeddable":true,"href":"https:\/\/celebrante.annemeton.com\/en\/wp-json\/wp\/v2\/comments?post=4115"}],"version-history":[{"count":1,"href":"https:\/\/celebrante.annemeton.com\/en\/wp-json\/wp\/v2\/posts\/4115\/revisions"}],"predecessor-version":[{"id":4118,"href":"https:\/\/celebrante.annemeton.com\/en\/wp-json\/wp\/v2\/posts\/4115\/revisions\/4118"}],"wp:featuredmedia":[{"embeddable":true,"href":"https:\/\/celebrante.annemeton.com\/en\/wp-json\/wp\/v2\/media\/4117"}],"wp:attachment":[{"href":"https:\/\/celebrante.annemeton.com\/en\/wp-json\/wp\/v2\/media?parent=4115"}],"wp:term":[{"taxonomy":"category","embeddable":true,"href":"https:\/\/celebrante.annemeton.com\/en\/wp-json\/wp\/v2\/categories?post=4115"},{"taxonomy":"post_tag","embeddable":true,"href":"https:\/\/celebrante.annemeton.com\/en\/wp-json\/wp\/v2\/tags?post=4115"}],"curies":[{"name":"wp","href":"https:\/\/api.w.org\/{rel}","templated":true}]}}