{"id":4121,"date":"2026-06-02T12:21:08","date_gmt":"2026-06-02T12:21:08","guid":{"rendered":"https:\/\/celebrante.annemeton.com\/?p=4121"},"modified":"2026-06-02T12:56:05","modified_gmt":"2026-06-02T12:56:05","slug":"silvia-e-pietro-un-matrimonio-celtico-tra-natura-emozioni-e-tradizione-a-badia-san-vittore","status":"publish","type":"post","link":"https:\/\/celebrante.annemeton.com\/en\/silvia-e-pietro-un-matrimonio-celtico-tra-natura-emozioni-e-tradizione-a-badia-san-vittore\/","title":{"rendered":"Silvia e Pietro: un matrimonio celtico tra natura e tradizione a Badia San Vittore"},"content":{"rendered":"<p class=\"wp-block-paragraph\">Quando accompagno una coppia nella costruzione della propria cerimonia, cerco sempre di comprendere quale sia il filo invisibile che unisce la loro storia. Nel caso di Silvia e Pietro quel filo era evidente fin dal primo incontro: il desiderio di vivere con autenticit\u00e0, la passione per la natura e la convinzione che le esperienze pi\u00f9 preziose siano quelle condivise. Tutto questo ha trovato la sua espressione perfetta in una <strong>cerimonia celtica<\/strong> celebrata il 4 ottobre 2025 a<a href=\"https:\/\/www.villadellarovere.com\/storia\/\"> <strong>Badia San Vittore<\/strong><\/a>, un luogo che sembrava custodire da sempre l&#8217;atmosfera che desideravano creare per il loro giorno speciale.<\/p>\n\n\n\n<h4 class=\"wp-block-heading\">Una storia d\u2019amore nata tra volontariato, montagna e quotidianit\u00e0 condivisa<\/h4>\n\n\n\n<p class=\"wp-block-paragraph\">Fin dal primo incontro con loro ho percepito una sintonia speciale. Silvia e Pietro condividono una passione autentica per la montagna, i sentieri, i viaggi in van, le esperienze all&#8217;aria aperta e tutto ci\u00f2 che permette di entrare in contatto con la parte pi\u00f9 vera e semplice della vita. La loro storia \u00e8 iniziata a Bologna, durante un&#8217;esperienza di volontariato che li ha fatti incontrare attorno a ideali comuni e a una visione del mondo aperta e partecipativa. Una serata al cinema organizzata in gruppo si \u00e8 trasformata quasi per caso nel loro primo appuntamento e da quel momento, il loro cammino ha preso forma con naturalezza.<\/p>\n\n\n\n<p class=\"wp-block-paragraph\">La loro relazione si \u00e8 costruita attraverso visite in bicicletta durante il periodo della pandemia, risate nate da espressioni dialettali da interpretare, giornate trascorse tra progetti condivisi, trekking, arrampicate, avventure a bordo del loro van camperizzato e quella capacit\u00e0 rara di trasformare ogni esperienza in un&#8217;occasione per crescere insieme. Osservandoli si comprende immediatamente quanto il loro amore abbia trovato nella natura una metafora perfetta: un percorso fatto di sentieri da esplorare, salite affrontate fianco a fianco, panorami condivisi e una continua meraviglia per ci\u00f2 che attende dietro la curva successiva.<\/p>\n\n\n\n<h4 class=\"wp-block-heading\">Il rito celtico come scelta simbolica e naturale<\/h4>\n\n\n\n<p class=\"wp-block-paragraph\">Per questo motivo la scelta di una <strong><a href=\"https:\/\/celebrante.annemeton.com\/en\/categorie\/matrimonio-celtico\/\">cerimonia celtica<\/a><\/strong> \u00e8 apparsa fin da subito profondamente coerente con la loro identit\u00e0. Il <strong>rito celtico<\/strong> rappresenta infatti un modo di celebrare l&#8217;unione che affonda le proprie radici nel rapporto con gli elementi della natura, nel rispetto dei cicli della vita e nella consapevolezza che ogni legame cresce e si rafforza attraverso la condivisione del cammino. Si tratta di una forma di <strong><a href=\"https:\/\/celebrante.annemeton.com\/en\/tag\/matrimonio-alternativo\/\">wedding <\/a>alternativo<\/strong> che negli ultimi anni viene scelta da sempre pi\u00f9 coppie desiderose di vivere una celebrazione autentica, personalizzata e profondamente emozionale.<\/p>\n\n\n\n<h4 class=\"wp-block-heading\">Badia San Vittore: un luogo tra storia, natura e spiritualit\u00e0<\/h4>\n\n\n\n<p class=\"wp-block-paragraph\">Anche il luogo scelto per il loro matrimonio sembra appartenere alla stessa storia che Silvia e Pietro stanno vivendo. <strong><a href=\"https:\/\/www.villadellarovere.com\/storia\/\">Badia San Vittore<\/a><\/strong>, nel territorio di <strong>Genga<\/strong> nelle <strong>Marche<\/strong>, \u00e8 una dimora storica dell\u2019XI secolo, immersa nel paesaggio che si apre tra montagne e boschi e segue il corso lento del <strong>fiume Esino<\/strong>. \u00c8 un luogo che porta dentro di s\u00e9 molte vite: un\u2019antica abbazia benedettina, poi residenza privata conosciuta come Villa Della Rovere, oggi ancora custode di tracce del passato, tra cui un piccolo antiquarium che conserva reperti di epoca romana legati al culto delle acque, come se la memoria del luogo avesse sempre avuto a che fare con il fluire e il trasformarsi. Ed \u00e8 forse per questo che, in modo quasi naturale, questo spazio si presta ad accogliere <strong>matrimoni simbolici<\/strong>, cerimonie nella natura e riti come quello celtico, dove gli elementi non fanno da sfondo ma diventano parte viva della storia che si celebra.<\/p>\n\n\n\n<p class=\"wp-block-paragraph\">La data scelta da Silvia e Pietro possedeva inoltre un significato particolarmente evocativo. Il 4 ottobre coincide con la giornata dedicata a San Francesco d&#8217;Assisi, figura profondamente legata alla natura, alla semplicit\u00e0 e all&#8217;armonia tra l&#8217;essere umano e il mondo che lo circonda. Questa coincidenza ha aggiunto un ulteriore livello di significato a una giornata che gi\u00e0 sembrava raccontare il linguaggio della terra, degli alberi, del vento e delle relazioni sincere.<\/p>\n\n\n\n<h4 class=\"wp-block-heading\">Un matrimonio nella natura immerso nella luce d\u2019autunno<\/h4>\n\n\n\n<p class=\"wp-block-paragraph\">La luce di quel sabato di ottobre ha regalato condizioni meravigliose. Il clima mite, il cielo limpido e i colori morbidi dell&#8217;autunno hanno accompagnato ogni momento della celebrazione, creando un&#8217;atmosfera accogliente e luminosa. Fin dall&#8217;arrivo degli ospiti si percepiva una grande energia collettiva, fatta di entusiasmo, curiosit\u00e0 e affetto. Circa cento persone hanno preso parte alla cerimonia, eppure la sensazione dominante era quella di una comunit\u00e0 raccolta e vicina, unita dal desiderio di accompagnare Silvia e Pietro in uno dei momenti pi\u00f9 importanti della loro vita. Molti invitati si avvicinavano per la prima volta a un matrimonio con rito celtico, incuriositi da una celebrazione diversa da quelle pi\u00f9 tradizionali. Nel corso della cerimonia quella curiosit\u00e0 si \u00e8 trasformata rapidamente in partecipazione emotiva: sorrisi, risate, sguardi commossi e momenti di intensa connessione hanno accompagnato il racconto della loro storia e delle qualit\u00e0 che rendono unico il loro legame.<\/p>\n\n\n\n<p class=\"wp-block-paragraph\">Come celebrante, uno degli aspetti che ho amato maggiormente \u00e8 stato osservare la profonda autenticit\u00e0 con cui Silvia e Pietro si guardavano durante il rito. In quei momenti emergevano chiaramente tutti gli elementi che hanno costruito la loro relazione: la fiducia reciproca, la capacit\u00e0 di sostenersi nelle sfide, la voglia di esplorare il mondo insieme, l&#8217;ironia che li accompagna nella quotidianit\u00e0 e quella leggerezza capace di rendere speciale ogni esperienza condivisa.<\/p>\n\n\n\n<p class=\"wp-block-paragraph\">Ogni <strong>humanist romantic ceremony<\/strong> racconta una storia diversa e ogni coppia porta con s\u00e9 un universo di significati, valori e sogni. La celebrazione di Silvia e Pietro rester\u00e0 nel mio cuore come un esempio meraviglioso di come un <strong>rito celtico<\/strong>, un <strong>matrimonio alternativo<\/strong> e una cerimonia immersa nella natura possano dare vita a un&#8217;esperienza intensa, partecipata e profondamente autentica. La bellezza del luogo, l&#8217;energia degli invitati e la forza del loro amore hanno creato un insieme armonioso che continuer\u00e0 a vivere nei ricordi di tutti coloro che erano presenti.<\/p>\n\n\n\n<h4 class=\"wp-block-heading\">Il cammino continua<\/h4>\n\n\n\n<p class=\"wp-block-paragraph\">Accompagnarli in questo percorso e unirli in matrimonio \u00e8 stato un privilegio che porter\u00f2 con me a lungo. La loro storia ricorda che ogni grande avventura nasce da un primo passo condiviso e che i sentieri pi\u00f9 belli diventano ancora pi\u00f9 preziosi quando vengono percorsi insieme, con lo stesso sguardo rivolto verso l&#8217;orizzonte e con il cuore aperto alla meraviglia del cammino.<\/p>\n\n\n\n<p class=\"wp-block-paragraph\">Con affetto, <\/p>\n\n\n\n<p class=\"wp-block-paragraph\">Annemeton<\/p>\n\n\n\n<p class=\"wp-block-paragraph\"><\/p>","protected":false},"excerpt":{"rendered":"<p>Silvia e Pietro hanno scelto di celebrare il loro amore con un matrimonio simbolico con un rito celtico immerso nella natura delle Marche, nella suggestiva cornice di Badia San Vittore. Una storia nata quasi per caso a Bologna e cresciuta passo dopo passo, tra montagna, avventure, quotidianit\u00e0 condivisa e una profonda sintonia che li ha portati a costruire un legame autentico e consapevole. Il loro matrimonio del 4 ottobre 2025 \u00e8 diventato un\u2019esperienza collettiva intensa e partecipata, dove circa cento invitati hanno condiviso emozioni, vicinanza e un\u2019energia sorprendentemente unitaria, in un luogo carico di storia e memoria legata al culto delle acque e alla natura.<\/p>","protected":false},"author":2,"featured_media":4122,"comment_status":"open","ping_status":"closed","sticky":false,"template":"","format":"standard","meta":{"site-sidebar-layout":"default","site-content-layout":"","ast-site-content-layout":"default","site-content-style":"default","site-sidebar-style":"default","ast-global-header-display":"","ast-banner-title-visibility":"","ast-main-header-display":"","ast-hfb-above-header-display":"","ast-hfb-below-header-display":"","ast-hfb-mobile-header-display":"","site-post-title":"","ast-breadcrumbs-content":"","ast-featured-img":"","footer-sml-layout":"","theme-transparent-header-meta":"","adv-header-id-meta":"","stick-header-meta":"","header-above-stick-meta":"","header-main-stick-meta":"","header-below-stick-meta":"","astra-migrate-meta-layouts":"set","ast-page-background-enabled":"default","ast-page-background-meta":{"desktop":{"background-color":"","background-image":"","background-repeat":"repeat","background-position":"center center","background-size":"auto","background-attachment":"scroll","background-type":"","background-media":"","overlay-type":"","overlay-color":"","overlay-gradient":""},"tablet":{"background-color":"","background-image":"","background-repeat":"repeat","background-position":"center center","background-size":"auto","background-attachment":"scroll","background-type":"","background-media":"","overlay-type":"","overlay-color":"","overlay-gradient":""},"mobile":{"background-color":"","background-image":"","background-repeat":"repeat","background-position":"center center","background-size":"auto","background-attachment":"scroll","background-type":"","background-media":"","overlay-type":"","overlay-color":"","overlay-gradient":""}},"ast-content-background-meta":{"desktop":{"background-color":"var(--ast-global-color-5)","background-image":"","background-repeat":"repeat","background-position":"center center","background-size":"auto","background-attachment":"scroll","background-type":"","background-media":"","overlay-type":"","overlay-color":"","overlay-gradient":""},"tablet":{"background-color":"var(--ast-global-color-5)","background-image":"","background-repeat":"repeat","background-position":"center center","background-size":"auto","background-attachment":"scroll","background-type":"","background-media":"","overlay-type":"","overlay-color":"","overlay-gradient":""},"mobile":{"background-color":"var(--ast-global-color-5)","background-image":"","background-repeat":"repeat","background-position":"center center","background-size":"auto","background-attachment":"scroll","background-type":"","background-media":"","overlay-type":"","overlay-color":"","overlay-gradient":""}},"footnotes":""},"categories":[25],"tags":[18,126,29,27,48,47,21],"class_list":["post-4121","post","type-post","status-publish","format-standard","has-post-thumbnail","hentry","category-matrimonio-celtico","tag-matrimonio","tag-matrimonio-alternativo","tag-matrimonio-simbolico","tag-matrimonioceltico","tag-matrimonioinnatura","tag-matrimonionelbosco","tag-unionicivili"],"yoast_head":"<!-- This site is optimized with the Yoast SEO plugin v26.7 - https:\/\/yoast.com\/wordpress\/plugins\/seo\/ -->\n<title>Silvia e Pietro: un matrimonio celtico tra natura e tradizione a Badia San Vittore - Annemeton - Celebrante naturale<\/title>\n<meta name=\"robots\" content=\"index, follow, max-snippet:-1, max-image-preview:large, max-video-preview:-1\" \/>\n<link rel=\"canonical\" href=\"https:\/\/celebrante.annemeton.com\/en\/silvia-e-pietro-un-matrimonio-celtico-tra-natura-emozioni-e-tradizione-a-badia-san-vittore\/\" \/>\n<meta property=\"og:locale\" content=\"en_GB\" \/>\n<meta property=\"og:type\" content=\"article\" \/>\n<meta property=\"og:title\" content=\"Silvia e Pietro: un matrimonio celtico tra natura e tradizione a Badia San Vittore - Annemeton - Celebrante naturale\" \/>\n<meta property=\"og:description\" content=\"Silvia e Pietro hanno scelto di celebrare il loro amore con un matrimonio simbolico con un rito celtico immerso nella natura delle Marche, nella suggestiva cornice di Badia San Vittore. Una storia nata quasi per caso a Bologna e cresciuta passo dopo passo, tra montagna, avventure, quotidianit\u00e0 condivisa e una profonda sintonia che li ha portati a costruire un legame autentico e consapevole. Il loro matrimonio del 4 ottobre 2025 \u00e8 diventato un\u2019esperienza collettiva intensa e partecipata, dove circa cento invitati hanno condiviso emozioni, vicinanza e un\u2019energia sorprendentemente unitaria, in un luogo carico di storia e memoria legata al culto delle acque e alla natura.\" \/>\n<meta property=\"og:url\" content=\"https:\/\/celebrante.annemeton.com\/en\/silvia-e-pietro-un-matrimonio-celtico-tra-natura-emozioni-e-tradizione-a-badia-san-vittore\/\" \/>\n<meta property=\"og:site_name\" content=\"Annemeton - Celebrante naturale\" \/>\n<meta property=\"article:published_time\" content=\"2026-06-02T12:21:08+00:00\" \/>\n<meta property=\"article:modified_time\" content=\"2026-06-02T12:56:05+00:00\" \/>\n<meta property=\"og:image\" content=\"https:\/\/celebrante.annemeton.com\/wp-content\/uploads\/2026\/06\/PHOTO-2026-05-05-15-02-10.jpg\" \/>\n\t<meta property=\"og:image:width\" content=\"1600\" \/>\n\t<meta property=\"og:image:height\" content=\"1064\" \/>\n\t<meta property=\"og:image:type\" content=\"image\/jpeg\" \/>\n<meta name=\"author\" content=\"Annemeton\" \/>\n<meta name=\"twitter:card\" content=\"summary_large_image\" \/>\n<meta name=\"twitter:label1\" content=\"Written by\" \/>\n\t<meta name=\"twitter:data1\" content=\"Annemeton\" \/>\n\t<meta name=\"twitter:label2\" content=\"Estimated reading time\" \/>\n\t<meta name=\"twitter:data2\" content=\"6 minutes\" \/>\n<script type=\"application\/ld+json\" class=\"yoast-schema-graph\">{\"@context\":\"https:\/\/schema.org\",\"@graph\":[{\"@type\":\"Article\",\"@id\":\"https:\/\/celebrante.annemeton.com\/silvia-e-pietro-un-matrimonio-celtico-tra-natura-emozioni-e-tradizione-a-badia-san-vittore\/#article\",\"isPartOf\":{\"@id\":\"https:\/\/celebrante.annemeton.com\/silvia-e-pietro-un-matrimonio-celtico-tra-natura-emozioni-e-tradizione-a-badia-san-vittore\/\"},\"author\":{\"name\":\"Annemeton\",\"@id\":\"https:\/\/celebrante.annemeton.com\/#\/schema\/person\/6d18f0ccfb559305bc62f8d7fd83ef1d\"},\"headline\":\"Silvia e Pietro: un matrimonio celtico tra natura e tradizione a Badia San Vittore\",\"datePublished\":\"2026-06-02T12:21:08+00:00\",\"dateModified\":\"2026-06-02T12:56:05+00:00\",\"mainEntityOfPage\":{\"@id\":\"https:\/\/celebrante.annemeton.com\/silvia-e-pietro-un-matrimonio-celtico-tra-natura-emozioni-e-tradizione-a-badia-san-vittore\/\"},\"wordCount\":1026,\"commentCount\":0,\"publisher\":{\"@id\":\"https:\/\/celebrante.annemeton.com\/#\/schema\/person\/6d18f0ccfb559305bc62f8d7fd83ef1d\"},\"image\":{\"@id\":\"https:\/\/celebrante.annemeton.com\/silvia-e-pietro-un-matrimonio-celtico-tra-natura-emozioni-e-tradizione-a-badia-san-vittore\/#primaryimage\"},\"thumbnailUrl\":\"https:\/\/celebrante.annemeton.com\/wp-content\/uploads\/2026\/06\/PHOTO-2026-05-05-15-02-10.jpg\",\"keywords\":[\"matrimonio\",\"matrimonio alternativo\",\"matrimonio simbolico\",\"matrimonioceltico\",\"matrimonioinnatura\",\"matrimonionelbosco\",\"unionicivili\"],\"articleSection\":[\"Matrimonio celtico\"],\"inLanguage\":\"en-GB\",\"potentialAction\":[{\"@type\":\"CommentAction\",\"name\":\"Comment\",\"target\":[\"https:\/\/celebrante.annemeton.com\/silvia-e-pietro-un-matrimonio-celtico-tra-natura-emozioni-e-tradizione-a-badia-san-vittore\/#respond\"]}]},{\"@type\":\"WebPage\",\"@id\":\"https:\/\/celebrante.annemeton.com\/silvia-e-pietro-un-matrimonio-celtico-tra-natura-emozioni-e-tradizione-a-badia-san-vittore\/\",\"url\":\"https:\/\/celebrante.annemeton.com\/silvia-e-pietro-un-matrimonio-celtico-tra-natura-emozioni-e-tradizione-a-badia-san-vittore\/\",\"name\":\"Silvia e Pietro: un matrimonio celtico tra natura e tradizione a Badia San Vittore - Annemeton - Celebrante naturale\",\"isPartOf\":{\"@id\":\"https:\/\/celebrante.annemeton.com\/#website\"},\"primaryImageOfPage\":{\"@id\":\"https:\/\/celebrante.annemeton.com\/silvia-e-pietro-un-matrimonio-celtico-tra-natura-emozioni-e-tradizione-a-badia-san-vittore\/#primaryimage\"},\"image\":{\"@id\":\"https:\/\/celebrante.annemeton.com\/silvia-e-pietro-un-matrimonio-celtico-tra-natura-emozioni-e-tradizione-a-badia-san-vittore\/#primaryimage\"},\"thumbnailUrl\":\"https:\/\/celebrante.annemeton.com\/wp-content\/uploads\/2026\/06\/PHOTO-2026-05-05-15-02-10.jpg\",\"datePublished\":\"2026-06-02T12:21:08+00:00\",\"dateModified\":\"2026-06-02T12:56:05+00:00\",\"breadcrumb\":{\"@id\":\"https:\/\/celebrante.annemeton.com\/silvia-e-pietro-un-matrimonio-celtico-tra-natura-emozioni-e-tradizione-a-badia-san-vittore\/#breadcrumb\"},\"inLanguage\":\"en-GB\",\"potentialAction\":[{\"@type\":\"ReadAction\",\"target\":[\"https:\/\/celebrante.annemeton.com\/silvia-e-pietro-un-matrimonio-celtico-tra-natura-emozioni-e-tradizione-a-badia-san-vittore\/\"]}]},{\"@type\":\"ImageObject\",\"inLanguage\":\"en-GB\",\"@id\":\"https:\/\/celebrante.annemeton.com\/silvia-e-pietro-un-matrimonio-celtico-tra-natura-emozioni-e-tradizione-a-badia-san-vittore\/#primaryimage\",\"url\":\"https:\/\/celebrante.annemeton.com\/wp-content\/uploads\/2026\/06\/PHOTO-2026-05-05-15-02-10.jpg\",\"contentUrl\":\"https:\/\/celebrante.annemeton.com\/wp-content\/uploads\/2026\/06\/PHOTO-2026-05-05-15-02-10.jpg\",\"width\":1600,\"height\":1064,\"caption\":\"Una coppia si sposa in un bosco con un rito romantico sotto gli alberi autunnali\"},{\"@type\":\"BreadcrumbList\",\"@id\":\"https:\/\/celebrante.annemeton.com\/silvia-e-pietro-un-matrimonio-celtico-tra-natura-emozioni-e-tradizione-a-badia-san-vittore\/#breadcrumb\",\"itemListElement\":[{\"@type\":\"ListItem\",\"position\":1,\"name\":\"Home\",\"item\":\"https:\/\/celebrante.annemeton.com\/\"},{\"@type\":\"ListItem\",\"position\":2,\"name\":\"Silvia e Pietro: un matrimonio celtico tra natura e tradizione a Badia San Vittore\"}]},{\"@type\":\"WebSite\",\"@id\":\"https:\/\/celebrante.annemeton.com\/#website\",\"url\":\"https:\/\/celebrante.annemeton.com\/\",\"name\":\"Annemeton - Celebrante naturale\",\"description\":\"Celebrazioni naturali a Milano e dintorni\",\"publisher\":{\"@id\":\"https:\/\/celebrante.annemeton.com\/#\/schema\/person\/6d18f0ccfb559305bc62f8d7fd83ef1d\"},\"potentialAction\":[{\"@type\":\"SearchAction\",\"target\":{\"@type\":\"EntryPoint\",\"urlTemplate\":\"https:\/\/celebrante.annemeton.com\/?s={search_term_string}\"},\"query-input\":{\"@type\":\"PropertyValueSpecification\",\"valueRequired\":true,\"valueName\":\"search_term_string\"}}],\"inLanguage\":\"en-GB\"},{\"@type\":[\"Person\",\"Organization\"],\"@id\":\"https:\/\/celebrante.annemeton.com\/#\/schema\/person\/6d18f0ccfb559305bc62f8d7fd83ef1d\",\"name\":\"Annemeton\",\"image\":{\"@type\":\"ImageObject\",\"inLanguage\":\"en-GB\",\"@id\":\"https:\/\/celebrante.annemeton.com\/#\/schema\/person\/image\/\",\"url\":\"https:\/\/celebrante.annemeton.com\/wp-content\/uploads\/2023\/11\/cropped-annemeton-logo.png\",\"contentUrl\":\"https:\/\/celebrante.annemeton.com\/wp-content\/uploads\/2023\/11\/cropped-annemeton-logo.png\",\"width\":1583,\"height\":1583,\"caption\":\"Annemeton\"},\"logo\":{\"@id\":\"https:\/\/celebrante.annemeton.com\/#\/schema\/person\/image\/\"},\"description\":\"Celebrante professionale specializzata in matrimoni simbolici e celtici\",\"url\":\"https:\/\/celebrante.annemeton.com\/en\/author\/anna\/\"}]}<\/script>\n<!-- \/ Yoast SEO plugin. -->","yoast_head_json":{"title":"Silvia e Pietro: un matrimonio celtico tra natura e tradizione a Badia San Vittore - Annemeton - Celebrante naturale","robots":{"index":"index","follow":"follow","max-snippet":"max-snippet:-1","max-image-preview":"max-image-preview:large","max-video-preview":"max-video-preview:-1"},"canonical":"https:\/\/celebrante.annemeton.com\/en\/silvia-e-pietro-un-matrimonio-celtico-tra-natura-emozioni-e-tradizione-a-badia-san-vittore\/","og_locale":"en_GB","og_type":"article","og_title":"Silvia e Pietro: un matrimonio celtico tra natura e tradizione a Badia San Vittore - Annemeton - Celebrante naturale","og_description":"Silvia e Pietro hanno scelto di celebrare il loro amore con un matrimonio simbolico con un rito celtico immerso nella natura delle Marche, nella suggestiva cornice di Badia San Vittore. Una storia nata quasi per caso a Bologna e cresciuta passo dopo passo, tra montagna, avventure, quotidianit\u00e0 condivisa e una profonda sintonia che li ha portati a costruire un legame autentico e consapevole. Il loro matrimonio del 4 ottobre 2025 \u00e8 diventato un\u2019esperienza collettiva intensa e partecipata, dove circa cento invitati hanno condiviso emozioni, vicinanza e un\u2019energia sorprendentemente unitaria, in un luogo carico di storia e memoria legata al culto delle acque e alla natura.","og_url":"https:\/\/celebrante.annemeton.com\/en\/silvia-e-pietro-un-matrimonio-celtico-tra-natura-emozioni-e-tradizione-a-badia-san-vittore\/","og_site_name":"Annemeton - Celebrante naturale","article_published_time":"2026-06-02T12:21:08+00:00","article_modified_time":"2026-06-02T12:56:05+00:00","og_image":[{"width":1600,"height":1064,"url":"https:\/\/celebrante.annemeton.com\/wp-content\/uploads\/2026\/06\/PHOTO-2026-05-05-15-02-10.jpg","type":"image\/jpeg"}],"author":"Annemeton","twitter_card":"summary_large_image","twitter_misc":{"Written by":"Annemeton","Estimated reading time":"6 minutes"},"schema":{"@context":"https:\/\/schema.org","@graph":[{"@type":"Article","@id":"https:\/\/celebrante.annemeton.com\/silvia-e-pietro-un-matrimonio-celtico-tra-natura-emozioni-e-tradizione-a-badia-san-vittore\/#article","isPartOf":{"@id":"https:\/\/celebrante.annemeton.com\/silvia-e-pietro-un-matrimonio-celtico-tra-natura-emozioni-e-tradizione-a-badia-san-vittore\/"},"author":{"name":"Annemeton","@id":"https:\/\/celebrante.annemeton.com\/#\/schema\/person\/6d18f0ccfb559305bc62f8d7fd83ef1d"},"headline":"Silvia e Pietro: un matrimonio celtico tra natura e tradizione a Badia San Vittore","datePublished":"2026-06-02T12:21:08+00:00","dateModified":"2026-06-02T12:56:05+00:00","mainEntityOfPage":{"@id":"https:\/\/celebrante.annemeton.com\/silvia-e-pietro-un-matrimonio-celtico-tra-natura-emozioni-e-tradizione-a-badia-san-vittore\/"},"wordCount":1026,"commentCount":0,"publisher":{"@id":"https:\/\/celebrante.annemeton.com\/#\/schema\/person\/6d18f0ccfb559305bc62f8d7fd83ef1d"},"image":{"@id":"https:\/\/celebrante.annemeton.com\/silvia-e-pietro-un-matrimonio-celtico-tra-natura-emozioni-e-tradizione-a-badia-san-vittore\/#primaryimage"},"thumbnailUrl":"https:\/\/celebrante.annemeton.com\/wp-content\/uploads\/2026\/06\/PHOTO-2026-05-05-15-02-10.jpg","keywords":["matrimonio","matrimonio alternativo","matrimonio simbolico","matrimonioceltico","matrimonioinnatura","matrimonionelbosco","unionicivili"],"articleSection":["Matrimonio celtico"],"inLanguage":"en-GB","potentialAction":[{"@type":"CommentAction","name":"Comment","target":["https:\/\/celebrante.annemeton.com\/silvia-e-pietro-un-matrimonio-celtico-tra-natura-emozioni-e-tradizione-a-badia-san-vittore\/#respond"]}]},{"@type":"WebPage","@id":"https:\/\/celebrante.annemeton.com\/silvia-e-pietro-un-matrimonio-celtico-tra-natura-emozioni-e-tradizione-a-badia-san-vittore\/","url":"https:\/\/celebrante.annemeton.com\/silvia-e-pietro-un-matrimonio-celtico-tra-natura-emozioni-e-tradizione-a-badia-san-vittore\/","name":"Silvia e Pietro: un matrimonio celtico tra natura e tradizione a Badia San Vittore - Annemeton - Celebrante naturale","isPartOf":{"@id":"https:\/\/celebrante.annemeton.com\/#website"},"primaryImageOfPage":{"@id":"https:\/\/celebrante.annemeton.com\/silvia-e-pietro-un-matrimonio-celtico-tra-natura-emozioni-e-tradizione-a-badia-san-vittore\/#primaryimage"},"image":{"@id":"https:\/\/celebrante.annemeton.com\/silvia-e-pietro-un-matrimonio-celtico-tra-natura-emozioni-e-tradizione-a-badia-san-vittore\/#primaryimage"},"thumbnailUrl":"https:\/\/celebrante.annemeton.com\/wp-content\/uploads\/2026\/06\/PHOTO-2026-05-05-15-02-10.jpg","datePublished":"2026-06-02T12:21:08+00:00","dateModified":"2026-06-02T12:56:05+00:00","breadcrumb":{"@id":"https:\/\/celebrante.annemeton.com\/silvia-e-pietro-un-matrimonio-celtico-tra-natura-emozioni-e-tradizione-a-badia-san-vittore\/#breadcrumb"},"inLanguage":"en-GB","potentialAction":[{"@type":"ReadAction","target":["https:\/\/celebrante.annemeton.com\/silvia-e-pietro-un-matrimonio-celtico-tra-natura-emozioni-e-tradizione-a-badia-san-vittore\/"]}]},{"@type":"ImageObject","inLanguage":"en-GB","@id":"https:\/\/celebrante.annemeton.com\/silvia-e-pietro-un-matrimonio-celtico-tra-natura-emozioni-e-tradizione-a-badia-san-vittore\/#primaryimage","url":"https:\/\/celebrante.annemeton.com\/wp-content\/uploads\/2026\/06\/PHOTO-2026-05-05-15-02-10.jpg","contentUrl":"https:\/\/celebrante.annemeton.com\/wp-content\/uploads\/2026\/06\/PHOTO-2026-05-05-15-02-10.jpg","width":1600,"height":1064,"caption":"Una coppia si sposa in un bosco con un rito romantico sotto gli alberi autunnali"},{"@type":"BreadcrumbList","@id":"https:\/\/celebrante.annemeton.com\/silvia-e-pietro-un-matrimonio-celtico-tra-natura-emozioni-e-tradizione-a-badia-san-vittore\/#breadcrumb","itemListElement":[{"@type":"ListItem","position":1,"name":"Home","item":"https:\/\/celebrante.annemeton.com\/"},{"@type":"ListItem","position":2,"name":"Silvia e Pietro: un matrimonio celtico tra natura e tradizione a Badia San Vittore"}]},{"@type":"WebSite","@id":"https:\/\/celebrante.annemeton.com\/#website","url":"https:\/\/celebrante.annemeton.com\/","name":"Annemeton - Celebrante naturale","description":"Celebrazioni naturali a Milano e dintorni","publisher":{"@id":"https:\/\/celebrante.annemeton.com\/#\/schema\/person\/6d18f0ccfb559305bc62f8d7fd83ef1d"},"potentialAction":[{"@type":"SearchAction","target":{"@type":"EntryPoint","urlTemplate":"https:\/\/celebrante.annemeton.com\/?s={search_term_string}"},"query-input":{"@type":"PropertyValueSpecification","valueRequired":true,"valueName":"search_term_string"}}],"inLanguage":"en-GB"},{"@type":["Person","Organization"],"@id":"https:\/\/celebrante.annemeton.com\/#\/schema\/person\/6d18f0ccfb559305bc62f8d7fd83ef1d","name":"Annemeton","image":{"@type":"ImageObject","inLanguage":"en-GB","@id":"https:\/\/celebrante.annemeton.com\/#\/schema\/person\/image\/","url":"https:\/\/celebrante.annemeton.com\/wp-content\/uploads\/2023\/11\/cropped-annemeton-logo.png","contentUrl":"https:\/\/celebrante.annemeton.com\/wp-content\/uploads\/2023\/11\/cropped-annemeton-logo.png","width":1583,"height":1583,"caption":"Annemeton"},"logo":{"@id":"https:\/\/celebrante.annemeton.com\/#\/schema\/person\/image\/"},"description":"Celebrante professionale specializzata in matrimoni simbolici e celtici","url":"https:\/\/celebrante.annemeton.com\/en\/author\/anna\/"}]}},"_links":{"self":[{"href":"https:\/\/celebrante.annemeton.com\/en\/wp-json\/wp\/v2\/posts\/4121","targetHints":{"allow":["GET"]}}],"collection":[{"href":"https:\/\/celebrante.annemeton.com\/en\/wp-json\/wp\/v2\/posts"}],"about":[{"href":"https:\/\/celebrante.annemeton.com\/en\/wp-json\/wp\/v2\/types\/post"}],"author":[{"embeddable":true,"href":"https:\/\/celebrante.annemeton.com\/en\/wp-json\/wp\/v2\/users\/2"}],"replies":[{"embeddable":true,"href":"https:\/\/celebrante.annemeton.com\/en\/wp-json\/wp\/v2\/comments?post=4121"}],"version-history":[{"count":2,"href":"https:\/\/celebrante.annemeton.com\/en\/wp-json\/wp\/v2\/posts\/4121\/revisions"}],"predecessor-version":[{"id":4130,"href":"https:\/\/celebrante.annemeton.com\/en\/wp-json\/wp\/v2\/posts\/4121\/revisions\/4130"}],"wp:featuredmedia":[{"embeddable":true,"href":"https:\/\/celebrante.annemeton.com\/en\/wp-json\/wp\/v2\/media\/4122"}],"wp:attachment":[{"href":"https:\/\/celebrante.annemeton.com\/en\/wp-json\/wp\/v2\/media?parent=4121"}],"wp:term":[{"taxonomy":"category","embeddable":true,"href":"https:\/\/celebrante.annemeton.com\/en\/wp-json\/wp\/v2\/categories?post=4121"},{"taxonomy":"post_tag","embeddable":true,"href":"https:\/\/celebrante.annemeton.com\/en\/wp-json\/wp\/v2\/tags?post=4121"}],"curies":[{"name":"wp","href":"https:\/\/api.w.org\/{rel}","templated":true}]}}