{"id":4135,"date":"2026-06-11T12:38:09","date_gmt":"2026-06-11T12:38:09","guid":{"rendered":"https:\/\/celebrante.annemeton.com\/?p=4135"},"modified":"2026-06-11T12:38:13","modified_gmt":"2026-06-11T12:38:13","slug":"rinnovo-delle-promesse-con-rito-celtico","status":"publish","type":"post","link":"https:\/\/celebrante.annemeton.com\/en\/rinnovo-delle-promesse-con-rito-celtico\/","title":{"rendered":"Matrimonio celtico nel Parco del Ticino: il rinnovo di Antonella e Ambrogio"},"content":{"rendered":"<p class=\"wp-block-paragraph\">In un pomeriggio di settembre, ancora in piena estate, sono stata invitata a celebrare un <strong><a href=\"https:\/\/celebrante.annemeton.com\/en\/categorie\/rinnovi\/\">rinnovo di unione<\/a><\/strong> attraverso un <strong><a href=\"https:\/\/celebrante.annemeton.com\/en\/categorie\/matrimonio-celtico\/\">matrimonio celtico<\/a> <\/strong>nel<strong><a href=\"https:\/\/www.parcoticino.it\/\"> Parco del Ticino<\/a><\/strong>, in uno spazio speciale, custodito e amato da due persone splendide, Antonella ed Antonio, nella loro dimora nel Parco del Ticino, nella zona di Somma Lombardo. Un luogo che negli anni hanno trasformato con pazienza, dedizione e amore in un punto di incontro per amici, famiglie e bambini. Un luogo che con purezza e attenzione racconta chi sono&#8230;<\/p>\n\n\n\n<p class=\"wp-block-paragraph\">Devo dire che ho il privilegio di entrare nelle storie delle persone prima ancora di celebrare la loro storia d&#8217;amore, infatti ho conosciuto Antonella e Ambrogio qualche anno fa in occasione di magici eventi organizzati da loro.<\/p>\n\n\n\n<h4 class=\"wp-block-heading\">Un amore nato tra storia, magia e destino<\/h4>\n\n\n\n<p class=\"wp-block-paragraph\">La loro storia \u00e8 iniziata molti anni fa al Castello Visconti di Somma Lombardo, durante un evento dedicato a Mago Merlino. Un incontro che, ascoltando il loro racconto, sembra uscito da una leggenda: la pioggia, il castello, una giovane donna con un vestito azzurro decorato di stelle e un cavaliere dai lunghi capelli che le offre le mani per scaldarle dal freddo. Da quel giorno hanno costruito una vita insieme fatta di passioni, creativit\u00e0, amicizie, rievocazione storica, amore per la natura e per tutto ci\u00f2 che riesce a mantenere vivo il senso di meraviglia. E forse \u00e8 proprio questa la parola che pi\u00f9 li rappresenta: <strong>meraviglia<\/strong>.<\/p>\n\n\n\n<h4 class=\"wp-block-heading\">Un rito simbolico celtico immerso nella natura<\/h4>\n\n\n\n<p class=\"wp-block-paragraph\">Per il rinnovo delle loro promesse hanno scelto un rito simbolico celtico, celebrato all&#8217;aperto, circondati dagli alberi, dal verde e dalla quiete del Parco del Ticino. Il luogo della cerimonia si trovava vicino a un piccolo santuario, in uno spazio che per loro \u00e8 sacro. Non nel senso religioso del termine, ma nel significato pi\u00f9 profondo: uno spazio che custodisce ricordi, incontri, progetti, sogni&#8230;Spiriti di Natura. L&#8217;allestimento parlava di loro in ogni dettaglio.Tutto sembrava nato dal paesaggio stesso: i colori della natura, gli elementi simbolici del rito, le decorazioni preparate con cura e quella sensazione di armonia che accompagna i luoghi amati. Gli ospiti sono stati accolti come si accolgono gli amici a casa propria. Perch\u00e9 questo, in fondo, era: una grande casa all&#8217;aperto.<\/p>\n\n\n\n<h4 class=\"wp-block-heading\">La gentilezza come scelta di vita<\/h4>\n\n\n\n<p class=\"wp-block-paragraph\">Chi conosce Antonella sa quanto il tema della gentilezza sia centrale nel suo modo di stare al mondo. Da anni promuove iniziative e piccoli gesti capaci di diffondere attenzione, cura e consapevolezza nelle relazioni umane. Non come slogan, ma come pratica quotidiana. Durante la cerimonia questa sua visione era tangibile. La si percepiva nelle parole rivolte agli amici, negli sguardi, nei ringraziamenti, nella presenza di persone che negli anni hanno condiviso con loro un pezzo di strada. Anche Ambrogio porta con s\u00e9 una qualit\u00e0 rara: la capacit\u00e0 di essere una presenza stabile, concreta, rassicurante. Antonella lo descrive come un cavaliere d&#8217;altri tempi. E osservandoli insieme, si comprende immediatamente cosa intenda. Sono una coppia che si sostiene senza invadere, che si incoraggia, che lascia spazio all&#8217;altro di essere pienamente s\u00e9 stesso.<\/p>\n\n\n\n<h4 class=\"wp-block-heading\">Erbe, parole e piccoli doni per chi ha condiviso il cammino<\/h4>\n\n\n\n<p class=\"wp-block-paragraph\">Dopo il rito, la festa \u00e8 proseguita nel loro spazio con un buffet preparato per amici e parenti. Tra i dettagli pi\u00f9 belli della giornata c&#8217;erano i piccoli doni pensati per gli ospiti: composizioni di erbe aromatiche, messaggi evocativi, frasi dedicate alla natura, all&#8217;amore e alla magia degli incontri.  Ci\u00f2 che ho trovato pi\u00f9 emozionante in questa cerimonia n\u00e8 stato il modo in cui Antonella e Ambrogio si guardavano. Dopo dieci anni di matrimonio, i loro occhi conservavano ancora quella luce che appartiene alle persone che continuano a scegliersi ogni giorno. In un mondo che corre veloce, il loro rito simbolico celtico nel cuore del Parco del Ticino \u00e8 stato un invito a rallentare, ad ascoltare, a ricordare che l&#8217;amore non \u00e8 qualcosa che accade una volta sola.<\/p>\n\n\n\n<p class=\"wp-block-paragraph\">L&#8217;amore \u00e8 una scelta che si rinnova.<\/p>\n\n\n\n<p class=\"wp-block-paragraph\">Grazie anime belle, vi voglio bene<\/p>\n\n\n\n<p class=\"wp-block-paragraph\">Annemeton<\/p>","protected":false},"excerpt":{"rendered":"<p>Questo racconto nasce dal rinnovo delle promesse di Antonella e Ambrogio, celebrato in un pomeriggio di settembre nel cuore del Parco del Ticino, nella zona di Somma Lombardo. Un luogo che per loro \u00e8 casa, memoria e progetto di vita condiviso.<\/p>\n<p>La loro cerimonia simbolica celtica si \u00e8 svolta in un contesto naturale, vicino a un piccolo santuario, tra il verde, il silenzio e la presenza delle persone care. Un rito costruito con semplicit\u00e0 e cura, in cui ogni dettaglio parlava di loro: della loro storia, della loro sensibilit\u00e0 e di un modo di vivere fatto di gentilezza, creativit\u00e0 e attenzione verso gli altri.<\/p>","protected":false},"author":2,"featured_media":4136,"comment_status":"open","ping_status":"closed","sticky":false,"template":"","format":"standard","meta":{"site-sidebar-layout":"default","site-content-layout":"","ast-site-content-layout":"default","site-content-style":"default","site-sidebar-style":"default","ast-global-header-display":"","ast-banner-title-visibility":"","ast-main-header-display":"","ast-hfb-above-header-display":"","ast-hfb-below-header-display":"","ast-hfb-mobile-header-display":"","site-post-title":"","ast-breadcrumbs-content":"","ast-featured-img":"","footer-sml-layout":"","theme-transparent-header-meta":"","adv-header-id-meta":"","stick-header-meta":"","header-above-stick-meta":"","header-main-stick-meta":"","header-below-stick-meta":"","astra-migrate-meta-layouts":"set","ast-page-background-enabled":"default","ast-page-background-meta":{"desktop":{"background-color":"","background-image":"","background-repeat":"repeat","background-position":"center center","background-size":"auto","background-attachment":"scroll","background-type":"","background-media":"","overlay-type":"","overlay-color":"","overlay-gradient":""},"tablet":{"background-color":"","background-image":"","background-repeat":"repeat","background-position":"center center","background-size":"auto","background-attachment":"scroll","background-type":"","background-media":"","overlay-type":"","overlay-color":"","overlay-gradient":""},"mobile":{"background-color":"","background-image":"","background-repeat":"repeat","background-position":"center center","background-size":"auto","background-attachment":"scroll","background-type":"","background-media":"","overlay-type":"","overlay-color":"","overlay-gradient":""}},"ast-content-background-meta":{"desktop":{"background-color":"var(--ast-global-color-5)","background-image":"","background-repeat":"repeat","background-position":"center center","background-size":"auto","background-attachment":"scroll","background-type":"","background-media":"","overlay-type":"","overlay-color":"","overlay-gradient":""},"tablet":{"background-color":"var(--ast-global-color-5)","background-image":"","background-repeat":"repeat","background-position":"center center","background-size":"auto","background-attachment":"scroll","background-type":"","background-media":"","overlay-type":"","overlay-color":"","overlay-gradient":""},"mobile":{"background-color":"var(--ast-global-color-5)","background-image":"","background-repeat":"repeat","background-position":"center center","background-size":"auto","background-attachment":"scroll","background-type":"","background-media":"","overlay-type":"","overlay-color":"","overlay-gradient":""}},"footnotes":""},"categories":[91],"tags":[153,154,18,29,27,48,47],"class_list":["post-4135","post","type-post","status-publish","format-standard","has-post-thumbnail","hentry","category-rinnovi","tag-anniversario","tag-anniversarionozze","tag-matrimonio","tag-matrimonio-simbolico","tag-matrimonioceltico","tag-matrimonioinnatura","tag-matrimonionelbosco"],"yoast_head":"<!-- This site is optimized with the Yoast SEO plugin v26.7 - https:\/\/yoast.com\/wordpress\/plugins\/seo\/ -->\n<title>Rinnovo Matrimonio con Rito Simbolico Celtico nel bosco<\/title>\n<meta name=\"description\" content=\"Rinnovo delle promesse di Antonella e Ambrogio nel cuore del Parco del Ticino: un matrimonio simbolico celtico tra natura e incanto\" \/>\n<meta name=\"robots\" content=\"index, follow, max-snippet:-1, max-image-preview:large, max-video-preview:-1\" \/>\n<link rel=\"canonical\" href=\"https:\/\/celebrante.annemeton.com\/en\/rinnovo-delle-promesse-con-rito-celtico\/\" \/>\n<meta property=\"og:locale\" content=\"en_GB\" \/>\n<meta property=\"og:type\" content=\"article\" \/>\n<meta property=\"og:title\" content=\"Rinnovo Matrimonio con Rito Simbolico Celtico nel bosco\" \/>\n<meta property=\"og:description\" content=\"Rinnovo delle promesse di Antonella e Ambrogio nel cuore del Parco del Ticino: un matrimonio simbolico celtico tra natura e incanto\" \/>\n<meta property=\"og:url\" content=\"https:\/\/celebrante.annemeton.com\/en\/rinnovo-delle-promesse-con-rito-celtico\/\" \/>\n<meta property=\"og:site_name\" content=\"Annemeton - Celebrante naturale\" \/>\n<meta property=\"article:published_time\" content=\"2026-06-11T12:38:09+00:00\" \/>\n<meta property=\"article:modified_time\" content=\"2026-06-11T12:38:13+00:00\" \/>\n<meta property=\"og:image\" content=\"https:\/\/celebrante.annemeton.com\/wp-content\/uploads\/2026\/06\/34fb7a7c-4720-416d-9578-c0bb3cc32d2a.jpg\" \/>\n\t<meta property=\"og:image:width\" content=\"1421\" \/>\n\t<meta property=\"og:image:height\" content=\"1935\" \/>\n\t<meta property=\"og:image:type\" content=\"image\/jpeg\" \/>\n<meta name=\"author\" content=\"Annemeton\" \/>\n<meta name=\"twitter:card\" content=\"summary_large_image\" \/>\n<meta name=\"twitter:label1\" content=\"Written by\" \/>\n\t<meta name=\"twitter:data1\" content=\"Annemeton\" \/>\n\t<meta name=\"twitter:label2\" content=\"Estimated reading time\" \/>\n\t<meta name=\"twitter:data2\" content=\"4 minutes\" \/>\n<script type=\"application\/ld+json\" class=\"yoast-schema-graph\">{\"@context\":\"https:\/\/schema.org\",\"@graph\":[{\"@type\":\"Article\",\"@id\":\"https:\/\/celebrante.annemeton.com\/rinnovo-delle-promesse-con-rito-celtico\/#article\",\"isPartOf\":{\"@id\":\"https:\/\/celebrante.annemeton.com\/rinnovo-delle-promesse-con-rito-celtico\/\"},\"author\":{\"name\":\"Annemeton\",\"@id\":\"https:\/\/celebrante.annemeton.com\/#\/schema\/person\/6d18f0ccfb559305bc62f8d7fd83ef1d\"},\"headline\":\"Matrimonio celtico nel Parco del Ticino: il rinnovo di Antonella e Ambrogio\",\"datePublished\":\"2026-06-11T12:38:09+00:00\",\"dateModified\":\"2026-06-11T12:38:13+00:00\",\"mainEntityOfPage\":{\"@id\":\"https:\/\/celebrante.annemeton.com\/rinnovo-delle-promesse-con-rito-celtico\/\"},\"wordCount\":662,\"commentCount\":0,\"publisher\":{\"@id\":\"https:\/\/celebrante.annemeton.com\/#\/schema\/person\/6d18f0ccfb559305bc62f8d7fd83ef1d\"},\"image\":{\"@id\":\"https:\/\/celebrante.annemeton.com\/rinnovo-delle-promesse-con-rito-celtico\/#primaryimage\"},\"thumbnailUrl\":\"https:\/\/celebrante.annemeton.com\/wp-content\/uploads\/2026\/06\/34fb7a7c-4720-416d-9578-c0bb3cc32d2a.jpg\",\"keywords\":[\"anniversario\",\"anniversarionozze\",\"matrimonio\",\"matrimonio simbolico\",\"matrimonioceltico\",\"matrimonioinnatura\",\"matrimonionelbosco\"],\"articleSection\":[\"Rinnovi\"],\"inLanguage\":\"en-GB\",\"potentialAction\":[{\"@type\":\"CommentAction\",\"name\":\"Comment\",\"target\":[\"https:\/\/celebrante.annemeton.com\/rinnovo-delle-promesse-con-rito-celtico\/#respond\"]}]},{\"@type\":\"WebPage\",\"@id\":\"https:\/\/celebrante.annemeton.com\/rinnovo-delle-promesse-con-rito-celtico\/\",\"url\":\"https:\/\/celebrante.annemeton.com\/rinnovo-delle-promesse-con-rito-celtico\/\",\"name\":\"Rinnovo Matrimonio con Rito Simbolico Celtico nel bosco\",\"isPartOf\":{\"@id\":\"https:\/\/celebrante.annemeton.com\/#website\"},\"primaryImageOfPage\":{\"@id\":\"https:\/\/celebrante.annemeton.com\/rinnovo-delle-promesse-con-rito-celtico\/#primaryimage\"},\"image\":{\"@id\":\"https:\/\/celebrante.annemeton.com\/rinnovo-delle-promesse-con-rito-celtico\/#primaryimage\"},\"thumbnailUrl\":\"https:\/\/celebrante.annemeton.com\/wp-content\/uploads\/2026\/06\/34fb7a7c-4720-416d-9578-c0bb3cc32d2a.jpg\",\"datePublished\":\"2026-06-11T12:38:09+00:00\",\"dateModified\":\"2026-06-11T12:38:13+00:00\",\"description\":\"Rinnovo delle promesse di Antonella e Ambrogio nel cuore del Parco del Ticino: un matrimonio simbolico celtico tra natura e incanto\",\"breadcrumb\":{\"@id\":\"https:\/\/celebrante.annemeton.com\/rinnovo-delle-promesse-con-rito-celtico\/#breadcrumb\"},\"inLanguage\":\"en-GB\",\"potentialAction\":[{\"@type\":\"ReadAction\",\"target\":[\"https:\/\/celebrante.annemeton.com\/rinnovo-delle-promesse-con-rito-celtico\/\"]}]},{\"@type\":\"ImageObject\",\"inLanguage\":\"en-GB\",\"@id\":\"https:\/\/celebrante.annemeton.com\/rinnovo-delle-promesse-con-rito-celtico\/#primaryimage\",\"url\":\"https:\/\/celebrante.annemeton.com\/wp-content\/uploads\/2026\/06\/34fb7a7c-4720-416d-9578-c0bb3cc32d2a.jpg\",\"contentUrl\":\"https:\/\/celebrante.annemeton.com\/wp-content\/uploads\/2026\/06\/34fb7a7c-4720-416d-9578-c0bb3cc32d2a.jpg\",\"width\":1421,\"height\":1935,\"caption\":\"Una coppia vestita di bianco si sposa nel bosco con una celebrante\"},{\"@type\":\"BreadcrumbList\",\"@id\":\"https:\/\/celebrante.annemeton.com\/rinnovo-delle-promesse-con-rito-celtico\/#breadcrumb\",\"itemListElement\":[{\"@type\":\"ListItem\",\"position\":1,\"name\":\"Home\",\"item\":\"https:\/\/celebrante.annemeton.com\/\"},{\"@type\":\"ListItem\",\"position\":2,\"name\":\"Matrimonio celtico nel Parco del Ticino: il rinnovo di Antonella e Ambrogio\"}]},{\"@type\":\"WebSite\",\"@id\":\"https:\/\/celebrante.annemeton.com\/#website\",\"url\":\"https:\/\/celebrante.annemeton.com\/\",\"name\":\"Annemeton - Celebrante naturale\",\"description\":\"Celebrazioni naturali a Milano e dintorni\",\"publisher\":{\"@id\":\"https:\/\/celebrante.annemeton.com\/#\/schema\/person\/6d18f0ccfb559305bc62f8d7fd83ef1d\"},\"potentialAction\":[{\"@type\":\"SearchAction\",\"target\":{\"@type\":\"EntryPoint\",\"urlTemplate\":\"https:\/\/celebrante.annemeton.com\/?s={search_term_string}\"},\"query-input\":{\"@type\":\"PropertyValueSpecification\",\"valueRequired\":true,\"valueName\":\"search_term_string\"}}],\"inLanguage\":\"en-GB\"},{\"@type\":[\"Person\",\"Organization\"],\"@id\":\"https:\/\/celebrante.annemeton.com\/#\/schema\/person\/6d18f0ccfb559305bc62f8d7fd83ef1d\",\"name\":\"Annemeton\",\"image\":{\"@type\":\"ImageObject\",\"inLanguage\":\"en-GB\",\"@id\":\"https:\/\/celebrante.annemeton.com\/#\/schema\/person\/image\/\",\"url\":\"https:\/\/celebrante.annemeton.com\/wp-content\/uploads\/2023\/11\/cropped-annemeton-logo.png\",\"contentUrl\":\"https:\/\/celebrante.annemeton.com\/wp-content\/uploads\/2023\/11\/cropped-annemeton-logo.png\",\"width\":1583,\"height\":1583,\"caption\":\"Annemeton\"},\"logo\":{\"@id\":\"https:\/\/celebrante.annemeton.com\/#\/schema\/person\/image\/\"},\"description\":\"Celebrante professionale specializzata in matrimoni simbolici e celtici\",\"url\":\"https:\/\/celebrante.annemeton.com\/en\/author\/anna\/\"}]}<\/script>\n<!-- \/ Yoast SEO plugin. -->","yoast_head_json":{"title":"Rinnovo Matrimonio con Rito Simbolico Celtico nel bosco","description":"Rinnovo delle promesse di Antonella e Ambrogio nel cuore del Parco del Ticino: un matrimonio simbolico celtico tra natura e incanto","robots":{"index":"index","follow":"follow","max-snippet":"max-snippet:-1","max-image-preview":"max-image-preview:large","max-video-preview":"max-video-preview:-1"},"canonical":"https:\/\/celebrante.annemeton.com\/en\/rinnovo-delle-promesse-con-rito-celtico\/","og_locale":"en_GB","og_type":"article","og_title":"Rinnovo Matrimonio con Rito Simbolico Celtico nel bosco","og_description":"Rinnovo delle promesse di Antonella e Ambrogio nel cuore del Parco del Ticino: un matrimonio simbolico celtico tra natura e incanto","og_url":"https:\/\/celebrante.annemeton.com\/en\/rinnovo-delle-promesse-con-rito-celtico\/","og_site_name":"Annemeton - Celebrante naturale","article_published_time":"2026-06-11T12:38:09+00:00","article_modified_time":"2026-06-11T12:38:13+00:00","og_image":[{"width":1421,"height":1935,"url":"https:\/\/celebrante.annemeton.com\/wp-content\/uploads\/2026\/06\/34fb7a7c-4720-416d-9578-c0bb3cc32d2a.jpg","type":"image\/jpeg"}],"author":"Annemeton","twitter_card":"summary_large_image","twitter_misc":{"Written by":"Annemeton","Estimated reading time":"4 minutes"},"schema":{"@context":"https:\/\/schema.org","@graph":[{"@type":"Article","@id":"https:\/\/celebrante.annemeton.com\/rinnovo-delle-promesse-con-rito-celtico\/#article","isPartOf":{"@id":"https:\/\/celebrante.annemeton.com\/rinnovo-delle-promesse-con-rito-celtico\/"},"author":{"name":"Annemeton","@id":"https:\/\/celebrante.annemeton.com\/#\/schema\/person\/6d18f0ccfb559305bc62f8d7fd83ef1d"},"headline":"Matrimonio celtico nel Parco del Ticino: il rinnovo di Antonella e Ambrogio","datePublished":"2026-06-11T12:38:09+00:00","dateModified":"2026-06-11T12:38:13+00:00","mainEntityOfPage":{"@id":"https:\/\/celebrante.annemeton.com\/rinnovo-delle-promesse-con-rito-celtico\/"},"wordCount":662,"commentCount":0,"publisher":{"@id":"https:\/\/celebrante.annemeton.com\/#\/schema\/person\/6d18f0ccfb559305bc62f8d7fd83ef1d"},"image":{"@id":"https:\/\/celebrante.annemeton.com\/rinnovo-delle-promesse-con-rito-celtico\/#primaryimage"},"thumbnailUrl":"https:\/\/celebrante.annemeton.com\/wp-content\/uploads\/2026\/06\/34fb7a7c-4720-416d-9578-c0bb3cc32d2a.jpg","keywords":["anniversario","anniversarionozze","matrimonio","matrimonio simbolico","matrimonioceltico","matrimonioinnatura","matrimonionelbosco"],"articleSection":["Rinnovi"],"inLanguage":"en-GB","potentialAction":[{"@type":"CommentAction","name":"Comment","target":["https:\/\/celebrante.annemeton.com\/rinnovo-delle-promesse-con-rito-celtico\/#respond"]}]},{"@type":"WebPage","@id":"https:\/\/celebrante.annemeton.com\/rinnovo-delle-promesse-con-rito-celtico\/","url":"https:\/\/celebrante.annemeton.com\/rinnovo-delle-promesse-con-rito-celtico\/","name":"Rinnovo Matrimonio con Rito Simbolico Celtico nel bosco","isPartOf":{"@id":"https:\/\/celebrante.annemeton.com\/#website"},"primaryImageOfPage":{"@id":"https:\/\/celebrante.annemeton.com\/rinnovo-delle-promesse-con-rito-celtico\/#primaryimage"},"image":{"@id":"https:\/\/celebrante.annemeton.com\/rinnovo-delle-promesse-con-rito-celtico\/#primaryimage"},"thumbnailUrl":"https:\/\/celebrante.annemeton.com\/wp-content\/uploads\/2026\/06\/34fb7a7c-4720-416d-9578-c0bb3cc32d2a.jpg","datePublished":"2026-06-11T12:38:09+00:00","dateModified":"2026-06-11T12:38:13+00:00","description":"Rinnovo delle promesse di Antonella e Ambrogio nel cuore del Parco del Ticino: un matrimonio simbolico celtico tra natura e incanto","breadcrumb":{"@id":"https:\/\/celebrante.annemeton.com\/rinnovo-delle-promesse-con-rito-celtico\/#breadcrumb"},"inLanguage":"en-GB","potentialAction":[{"@type":"ReadAction","target":["https:\/\/celebrante.annemeton.com\/rinnovo-delle-promesse-con-rito-celtico\/"]}]},{"@type":"ImageObject","inLanguage":"en-GB","@id":"https:\/\/celebrante.annemeton.com\/rinnovo-delle-promesse-con-rito-celtico\/#primaryimage","url":"https:\/\/celebrante.annemeton.com\/wp-content\/uploads\/2026\/06\/34fb7a7c-4720-416d-9578-c0bb3cc32d2a.jpg","contentUrl":"https:\/\/celebrante.annemeton.com\/wp-content\/uploads\/2026\/06\/34fb7a7c-4720-416d-9578-c0bb3cc32d2a.jpg","width":1421,"height":1935,"caption":"Una coppia vestita di bianco si sposa nel bosco con una celebrante"},{"@type":"BreadcrumbList","@id":"https:\/\/celebrante.annemeton.com\/rinnovo-delle-promesse-con-rito-celtico\/#breadcrumb","itemListElement":[{"@type":"ListItem","position":1,"name":"Home","item":"https:\/\/celebrante.annemeton.com\/"},{"@type":"ListItem","position":2,"name":"Matrimonio celtico nel Parco del Ticino: il rinnovo di Antonella e Ambrogio"}]},{"@type":"WebSite","@id":"https:\/\/celebrante.annemeton.com\/#website","url":"https:\/\/celebrante.annemeton.com\/","name":"Annemeton - Celebrante naturale","description":"Celebrazioni naturali a Milano e dintorni","publisher":{"@id":"https:\/\/celebrante.annemeton.com\/#\/schema\/person\/6d18f0ccfb559305bc62f8d7fd83ef1d"},"potentialAction":[{"@type":"SearchAction","target":{"@type":"EntryPoint","urlTemplate":"https:\/\/celebrante.annemeton.com\/?s={search_term_string}"},"query-input":{"@type":"PropertyValueSpecification","valueRequired":true,"valueName":"search_term_string"}}],"inLanguage":"en-GB"},{"@type":["Person","Organization"],"@id":"https:\/\/celebrante.annemeton.com\/#\/schema\/person\/6d18f0ccfb559305bc62f8d7fd83ef1d","name":"Annemeton","image":{"@type":"ImageObject","inLanguage":"en-GB","@id":"https:\/\/celebrante.annemeton.com\/#\/schema\/person\/image\/","url":"https:\/\/celebrante.annemeton.com\/wp-content\/uploads\/2023\/11\/cropped-annemeton-logo.png","contentUrl":"https:\/\/celebrante.annemeton.com\/wp-content\/uploads\/2023\/11\/cropped-annemeton-logo.png","width":1583,"height":1583,"caption":"Annemeton"},"logo":{"@id":"https:\/\/celebrante.annemeton.com\/#\/schema\/person\/image\/"},"description":"Celebrante professionale specializzata in matrimoni simbolici e celtici","url":"https:\/\/celebrante.annemeton.com\/en\/author\/anna\/"}]}},"_links":{"self":[{"href":"https:\/\/celebrante.annemeton.com\/en\/wp-json\/wp\/v2\/posts\/4135","targetHints":{"allow":["GET"]}}],"collection":[{"href":"https:\/\/celebrante.annemeton.com\/en\/wp-json\/wp\/v2\/posts"}],"about":[{"href":"https:\/\/celebrante.annemeton.com\/en\/wp-json\/wp\/v2\/types\/post"}],"author":[{"embeddable":true,"href":"https:\/\/celebrante.annemeton.com\/en\/wp-json\/wp\/v2\/users\/2"}],"replies":[{"embeddable":true,"href":"https:\/\/celebrante.annemeton.com\/en\/wp-json\/wp\/v2\/comments?post=4135"}],"version-history":[{"count":1,"href":"https:\/\/celebrante.annemeton.com\/en\/wp-json\/wp\/v2\/posts\/4135\/revisions"}],"predecessor-version":[{"id":4137,"href":"https:\/\/celebrante.annemeton.com\/en\/wp-json\/wp\/v2\/posts\/4135\/revisions\/4137"}],"wp:featuredmedia":[{"embeddable":true,"href":"https:\/\/celebrante.annemeton.com\/en\/wp-json\/wp\/v2\/media\/4136"}],"wp:attachment":[{"href":"https:\/\/celebrante.annemeton.com\/en\/wp-json\/wp\/v2\/media?parent=4135"}],"wp:term":[{"taxonomy":"category","embeddable":true,"href":"https:\/\/celebrante.annemeton.com\/en\/wp-json\/wp\/v2\/categories?post=4135"},{"taxonomy":"post_tag","embeddable":true,"href":"https:\/\/celebrante.annemeton.com\/en\/wp-json\/wp\/v2\/tags?post=4135"}],"curies":[{"name":"wp","href":"https:\/\/api.w.org\/{rel}","templated":true}]}}