{"id":4261,"date":"2026-07-08T09:54:24","date_gmt":"2026-07-08T09:54:24","guid":{"rendered":"https:\/\/celebrante.annemeton.com\/?p=4261"},"modified":"2026-07-08T13:09:07","modified_gmt":"2026-07-08T13:09:07","slug":"matrimonio-celtico-nella-natura-e-il-valore-di-un-rito-simbolico","status":"publish","type":"post","link":"https:\/\/celebrante.annemeton.com\/en\/matrimonio-celtico-nella-natura-e-il-valore-di-un-rito-simbolico\/","title":{"rendered":"Matrimonio celtico nella natura: il rito simbolico di Irene e Angelo"},"content":{"rendered":"<p class=\"wp-block-paragraph\">A <strong>matrimonio celtico nella natura<\/strong> \u00e8 molto pi\u00f9 di una celebrazione in un luogo suggestivo: \u00e8 un viaggio fatto di simboli, consapevolezza e connessione con ci\u00f2 che rappresenta davvero una coppia. Quello di Irene e Angelo, celebrato il <strong>26 settembre 2025<\/strong> a Casalzuigno (VA), \u00e8 nato proprio da questo desiderio: creare un rito simbolico autentico, capace di raccontare la loro storia, il loro legame con la natura e il percorso che li ha portati fino a quel momento. Quando ci siamo incontrati per iniziare a progettare la loro cerimonia, ho percepito subito che per loro il matrimonio non sarebbe stato semplicemente una giornata da organizzare, ma un\u2019esperienza da vivere profondamente.<\/p>\n\n\n\n<p class=\"wp-block-paragraph\">Cercavano soprattuto uno spazio nel quale riconoscersi. Un rito che parlasse di loro, dei loro valori, delle loro trasformazioni e della scelta quotidiana di continuare a camminare insieme. \u00c8 questo aspetto \u00e8 per me il significato pi\u00f9 prezioso di un <strong><a href=\"https:\/\/celebrante.annemeton.com\/en\/matrimoni\/#matrimonio-celtico\">matrimonio simbolico personalizzato<\/a><\/strong>: creare un momento che non sia soltanto bello da vedere, ma vero da vivere.<\/p>\n\n\n\n<h2 class=\"wp-block-heading\">Un matrimonio simbolico che nasce da un percorso<\/h2>\n\n\n\n<p class=\"wp-block-paragraph\"><\/p>\n\n\n\n<p class=\"wp-block-paragraph\">La cosa che pi\u00f9 amo del mio lavoro come celebrante \u00e8 accompagnare le coppie nella costruzione della loro cerimonia, perch\u00e9 un rito significativo non nasce soltanto nel giorno del matrimonio. Con Irene e Angelo il percorso \u00e8 iniziato molto prima.Durante l\u2019anno che ha preceduto la celebrazione hanno scelto di partecipare ai <strong>Cerchi di Celebrazione Stagionali organizzati in Contea <a href=\"https:\/\/annemeton.com\/\">Annemeton<\/a><\/strong>, vivendo il passaggio delle stagioni come momenti di ascolto, riflessione e connessione con la natura. Attraverso questi incontri hanno potuto avvicinarsi lentamente al significato dei simboli, dei cicli naturali e delle antiche tradizioni che ispirano il rito celtico. <\/p>\n\n\n\n<p class=\"wp-block-paragraph\">A <strong>rito celtico nella natura<\/strong> non \u00e8 infatti soltanto una scelta estetica o una scenografia suggestiva: \u00e8 un modo di celebrare che invita a riconoscere il legame tra la coppia, gli elementi naturali e il tempo che scorre. \u00c8 un rito che ricorda come ogni relazione, proprio come la natura, attraversi stagioni diverse: momenti di fioritura, trasformazione, riposo e rinascita.<\/p>\n\n\n\n<p class=\"wp-block-paragraph\"><\/p>\n\n\n\n<h2 class=\"wp-block-heading\">Il viaggio di Angelo verso il rito celtico<\/h2>\n\n\n\n<p class=\"wp-block-paragraph\"><\/p>\n\n\n\n<p class=\"wp-block-paragraph\">Quando Irene si \u00e8 avvicinata a questo mondo fatto di simboli, stagioni e ritualit\u00e0, Angelo ha accolto il percorso con una naturale prudenza accompagnata da il desiderio di comprendere e questa sua autenticit\u00e0 \u00e8 stata una delle cose che ho apprezzato maggiormente. Angelo non ha mai cercato di interpretare un ruolo o di mostrarsi entusiasta di qualcosa che ancora non sentiva completamente suo. Ha semplicemente scelto di esserci, di osservare, ascoltare e lasciarsi accompagnare dall\u2019esperienza. Con il passare del tempo, qualcosa \u00e8 cambiato. Cerchio dopo cerchio, esperienza dopo esperienza, ha scoperto che alcuni simboli non hanno bisogno di essere spiegati soltanto con la mente, perch\u00e9 arrivano attraverso le emozioni. Ha imparato a lasciarsi coinvolgere, ad accogliere il significato dei gesti e dei momenti condivisi, fino a vivere questa esperienza con profondit\u00e0 e sincerit\u00e0. Credo che questo sia uno degli aspetti pi\u00f9 belli di un percorso di preparazione a una <strong>cerimonia simbolica nella natura<\/strong>: permettere a ogni persona di arrivare al rito con i propri tempi e il proprio modo di sentire.<\/p>\n\n\n\n<p class=\"wp-block-paragraph\"><\/p>\n\n\n\n<h2 class=\"wp-block-heading\">Due anime raccontate attraverso i simboli della natura<\/h2>\n\n\n\n<p class=\"wp-block-paragraph\"><\/p>\n\n\n\n<p class=\"wp-block-paragraph\">Durante la preparazione della cerimonia ho chiesto a Irene e Angelo di raccontarsi attraverso immagini e simboli. Le loro risposte hanno restituito un ritratto meraviglioso del modo in cui si guardano. Per Irene, Angelo \u00e8 un <strong>orso<\/strong>. Non soltanto per la sua forza, ma per ci\u00f2 che questo animale rappresenta: protezione, presenza, radici profonde. Irene lo descrive come qualcuno capace di avvolgerla e farla sentire a casa, una persona che le ha dato coraggio per seguire la propria strada e per allontanarsi dalle aspettative degli altri. L\u2019orso, nella simbologia naturale, \u00e8 legato alla forza interiore, alla capacit\u00e0 di attraversare i cambiamenti e di custodire ci\u00f2 che ama. Per Angelo, invece, Irene \u00e8 una <strong>lontra<\/strong>, un animale curioso, vivace, giocoso, capace di vivere il presente con leggerezza. Una descrizione che racconta molto della loro relazione: due persone diverse, con energie differenti, che non hanno cercato di cambiarsi a vicenda, ma hanno imparato a sostenersi e completarsi.<\/p>\n\n\n\n<p class=\"wp-block-paragraph\"><\/p>\n\n\n\n<h2 class=\"wp-block-heading\">La natura protagonista della loro celebrazione<\/h2>\n\n\n\n<p class=\"wp-block-paragraph\"><\/p>\n\n\n\n<p class=\"wp-block-paragraph\">Il giorno del loro matrimonio il cielo aveva scelto per loro una giornata di pioggia. Quando si organizza un <strong>matrimonio celtico nella natura<\/strong>, una delle parti pi\u00f9 belle ma anche pi\u00f9 delicate \u00e8 proprio quella di accogliere ci\u00f2 che il mondo naturale decide di offrire. La natura non \u00e8 semplicemente lo sfondo della celebrazione, \u00e8 una presenza attiva nel rito. Per questo, quando \u00e8 diventato necessario modificare alcuni aspetti organizzativi, Irene e Angelo hanno affrontato la situazione con grande serenit\u00e0 e spirito di collaborazione. Insieme alle persone che erano l\u00ec per loro hanno cercato una soluzione alternativa, dimostrando ancora una volta ci\u00f2 che li caratterizza: la capacit\u00e0 di affrontare gli imprevisti non come ostacoli, ma come parti del cammino. Ed \u00e8 stato emozionante vedere amici e familiari partecipare con tanto affetto: chi spostava ci\u00f2 che serviva, chi aiutava, chi semplicemente offriva un sorriso e una parola rassicurante. In quei gesti si percepiva chiaramente quanto amore circondasse questa coppia.<\/p>\n\n\n\n<p class=\"wp-block-paragraph\"><\/p>\n\n\n\n<h2 class=\"wp-block-heading\">Quando la pioggia accompagna una promessa<\/h2>\n\n\n\n<p class=\"wp-block-paragraph\"><\/p>\n\n\n\n<p class=\"wp-block-paragraph\">Durante la celebrazione il rumore della pioggia ci ha accompagnati ed \u00e8 diventata naturalmenete parte del rito. Il suono delle gocce, il profumo della terra bagnata e l\u2019atmosfera raccolta hanno creato un momento profondamente autentico. Un <strong>matrimonio simbolico nella natura<\/strong> nasce dalla capacit\u00e0 di accogliere il presente e forse \u00e8 proprio questo uno degli insegnamenti pi\u00f9 importanti che la natura pu\u00f2 donarci: nulla rimane uguale, tutto cambia, e ogni stagione porta con s\u00e9 qualcosa di prezioso.<\/p>\n\n\n\n<p class=\"wp-block-paragraph\"><\/p>\n\n\n\n<h2 class=\"wp-block-heading\">Un amore celebrato da una comunit\u00e0<\/h2>\n\n\n\n<p class=\"wp-block-paragraph\"><\/p>\n\n\n\n<p class=\"wp-block-paragraph\">Uno dei ricordi pi\u00f9 belli che porto con me di questa giornata \u00e8 la presenza delle persone accanto a Irene e Angelo. Un matrimonio non appartiene soltanto agli sposi, appartiene anche alla comunit\u00e0 che li accompagna. Gli sguardi emozionati, gli abbracci, la partecipazione sincera di amici e familiari hanno reso evidente quanto fosse grande l\u2019affetto intorno a loro. In un rito celtico, la presenza degli altri ha un significato profondo: essere testimoni non significa soltanto assistere, ma sostenere simbolicamente il cammino della coppia. Quel giorno Irene e Angelo non hanno pronunciato le loro promesse soltanto davanti alla natura. Le hanno pronunciate davanti alle persone che hanno scelto di camminare accanto a loro. <\/p>\n\n\n\n<p class=\"wp-block-paragraph\">The <strong>matrimonio celtico nella natura<\/strong> \u00e8 la possibilit\u00e0 di creare una celebrazione personale, costruita intorno alla storia della coppia e ai simboli che sente pi\u00f9 vicini. \u00c8 un rito fatto di parole, elementi naturali, gesti simbolici e intenzioni profonde. \u00c8 un modo per dire: questa \u00e8 la nostra storia, questo \u00e8 ci\u00f2 che siamo, questo \u00e8 il cammino che scegliamo di percorrere insieme.<\/p>\n\n\n\n<p class=\"wp-block-paragraph\">La giornata di Irene e Angelo rester\u00e0 per me il ricordo di due persone che hanno scelto di vivere il loro matrimonio con verit\u00e0, perseverando i loro valori con forza e orgoglio attraverso una storia costruito nel tempo e un percorso condiviso, una promessa celebrata nella natura e custodita dalle persone che li amano.<\/p>\n\n\n\n<p class=\"wp-block-paragraph\">Grazie Irene e Angelo, siete una coppia a cui voglio molto bene&#8230;<\/p>\n\n\n\n<p class=\"wp-block-paragraph\"><em>Annemeton<\/em><\/p>\n\n\n\n<p class=\"wp-block-paragraph\">Foto: Ale Just Merlin <\/p>\n\n\n\n<p class=\"wp-block-paragraph\"><\/p>","protected":false},"excerpt":{"rendered":"<p>Quella di Irene e Angelo \u00e8 stata una cerimonia che ha preso forma nel tempo, attraverso incontri, riflessioni e un percorso condiviso nei Cerchi di Celebrazione Stagionali di Contea Annemeton. Un cammino che ha dato ancora pi\u00f9 significato al loro matrimonio celtico nella natura, celebrato il 26 settembre 2026 a Casalzuigno (VA).<\/p>\n<p>Una storia fatta di autenticit\u00e0, di crescita reciproca, della capacit\u00e0 di lasciarsi sorprendere dalle esperienze e di accogliere anche ci\u00f2 che non era stato programmato. Perch\u00e9 un rito simbolico non racconta la perfezione, ma la verit\u00e0 di due persone che scelgono di camminare insieme.<\/p>","protected":false},"author":2,"featured_media":4262,"comment_status":"open","ping_status":"closed","sticky":false,"template":"","format":"standard","meta":{"site-sidebar-layout":"default","site-content-layout":"","ast-site-content-layout":"default","site-content-style":"default","site-sidebar-style":"default","ast-global-header-display":"","ast-banner-title-visibility":"","ast-main-header-display":"","ast-hfb-above-header-display":"","ast-hfb-below-header-display":"","ast-hfb-mobile-header-display":"","site-post-title":"","ast-breadcrumbs-content":"","ast-featured-img":"","footer-sml-layout":"","theme-transparent-header-meta":"","adv-header-id-meta":"","stick-header-meta":"","header-above-stick-meta":"","header-main-stick-meta":"","header-below-stick-meta":"","astra-migrate-meta-layouts":"set","ast-page-background-enabled":"default","ast-page-background-meta":{"desktop":{"background-color":"","background-image":"","background-repeat":"repeat","background-position":"center center","background-size":"auto","background-attachment":"scroll","background-type":"","background-media":"","overlay-type":"","overlay-color":"","overlay-gradient":""},"tablet":{"background-color":"","background-image":"","background-repeat":"repeat","background-position":"center center","background-size":"auto","background-attachment":"scroll","background-type":"","background-media":"","overlay-type":"","overlay-color":"","overlay-gradient":""},"mobile":{"background-color":"","background-image":"","background-repeat":"repeat","background-position":"center center","background-size":"auto","background-attachment":"scroll","background-type":"","background-media":"","overlay-type":"","overlay-color":"","overlay-gradient":""}},"ast-content-background-meta":{"desktop":{"background-color":"var(--ast-global-color-5)","background-image":"","background-repeat":"repeat","background-position":"center center","background-size":"auto","background-attachment":"scroll","background-type":"","background-media":"","overlay-type":"","overlay-color":"","overlay-gradient":""},"tablet":{"background-color":"var(--ast-global-color-5)","background-image":"","background-repeat":"repeat","background-position":"center center","background-size":"auto","background-attachment":"scroll","background-type":"","background-media":"","overlay-type":"","overlay-color":"","overlay-gradient":""},"mobile":{"background-color":"var(--ast-global-color-5)","background-image":"","background-repeat":"repeat","background-position":"center center","background-size":"auto","background-attachment":"scroll","background-type":"","background-media":"","overlay-type":"","overlay-color":"","overlay-gradient":""}},"footnotes":""},"categories":[25],"tags":[137,18,29,27,48,37,47],"class_list":["post-4261","post","type-post","status-publish","format-standard","has-post-thumbnail","hentry","category-matrimonio-celtico","tag-celebrant","tag-matrimonio","tag-matrimonio-simbolico","tag-matrimonioceltico","tag-matrimonioinnatura","tag-matrimonioirlandese","tag-matrimonionelbosco"],"yoast_head":"<!-- This site is optimized with the Yoast SEO plugin v26.7 - https:\/\/yoast.com\/wordpress\/plugins\/seo\/ -->\n<title>Matrimonio celtico nella natura: il rito simbolico di Irene e Angelo - Annemeton - Celebrante naturale<\/title>\n<meta name=\"description\" content=\"La storia di Irene e Angelo e del loro matrimonio celtico nella natura: un rito simbolico costruito nel tempo, tra stagioni, simboli e promesse autentiche.\" \/>\n<meta name=\"robots\" content=\"index, follow, max-snippet:-1, max-image-preview:large, max-video-preview:-1\" \/>\n<link rel=\"canonical\" href=\"https:\/\/celebrante.annemeton.com\/en\/matrimonio-celtico-nella-natura-e-il-valore-di-un-rito-simbolico\/\" \/>\n<meta property=\"og:locale\" content=\"en_GB\" \/>\n<meta property=\"og:type\" content=\"article\" \/>\n<meta property=\"og:title\" content=\"Matrimonio celtico nella natura: il rito simbolico di Irene e Angelo - Annemeton - Celebrante naturale\" \/>\n<meta property=\"og:description\" content=\"La storia di Irene e Angelo e del loro matrimonio celtico nella natura: un rito simbolico costruito nel tempo, tra stagioni, simboli e promesse autentiche.\" \/>\n<meta property=\"og:url\" content=\"https:\/\/celebrante.annemeton.com\/en\/matrimonio-celtico-nella-natura-e-il-valore-di-un-rito-simbolico\/\" \/>\n<meta property=\"og:site_name\" content=\"Annemeton - Celebrante naturale\" \/>\n<meta property=\"article:published_time\" content=\"2026-07-08T09:54:24+00:00\" \/>\n<meta property=\"article:modified_time\" content=\"2026-07-08T13:09:07+00:00\" \/>\n<meta property=\"og:image\" content=\"https:\/\/celebrante.annemeton.com\/wp-content\/uploads\/2026\/07\/08852838-f6e7-46b8-beff-58a5fcdb7afb-2.jpg\" \/>\n\t<meta property=\"og:image:width\" content=\"1280\" \/>\n\t<meta property=\"og:image:height\" content=\"853\" \/>\n\t<meta property=\"og:image:type\" content=\"image\/jpeg\" \/>\n<meta name=\"author\" content=\"Annemeton\" \/>\n<meta name=\"twitter:card\" content=\"summary_large_image\" \/>\n<meta name=\"twitter:label1\" content=\"Written by\" \/>\n\t<meta name=\"twitter:data1\" content=\"Annemeton\" \/>\n\t<meta name=\"twitter:label2\" content=\"Estimated reading time\" \/>\n\t<meta name=\"twitter:data2\" content=\"7 minutes\" \/>\n<script type=\"application\/ld+json\" class=\"yoast-schema-graph\">{\"@context\":\"https:\/\/schema.org\",\"@graph\":[{\"@type\":\"Article\",\"@id\":\"https:\/\/celebrante.annemeton.com\/matrimonio-celtico-nella-natura-e-il-valore-di-un-rito-simbolico\/#article\",\"isPartOf\":{\"@id\":\"https:\/\/celebrante.annemeton.com\/matrimonio-celtico-nella-natura-e-il-valore-di-un-rito-simbolico\/\"},\"author\":{\"name\":\"Annemeton\",\"@id\":\"https:\/\/celebrante.annemeton.com\/#\/schema\/person\/6d18f0ccfb559305bc62f8d7fd83ef1d\"},\"headline\":\"Matrimonio celtico nella natura: il rito simbolico di Irene e Angelo\",\"datePublished\":\"2026-07-08T09:54:24+00:00\",\"dateModified\":\"2026-07-08T13:09:07+00:00\",\"mainEntityOfPage\":{\"@id\":\"https:\/\/celebrante.annemeton.com\/matrimonio-celtico-nella-natura-e-il-valore-di-un-rito-simbolico\/\"},\"wordCount\":1158,\"commentCount\":0,\"publisher\":{\"@id\":\"https:\/\/celebrante.annemeton.com\/#\/schema\/person\/6d18f0ccfb559305bc62f8d7fd83ef1d\"},\"image\":{\"@id\":\"https:\/\/celebrante.annemeton.com\/matrimonio-celtico-nella-natura-e-il-valore-di-un-rito-simbolico\/#primaryimage\"},\"thumbnailUrl\":\"https:\/\/celebrante.annemeton.com\/wp-content\/uploads\/2026\/07\/08852838-f6e7-46b8-beff-58a5fcdb7afb-2.jpg\",\"keywords\":[\"celebrant\",\"matrimonio\",\"matrimonio simbolico\",\"matrimonioceltico\",\"matrimonioinnatura\",\"matrimonioirlandese\",\"matrimonionelbosco\"],\"articleSection\":[\"Matrimonio celtico\"],\"inLanguage\":\"en-GB\",\"potentialAction\":[{\"@type\":\"CommentAction\",\"name\":\"Comment\",\"target\":[\"https:\/\/celebrante.annemeton.com\/matrimonio-celtico-nella-natura-e-il-valore-di-un-rito-simbolico\/#respond\"]}]},{\"@type\":\"WebPage\",\"@id\":\"https:\/\/celebrante.annemeton.com\/matrimonio-celtico-nella-natura-e-il-valore-di-un-rito-simbolico\/\",\"url\":\"https:\/\/celebrante.annemeton.com\/matrimonio-celtico-nella-natura-e-il-valore-di-un-rito-simbolico\/\",\"name\":\"Matrimonio celtico nella natura: il rito simbolico di Irene e Angelo - Annemeton - Celebrante naturale\",\"isPartOf\":{\"@id\":\"https:\/\/celebrante.annemeton.com\/#website\"},\"primaryImageOfPage\":{\"@id\":\"https:\/\/celebrante.annemeton.com\/matrimonio-celtico-nella-natura-e-il-valore-di-un-rito-simbolico\/#primaryimage\"},\"image\":{\"@id\":\"https:\/\/celebrante.annemeton.com\/matrimonio-celtico-nella-natura-e-il-valore-di-un-rito-simbolico\/#primaryimage\"},\"thumbnailUrl\":\"https:\/\/celebrante.annemeton.com\/wp-content\/uploads\/2026\/07\/08852838-f6e7-46b8-beff-58a5fcdb7afb-2.jpg\",\"datePublished\":\"2026-07-08T09:54:24+00:00\",\"dateModified\":\"2026-07-08T13:09:07+00:00\",\"description\":\"La storia di Irene e Angelo e del loro matrimonio celtico nella natura: un rito simbolico costruito nel tempo, tra stagioni, simboli e promesse autentiche.\",\"breadcrumb\":{\"@id\":\"https:\/\/celebrante.annemeton.com\/matrimonio-celtico-nella-natura-e-il-valore-di-un-rito-simbolico\/#breadcrumb\"},\"inLanguage\":\"en-GB\",\"potentialAction\":[{\"@type\":\"ReadAction\",\"target\":[\"https:\/\/celebrante.annemeton.com\/matrimonio-celtico-nella-natura-e-il-valore-di-un-rito-simbolico\/\"]}]},{\"@type\":\"ImageObject\",\"inLanguage\":\"en-GB\",\"@id\":\"https:\/\/celebrante.annemeton.com\/matrimonio-celtico-nella-natura-e-il-valore-di-un-rito-simbolico\/#primaryimage\",\"url\":\"https:\/\/celebrante.annemeton.com\/wp-content\/uploads\/2026\/07\/08852838-f6e7-46b8-beff-58a5fcdb7afb-2.jpg\",\"contentUrl\":\"https:\/\/celebrante.annemeton.com\/wp-content\/uploads\/2026\/07\/08852838-f6e7-46b8-beff-58a5fcdb7afb-2.jpg\",\"width\":1280,\"height\":853,\"caption\":\"Una celebrante davanti a due sposi celebra un matrimonio celtico in natura\"},{\"@type\":\"BreadcrumbList\",\"@id\":\"https:\/\/celebrante.annemeton.com\/matrimonio-celtico-nella-natura-e-il-valore-di-un-rito-simbolico\/#breadcrumb\",\"itemListElement\":[{\"@type\":\"ListItem\",\"position\":1,\"name\":\"Home\",\"item\":\"https:\/\/celebrante.annemeton.com\/\"},{\"@type\":\"ListItem\",\"position\":2,\"name\":\"Matrimonio celtico nella natura: il rito simbolico di Irene e Angelo\"}]},{\"@type\":\"WebSite\",\"@id\":\"https:\/\/celebrante.annemeton.com\/#website\",\"url\":\"https:\/\/celebrante.annemeton.com\/\",\"name\":\"Annemeton - Celebrante naturale\",\"description\":\"Celebrazioni naturali a Milano e dintorni\",\"publisher\":{\"@id\":\"https:\/\/celebrante.annemeton.com\/#\/schema\/person\/6d18f0ccfb559305bc62f8d7fd83ef1d\"},\"potentialAction\":[{\"@type\":\"SearchAction\",\"target\":{\"@type\":\"EntryPoint\",\"urlTemplate\":\"https:\/\/celebrante.annemeton.com\/?s={search_term_string}\"},\"query-input\":{\"@type\":\"PropertyValueSpecification\",\"valueRequired\":true,\"valueName\":\"search_term_string\"}}],\"inLanguage\":\"en-GB\"},{\"@type\":[\"Person\",\"Organization\"],\"@id\":\"https:\/\/celebrante.annemeton.com\/#\/schema\/person\/6d18f0ccfb559305bc62f8d7fd83ef1d\",\"name\":\"Annemeton\",\"image\":{\"@type\":\"ImageObject\",\"inLanguage\":\"en-GB\",\"@id\":\"https:\/\/celebrante.annemeton.com\/#\/schema\/person\/image\/\",\"url\":\"https:\/\/celebrante.annemeton.com\/wp-content\/uploads\/2023\/11\/cropped-annemeton-logo.png\",\"contentUrl\":\"https:\/\/celebrante.annemeton.com\/wp-content\/uploads\/2023\/11\/cropped-annemeton-logo.png\",\"width\":1583,\"height\":1583,\"caption\":\"Annemeton\"},\"logo\":{\"@id\":\"https:\/\/celebrante.annemeton.com\/#\/schema\/person\/image\/\"},\"description\":\"Celebrante professionale specializzata in matrimoni simbolici e celtici\",\"url\":\"https:\/\/celebrante.annemeton.com\/en\/author\/anna\/\"}]}<\/script>\n<!-- \/ Yoast SEO plugin. -->","yoast_head_json":{"title":"Matrimonio celtico nella natura: il rito simbolico di Irene e Angelo - Annemeton - Celebrante naturale","description":"La storia di Irene e Angelo e del loro matrimonio celtico nella natura: un rito simbolico costruito nel tempo, tra stagioni, simboli e promesse autentiche.","robots":{"index":"index","follow":"follow","max-snippet":"max-snippet:-1","max-image-preview":"max-image-preview:large","max-video-preview":"max-video-preview:-1"},"canonical":"https:\/\/celebrante.annemeton.com\/en\/matrimonio-celtico-nella-natura-e-il-valore-di-un-rito-simbolico\/","og_locale":"en_GB","og_type":"article","og_title":"Matrimonio celtico nella natura: il rito simbolico di Irene e Angelo - Annemeton - Celebrante naturale","og_description":"La storia di Irene e Angelo e del loro matrimonio celtico nella natura: un rito simbolico costruito nel tempo, tra stagioni, simboli e promesse autentiche.","og_url":"https:\/\/celebrante.annemeton.com\/en\/matrimonio-celtico-nella-natura-e-il-valore-di-un-rito-simbolico\/","og_site_name":"Annemeton - Celebrante naturale","article_published_time":"2026-07-08T09:54:24+00:00","article_modified_time":"2026-07-08T13:09:07+00:00","og_image":[{"width":1280,"height":853,"url":"https:\/\/celebrante.annemeton.com\/wp-content\/uploads\/2026\/07\/08852838-f6e7-46b8-beff-58a5fcdb7afb-2.jpg","type":"image\/jpeg"}],"author":"Annemeton","twitter_card":"summary_large_image","twitter_misc":{"Written by":"Annemeton","Estimated reading time":"7 minutes"},"schema":{"@context":"https:\/\/schema.org","@graph":[{"@type":"Article","@id":"https:\/\/celebrante.annemeton.com\/matrimonio-celtico-nella-natura-e-il-valore-di-un-rito-simbolico\/#article","isPartOf":{"@id":"https:\/\/celebrante.annemeton.com\/matrimonio-celtico-nella-natura-e-il-valore-di-un-rito-simbolico\/"},"author":{"name":"Annemeton","@id":"https:\/\/celebrante.annemeton.com\/#\/schema\/person\/6d18f0ccfb559305bc62f8d7fd83ef1d"},"headline":"Matrimonio celtico nella natura: il rito simbolico di Irene e Angelo","datePublished":"2026-07-08T09:54:24+00:00","dateModified":"2026-07-08T13:09:07+00:00","mainEntityOfPage":{"@id":"https:\/\/celebrante.annemeton.com\/matrimonio-celtico-nella-natura-e-il-valore-di-un-rito-simbolico\/"},"wordCount":1158,"commentCount":0,"publisher":{"@id":"https:\/\/celebrante.annemeton.com\/#\/schema\/person\/6d18f0ccfb559305bc62f8d7fd83ef1d"},"image":{"@id":"https:\/\/celebrante.annemeton.com\/matrimonio-celtico-nella-natura-e-il-valore-di-un-rito-simbolico\/#primaryimage"},"thumbnailUrl":"https:\/\/celebrante.annemeton.com\/wp-content\/uploads\/2026\/07\/08852838-f6e7-46b8-beff-58a5fcdb7afb-2.jpg","keywords":["celebrant","matrimonio","matrimonio simbolico","matrimonioceltico","matrimonioinnatura","matrimonioirlandese","matrimonionelbosco"],"articleSection":["Matrimonio celtico"],"inLanguage":"en-GB","potentialAction":[{"@type":"CommentAction","name":"Comment","target":["https:\/\/celebrante.annemeton.com\/matrimonio-celtico-nella-natura-e-il-valore-di-un-rito-simbolico\/#respond"]}]},{"@type":"WebPage","@id":"https:\/\/celebrante.annemeton.com\/matrimonio-celtico-nella-natura-e-il-valore-di-un-rito-simbolico\/","url":"https:\/\/celebrante.annemeton.com\/matrimonio-celtico-nella-natura-e-il-valore-di-un-rito-simbolico\/","name":"Matrimonio celtico nella natura: il rito simbolico di Irene e Angelo - Annemeton - Celebrante naturale","isPartOf":{"@id":"https:\/\/celebrante.annemeton.com\/#website"},"primaryImageOfPage":{"@id":"https:\/\/celebrante.annemeton.com\/matrimonio-celtico-nella-natura-e-il-valore-di-un-rito-simbolico\/#primaryimage"},"image":{"@id":"https:\/\/celebrante.annemeton.com\/matrimonio-celtico-nella-natura-e-il-valore-di-un-rito-simbolico\/#primaryimage"},"thumbnailUrl":"https:\/\/celebrante.annemeton.com\/wp-content\/uploads\/2026\/07\/08852838-f6e7-46b8-beff-58a5fcdb7afb-2.jpg","datePublished":"2026-07-08T09:54:24+00:00","dateModified":"2026-07-08T13:09:07+00:00","description":"La storia di Irene e Angelo e del loro matrimonio celtico nella natura: un rito simbolico costruito nel tempo, tra stagioni, simboli e promesse autentiche.","breadcrumb":{"@id":"https:\/\/celebrante.annemeton.com\/matrimonio-celtico-nella-natura-e-il-valore-di-un-rito-simbolico\/#breadcrumb"},"inLanguage":"en-GB","potentialAction":[{"@type":"ReadAction","target":["https:\/\/celebrante.annemeton.com\/matrimonio-celtico-nella-natura-e-il-valore-di-un-rito-simbolico\/"]}]},{"@type":"ImageObject","inLanguage":"en-GB","@id":"https:\/\/celebrante.annemeton.com\/matrimonio-celtico-nella-natura-e-il-valore-di-un-rito-simbolico\/#primaryimage","url":"https:\/\/celebrante.annemeton.com\/wp-content\/uploads\/2026\/07\/08852838-f6e7-46b8-beff-58a5fcdb7afb-2.jpg","contentUrl":"https:\/\/celebrante.annemeton.com\/wp-content\/uploads\/2026\/07\/08852838-f6e7-46b8-beff-58a5fcdb7afb-2.jpg","width":1280,"height":853,"caption":"Una celebrante davanti a due sposi celebra un matrimonio celtico in natura"},{"@type":"BreadcrumbList","@id":"https:\/\/celebrante.annemeton.com\/matrimonio-celtico-nella-natura-e-il-valore-di-un-rito-simbolico\/#breadcrumb","itemListElement":[{"@type":"ListItem","position":1,"name":"Home","item":"https:\/\/celebrante.annemeton.com\/"},{"@type":"ListItem","position":2,"name":"Matrimonio celtico nella natura: il rito simbolico di Irene e Angelo"}]},{"@type":"WebSite","@id":"https:\/\/celebrante.annemeton.com\/#website","url":"https:\/\/celebrante.annemeton.com\/","name":"Annemeton - Celebrante naturale","description":"Celebrazioni naturali a Milano e dintorni","publisher":{"@id":"https:\/\/celebrante.annemeton.com\/#\/schema\/person\/6d18f0ccfb559305bc62f8d7fd83ef1d"},"potentialAction":[{"@type":"SearchAction","target":{"@type":"EntryPoint","urlTemplate":"https:\/\/celebrante.annemeton.com\/?s={search_term_string}"},"query-input":{"@type":"PropertyValueSpecification","valueRequired":true,"valueName":"search_term_string"}}],"inLanguage":"en-GB"},{"@type":["Person","Organization"],"@id":"https:\/\/celebrante.annemeton.com\/#\/schema\/person\/6d18f0ccfb559305bc62f8d7fd83ef1d","name":"Annemeton","image":{"@type":"ImageObject","inLanguage":"en-GB","@id":"https:\/\/celebrante.annemeton.com\/#\/schema\/person\/image\/","url":"https:\/\/celebrante.annemeton.com\/wp-content\/uploads\/2023\/11\/cropped-annemeton-logo.png","contentUrl":"https:\/\/celebrante.annemeton.com\/wp-content\/uploads\/2023\/11\/cropped-annemeton-logo.png","width":1583,"height":1583,"caption":"Annemeton"},"logo":{"@id":"https:\/\/celebrante.annemeton.com\/#\/schema\/person\/image\/"},"description":"Celebrante professionale specializzata in matrimoni simbolici e celtici","url":"https:\/\/celebrante.annemeton.com\/en\/author\/anna\/"}]}},"_links":{"self":[{"href":"https:\/\/celebrante.annemeton.com\/en\/wp-json\/wp\/v2\/posts\/4261","targetHints":{"allow":["GET"]}}],"collection":[{"href":"https:\/\/celebrante.annemeton.com\/en\/wp-json\/wp\/v2\/posts"}],"about":[{"href":"https:\/\/celebrante.annemeton.com\/en\/wp-json\/wp\/v2\/types\/post"}],"author":[{"embeddable":true,"href":"https:\/\/celebrante.annemeton.com\/en\/wp-json\/wp\/v2\/users\/2"}],"replies":[{"embeddable":true,"href":"https:\/\/celebrante.annemeton.com\/en\/wp-json\/wp\/v2\/comments?post=4261"}],"version-history":[{"count":14,"href":"https:\/\/celebrante.annemeton.com\/en\/wp-json\/wp\/v2\/posts\/4261\/revisions"}],"predecessor-version":[{"id":4278,"href":"https:\/\/celebrante.annemeton.com\/en\/wp-json\/wp\/v2\/posts\/4261\/revisions\/4278"}],"wp:featuredmedia":[{"embeddable":true,"href":"https:\/\/celebrante.annemeton.com\/en\/wp-json\/wp\/v2\/media\/4262"}],"wp:attachment":[{"href":"https:\/\/celebrante.annemeton.com\/en\/wp-json\/wp\/v2\/media?parent=4261"}],"wp:term":[{"taxonomy":"category","embeddable":true,"href":"https:\/\/celebrante.annemeton.com\/en\/wp-json\/wp\/v2\/categories?post=4261"},{"taxonomy":"post_tag","embeddable":true,"href":"https:\/\/celebrante.annemeton.com\/en\/wp-json\/wp\/v2\/tags?post=4261"}],"curies":[{"name":"wp","href":"https:\/\/api.w.org\/{rel}","templated":true}]}}