{"id":4287,"date":"2026-09-01T12:10:57","date_gmt":"2026-09-01T12:10:57","guid":{"rendered":"https:\/\/celebrante.annemeton.com\/?p=4287"},"modified":"2026-09-01T12:10:59","modified_gmt":"2026-09-01T12:10:59","slug":"matrimonio-celtico-nella-natura-alle-porte-di-samhain","status":"publish","type":"post","link":"https:\/\/celebrante.annemeton.com\/en\/matrimonio-celtico-nella-natura-alle-porte-di-samhain\/","title":{"rendered":"Alle soglie di Samhain: il matrimonio celtico di Alessandra e Filippo"},"content":{"rendered":"<p class=\"wp-block-paragraph\">L&#8217;ultimo matrimonio prima di Samhain ha sempre, per me, un sapore particolare. A fine di ottobre la luce si accorcia, la natura piano piano rallenta, e le foglie tornano alla terra per nutrire le radici. A ottobre si apre quel tempo che nella tradizione celtica, \u00e8 legato alla memoria, agli antenati e alle nostre radici.<\/p>\n\n\n\n<p class=\"wp-block-paragraph\">\u00c8 un passaggio che sento molto profondamente anche nel mio lavoro di celebrante naturale. Per questo, abitualmente, <strong>dal 31 ottobre in poi sospendo i matrimoni <\/strong>e lascio che questo passaggio dell&#8217;anno abbia il suo spazio. Entro in un tempo diverso, pi\u00f9 raccolto, dedicato a Samhain e a tutto ci\u00f2 che appartiene al regno della memoria. Le celebrazioni matrimoniali riprendono poi con l&#8217;avvicinarsi del solstizio d&#8217;inverno.<\/p>\n\n\n\n<p class=\"wp-block-paragraph\">Alessandra e Filippo hanno scelto proprio quella linea sottile, l&#8217;ultimo tratto del calendario prima di questo tempo. Una scelta che ho sentito subito particolarmente coerente con loro, perch\u00e9 entrambi mi hanno raccontato quanto si sentissero vicini alle energie di questo periodo dell&#8217;anno e quanto desiderassero vivere il loro <strong>matrimonio celtico nella natura<\/strong> proprio in quel momento.<\/p>\n\n\n\n<p class=\"wp-block-paragraph\">Preparare con loro questa <strong>cerimonia simbolica<\/strong> \u00e8 stato quindi un percorso che ha avuto, fin dall&#8217;inizio, una sua atmosfera particolare. Ho chiesto loro di raccontarmi la loro storia, come faccio con ogni coppia che accompagno e nelle loro parole ho trovato subito un elemento che mi ha incuriosita: il <strong>cielo<\/strong>.<\/p>\n\n\n\n<p class=\"wp-block-paragraph\">Il loro incontro \u00e8 nato infatti proprio attraverso il mondo della divulgazione scientifica. Filippo si occupava di astronomia e divulgazione sui social e Alessandra, leggendo uno dei suoi contenuti, aveva lasciato una frase che, con il senno di poi, sembra quasi una <strong>piccola profezia<\/strong>. Da l\u00ec \u00e8 arrivato un primo contatto, poi le conversazioni, la conoscenza e infine una storia d&#8217;amore bellissima. Proprio mentre iniziavano a conoscersi, nel cielo accadeva qualcosa che avrebbe finito per entrare nella loro personale mitologia: Betelgeuse, la grande supergigante rossa della costellazione di Orione, aveva diminuito drasticamente la propria luminosit\u00e0. Forse quella stella aveva ceduto per un momento una parte della propria energia per favorire il loro incontro. Una spiegazione naturalmente lontana da quella scientifica, ma perfettamente vicina al modo in cui una coppia pu\u00f2 trasformare una coincidenza in un&#8217;immagine che appartiene soltanto a lei.<\/p>\n\n\n\n<p class=\"wp-block-paragraph\">Mi ha colpito molto questo elemento perch\u00e9 racconta qualcosa anche del loro modo di guardare il mondo: la capacit\u00e0 di tenere insieme <strong>scienza e meraviglia<\/strong>, razionalit\u00e0 e immaginazione, ci\u00f2 che possiamo osservare e ci\u00f2 che scegliamo di sentire. \u00c8 un equilibrio che ho ritrovato anche nel modo in cui mi hanno parlato del loro incontro. Entrambi hanno descritto una sensazione di familiarit\u00e0 immediata, difficile da spiegare con la sola ragione. Una di quelle sensazioni che fanno pensare di avere incontrato qualcuno per la prima volta e, nello stesso tempo, di riconoscerlo.<\/p>\n\n\n\n<p class=\"wp-block-paragraph\">Il mio lavoro, quando preparo una celebrazione, consiste soprattutto nel raccogliere ci\u00f2 che gli sposi mi affidano e trovare il modo di trasformarlo in parole, simboli e gesti che abbiano un significato autentico per loro. La cerimonia diventa cos\u00ec quel racconto condiviso, nel quale la coppia pu\u00f2 riconoscersi e nel quale anche gli invitati possono intravedere qualcosa del viaggio che li ha condotti fino a quel giorno.<\/p>\n\n\n\n<p class=\"wp-block-paragraph\">Con Alessandra e Filippo \u00e8 stato particolarmente bello intrecciare questo racconto con il periodo dell&#8217;anno che avevano scelto. Samhain \u00e8 una soglia. \u00c8 il momento in cui la natura ci ricorda il valore delle radici, della memoria e della continuit\u00e0. \u00c8 il tempo in cui possiamo guardare indietro e riconoscere ci\u00f2 che ci ha portati fino a qui, prima di rivolgere nuovamente lo sguardo verso il futuro.<\/p>\n\n\n\n<p class=\"wp-block-paragraph\">Un matrimonio, invece, \u00e8 una delle soglie pi\u00f9 importanti che una persona possa attraversare: segna l&#8217;inizio di un nuovo capitolo, una scelta consapevole di camminare insieme verso ci\u00f2 che ancora deve accadere. Mi \u00e8 sembrato bellissimo che queste due dimensioni si incontrassero proprio nella loro celebrazione. Da una parte il passato, le radici, ci\u00f2 che li ha condotti fino a quel momento. Dall&#8217;altra il futuro che stavano scegliendo insieme. E in mezzo loro due, con la loro storia, i loro simboli e il loro modo personale di intendere l&#8217;amore.<\/p>\n\n\n\n<p class=\"wp-block-paragraph\">Anche la loro vicinanza alla cultura celtica e all&#8217;Irlanda ha contribuito a dare alla cerimonia una direzione precisa. C&#8217;erano elementi che appartenevano al loro immaginario e che potevano entrare nel rito in maniera naturale. Per me questo \u00e8 un aspetto fondamentale quando parlo di <strong>matrimoni celtici<\/strong>: il simbolo acquista forza quando ha una relazione vera con le persone che lo scelgono. La natura, in questo senso, diventa una compagna di viaggio della loro storia.<\/p>\n\n\n\n<p class=\"wp-block-paragraph\">La storia di Alessandra e Filippo aveva come protagonisti: il cielo, le stelle e quella loro immagine dei due protoni che, dopo un viaggio lungo miliardi di anni, finiscono per ritrovarsi. Aveva la natura, l&#8217;Irlanda e il richiamo di una cultura che entrambi sentono vicina e aveva soprattutto quella sensazione di riconoscimento che, fin dal loro primo incontro, aveva fatto pensare a entrambi di essersi trovati dopo un viaggio molto pi\u00f9 lungo di quello che potevano immaginare.<\/p>\n\n\n\n<p class=\"wp-block-paragraph\">Io ho avuto il privilegio di raccogliere tutto questo e trasformarlo in una celebrazione poi, come accade sempre, \u00e8 arrivato il momento di lasciare che le parole diventassero rito, che la storia vissuta diventasse racconto e che la coppia attraversasse la propria soglia davanti alle persone che ama. <\/p>\n\n\n\n<p class=\"wp-block-paragraph\">Grazie di cuore Alessandra e Filippo, <\/p>\n\n\n\n<p class=\"wp-block-paragraph\">Annelmeton<\/p>","protected":false},"excerpt":{"rendered":"<p>Alle soglie di Samhain, Alessandra e Filippo hanno celebrato il loro matrimonio celtico nella natura, scegliendo un momento dell\u2019anno particolarmente significativo per il loro legame con la spiritualit\u00e0 della stagione. Attraverso il loro incontro, il cielo, le stelle e il simbolismo del passaggio, abbiamo costruito una cerimonia simbolica profondamente personale, in cui la natura \u00e8 diventata parte integrante del rito. Per me, come celebrante naturale, \u00e8 stato un modo emozionante di concludere la stagione dei matrimoni prima di entrare nel tempo dedicato alla memoria, agli antenati e alle radici.<\/p>","protected":false},"author":2,"featured_media":4288,"comment_status":"open","ping_status":"closed","sticky":false,"template":"","format":"standard","meta":{"site-sidebar-layout":"default","site-content-layout":"","ast-site-content-layout":"default","site-content-style":"default","site-sidebar-style":"default","ast-global-header-display":"","ast-banner-title-visibility":"","ast-main-header-display":"","ast-hfb-above-header-display":"","ast-hfb-below-header-display":"","ast-hfb-mobile-header-display":"","site-post-title":"","ast-breadcrumbs-content":"","ast-featured-img":"","footer-sml-layout":"","theme-transparent-header-meta":"","adv-header-id-meta":"","stick-header-meta":"","header-above-stick-meta":"","header-main-stick-meta":"","header-below-stick-meta":"","astra-migrate-meta-layouts":"set","ast-page-background-enabled":"default","ast-page-background-meta":{"desktop":{"background-color":"","background-image":"","background-repeat":"repeat","background-position":"center center","background-size":"auto","background-attachment":"scroll","background-type":"","background-media":"","overlay-type":"","overlay-color":"","overlay-gradient":""},"tablet":{"background-color":"","background-image":"","background-repeat":"repeat","background-position":"center center","background-size":"auto","background-attachment":"scroll","background-type":"","background-media":"","overlay-type":"","overlay-color":"","overlay-gradient":""},"mobile":{"background-color":"","background-image":"","background-repeat":"repeat","background-position":"center center","background-size":"auto","background-attachment":"scroll","background-type":"","background-media":"","overlay-type":"","overlay-color":"","overlay-gradient":""}},"ast-content-background-meta":{"desktop":{"background-color":"var(--ast-global-color-5)","background-image":"","background-repeat":"repeat","background-position":"center center","background-size":"auto","background-attachment":"scroll","background-type":"","background-media":"","overlay-type":"","overlay-color":"","overlay-gradient":""},"tablet":{"background-color":"var(--ast-global-color-5)","background-image":"","background-repeat":"repeat","background-position":"center center","background-size":"auto","background-attachment":"scroll","background-type":"","background-media":"","overlay-type":"","overlay-color":"","overlay-gradient":""},"mobile":{"background-color":"var(--ast-global-color-5)","background-image":"","background-repeat":"repeat","background-position":"center center","background-size":"auto","background-attachment":"scroll","background-type":"","background-media":"","overlay-type":"","overlay-color":"","overlay-gradient":""}},"footnotes":""},"categories":[25],"tags":[18,29,27,48,37,155],"class_list":["post-4287","post","type-post","status-publish","format-standard","has-post-thumbnail","hentry","category-matrimonio-celtico","tag-matrimonio","tag-matrimonio-simbolico","tag-matrimonioceltico","tag-matrimonioinnatura","tag-matrimonioirlandese","tag-samhain"],"yoast_head":"<!-- This site is optimized with the Yoast SEO plugin v26.7 - https:\/\/yoast.com\/wordpress\/plugins\/seo\/ -->\n<title>Alle soglie di Samhain: il matrimonio celtico di Alessandra e Filippo - Annemeton - Celebrante naturale<\/title>\n<meta name=\"description\" content=\"Alle soglie di Samhain, Alessandra e Filippo hanno celebrato il loro matrimonio celtico nella natura, scegliendo un momento dell\u2019anno particolarmente significativo per il loro legame con la spiritualit\u00e0 della stagione. Attraverso il loro incontro, il cielo, le stelle e il simbolismo del passaggio, abbiamo costruito una cerimonia simbolica profondamente personale, in cui la natura \u00e8 diventata parte integrante del rito. Per me, come celebrante naturale, \u00e8 stato un modo emozionante di concludere la stagione dei matrimoni prima di entrare nel tempo dedicato alla memoria, agli antenati e alle radici.\" \/>\n<meta name=\"robots\" content=\"index, follow, max-snippet:-1, max-image-preview:large, max-video-preview:-1\" \/>\n<link rel=\"canonical\" href=\"https:\/\/celebrante.annemeton.com\/en\/matrimonio-celtico-nella-natura-alle-porte-di-samhain\/\" \/>\n<meta property=\"og:locale\" content=\"en_GB\" \/>\n<meta property=\"og:type\" content=\"article\" \/>\n<meta property=\"og:title\" content=\"Alle soglie di Samhain: il matrimonio celtico di Alessandra e Filippo - Annemeton - Celebrante naturale\" \/>\n<meta property=\"og:description\" content=\"Alle soglie di Samhain, Alessandra e Filippo hanno celebrato il loro matrimonio celtico nella natura, scegliendo un momento dell\u2019anno particolarmente significativo per il loro legame con la spiritualit\u00e0 della stagione. Attraverso il loro incontro, il cielo, le stelle e il simbolismo del passaggio, abbiamo costruito una cerimonia simbolica profondamente personale, in cui la natura \u00e8 diventata parte integrante del rito. Per me, come celebrante naturale, \u00e8 stato un modo emozionante di concludere la stagione dei matrimoni prima di entrare nel tempo dedicato alla memoria, agli antenati e alle radici.\" \/>\n<meta property=\"og:url\" content=\"https:\/\/celebrante.annemeton.com\/en\/matrimonio-celtico-nella-natura-alle-porte-di-samhain\/\" \/>\n<meta property=\"og:site_name\" content=\"Annemeton - Celebrante naturale\" \/>\n<meta property=\"article:published_time\" content=\"2026-09-01T12:10:57+00:00\" \/>\n<meta property=\"article:modified_time\" content=\"2026-09-01T12:10:59+00:00\" \/>\n<meta property=\"og:image\" content=\"https:\/\/celebrante.annemeton.com\/wp-content\/uploads\/2026\/09\/354-DSC00130-scaled.jpg\" \/>\n\t<meta property=\"og:image:width\" content=\"1707\" \/>\n\t<meta property=\"og:image:height\" content=\"2560\" \/>\n\t<meta property=\"og:image:type\" content=\"image\/jpeg\" \/>\n<meta name=\"author\" content=\"Annemeton\" \/>\n<meta name=\"twitter:card\" content=\"summary_large_image\" \/>\n<meta name=\"twitter:label1\" content=\"Written by\" \/>\n\t<meta name=\"twitter:data1\" content=\"Annemeton\" \/>\n\t<meta name=\"twitter:label2\" content=\"Estimated reading time\" \/>\n\t<meta name=\"twitter:data2\" content=\"5 minutes\" \/>\n<script type=\"application\/ld+json\" class=\"yoast-schema-graph\">{\"@context\":\"https:\/\/schema.org\",\"@graph\":[{\"@type\":\"Article\",\"@id\":\"https:\/\/celebrante.annemeton.com\/matrimonio-celtico-nella-natura-alle-porte-di-samhain\/#article\",\"isPartOf\":{\"@id\":\"https:\/\/celebrante.annemeton.com\/matrimonio-celtico-nella-natura-alle-porte-di-samhain\/\"},\"author\":{\"name\":\"Annemeton\",\"@id\":\"https:\/\/celebrante.annemeton.com\/#\/schema\/person\/6d18f0ccfb559305bc62f8d7fd83ef1d\"},\"headline\":\"Alle soglie di Samhain: il matrimonio celtico di Alessandra e Filippo\",\"datePublished\":\"2026-09-01T12:10:57+00:00\",\"dateModified\":\"2026-09-01T12:10:59+00:00\",\"mainEntityOfPage\":{\"@id\":\"https:\/\/celebrante.annemeton.com\/matrimonio-celtico-nella-natura-alle-porte-di-samhain\/\"},\"wordCount\":882,\"commentCount\":0,\"publisher\":{\"@id\":\"https:\/\/celebrante.annemeton.com\/#\/schema\/person\/6d18f0ccfb559305bc62f8d7fd83ef1d\"},\"image\":{\"@id\":\"https:\/\/celebrante.annemeton.com\/matrimonio-celtico-nella-natura-alle-porte-di-samhain\/#primaryimage\"},\"thumbnailUrl\":\"https:\/\/celebrante.annemeton.com\/wp-content\/uploads\/2026\/09\/354-DSC00130-scaled.jpg\",\"keywords\":[\"matrimonio\",\"matrimonio simbolico\",\"matrimonioceltico\",\"matrimonioinnatura\",\"matrimonioirlandese\",\"samhain\"],\"articleSection\":[\"Matrimonio celtico\"],\"inLanguage\":\"en-GB\",\"potentialAction\":[{\"@type\":\"CommentAction\",\"name\":\"Comment\",\"target\":[\"https:\/\/celebrante.annemeton.com\/matrimonio-celtico-nella-natura-alle-porte-di-samhain\/#respond\"]}]},{\"@type\":\"WebPage\",\"@id\":\"https:\/\/celebrante.annemeton.com\/matrimonio-celtico-nella-natura-alle-porte-di-samhain\/\",\"url\":\"https:\/\/celebrante.annemeton.com\/matrimonio-celtico-nella-natura-alle-porte-di-samhain\/\",\"name\":\"Alle soglie di Samhain: il matrimonio celtico di Alessandra e Filippo - Annemeton - Celebrante naturale\",\"isPartOf\":{\"@id\":\"https:\/\/celebrante.annemeton.com\/#website\"},\"primaryImageOfPage\":{\"@id\":\"https:\/\/celebrante.annemeton.com\/matrimonio-celtico-nella-natura-alle-porte-di-samhain\/#primaryimage\"},\"image\":{\"@id\":\"https:\/\/celebrante.annemeton.com\/matrimonio-celtico-nella-natura-alle-porte-di-samhain\/#primaryimage\"},\"thumbnailUrl\":\"https:\/\/celebrante.annemeton.com\/wp-content\/uploads\/2026\/09\/354-DSC00130-scaled.jpg\",\"datePublished\":\"2026-09-01T12:10:57+00:00\",\"dateModified\":\"2026-09-01T12:10:59+00:00\",\"description\":\"Alle soglie di Samhain, Alessandra e Filippo hanno celebrato il loro matrimonio celtico nella natura, scegliendo un momento dell\u2019anno particolarmente significativo per il loro legame con la spiritualit\u00e0 della stagione. Attraverso il loro incontro, il cielo, le stelle e il simbolismo del passaggio, abbiamo costruito una cerimonia simbolica profondamente personale, in cui la natura \u00e8 diventata parte integrante del rito. Per me, come celebrante naturale, \u00e8 stato un modo emozionante di concludere la stagione dei matrimoni prima di entrare nel tempo dedicato alla memoria, agli antenati e alle radici.\",\"breadcrumb\":{\"@id\":\"https:\/\/celebrante.annemeton.com\/matrimonio-celtico-nella-natura-alle-porte-di-samhain\/#breadcrumb\"},\"inLanguage\":\"en-GB\",\"potentialAction\":[{\"@type\":\"ReadAction\",\"target\":[\"https:\/\/celebrante.annemeton.com\/matrimonio-celtico-nella-natura-alle-porte-di-samhain\/\"]}]},{\"@type\":\"ImageObject\",\"inLanguage\":\"en-GB\",\"@id\":\"https:\/\/celebrante.annemeton.com\/matrimonio-celtico-nella-natura-alle-porte-di-samhain\/#primaryimage\",\"url\":\"https:\/\/celebrante.annemeton.com\/wp-content\/uploads\/2026\/09\/354-DSC00130-scaled.jpg\",\"contentUrl\":\"https:\/\/celebrante.annemeton.com\/wp-content\/uploads\/2026\/09\/354-DSC00130-scaled.jpg\",\"width\":1707,\"height\":2560,\"caption\":\"Matrimonio con rito celtico in autunno con celebrante druido\"},{\"@type\":\"BreadcrumbList\",\"@id\":\"https:\/\/celebrante.annemeton.com\/matrimonio-celtico-nella-natura-alle-porte-di-samhain\/#breadcrumb\",\"itemListElement\":[{\"@type\":\"ListItem\",\"position\":1,\"name\":\"Home\",\"item\":\"https:\/\/celebrante.annemeton.com\/\"},{\"@type\":\"ListItem\",\"position\":2,\"name\":\"Alle soglie di Samhain: il matrimonio celtico di Alessandra e Filippo\"}]},{\"@type\":\"WebSite\",\"@id\":\"https:\/\/celebrante.annemeton.com\/#website\",\"url\":\"https:\/\/celebrante.annemeton.com\/\",\"name\":\"Annemeton - Celebrante naturale\",\"description\":\"Celebrazioni naturali a Milano e dintorni\",\"publisher\":{\"@id\":\"https:\/\/celebrante.annemeton.com\/#\/schema\/person\/6d18f0ccfb559305bc62f8d7fd83ef1d\"},\"potentialAction\":[{\"@type\":\"SearchAction\",\"target\":{\"@type\":\"EntryPoint\",\"urlTemplate\":\"https:\/\/celebrante.annemeton.com\/?s={search_term_string}\"},\"query-input\":{\"@type\":\"PropertyValueSpecification\",\"valueRequired\":true,\"valueName\":\"search_term_string\"}}],\"inLanguage\":\"en-GB\"},{\"@type\":[\"Person\",\"Organization\"],\"@id\":\"https:\/\/celebrante.annemeton.com\/#\/schema\/person\/6d18f0ccfb559305bc62f8d7fd83ef1d\",\"name\":\"Annemeton\",\"image\":{\"@type\":\"ImageObject\",\"inLanguage\":\"en-GB\",\"@id\":\"https:\/\/celebrante.annemeton.com\/#\/schema\/person\/image\/\",\"url\":\"https:\/\/celebrante.annemeton.com\/wp-content\/uploads\/2023\/11\/cropped-annemeton-logo.png\",\"contentUrl\":\"https:\/\/celebrante.annemeton.com\/wp-content\/uploads\/2023\/11\/cropped-annemeton-logo.png\",\"width\":1583,\"height\":1583,\"caption\":\"Annemeton\"},\"logo\":{\"@id\":\"https:\/\/celebrante.annemeton.com\/#\/schema\/person\/image\/\"},\"description\":\"Celebrante professionale specializzata in matrimoni simbolici e celtici\",\"url\":\"https:\/\/celebrante.annemeton.com\/en\/author\/anna\/\"}]}<\/script>\n<!-- \/ Yoast SEO plugin. -->","yoast_head_json":{"title":"Alle soglie di Samhain: il matrimonio celtico di Alessandra e Filippo - Annemeton - Celebrante naturale","description":"Alle soglie di Samhain, Alessandra e Filippo hanno celebrato il loro matrimonio celtico nella natura, scegliendo un momento dell\u2019anno particolarmente significativo per il loro legame con la spiritualit\u00e0 della stagione. Attraverso il loro incontro, il cielo, le stelle e il simbolismo del passaggio, abbiamo costruito una cerimonia simbolica profondamente personale, in cui la natura \u00e8 diventata parte integrante del rito. Per me, come celebrante naturale, \u00e8 stato un modo emozionante di concludere la stagione dei matrimoni prima di entrare nel tempo dedicato alla memoria, agli antenati e alle radici.","robots":{"index":"index","follow":"follow","max-snippet":"max-snippet:-1","max-image-preview":"max-image-preview:large","max-video-preview":"max-video-preview:-1"},"canonical":"https:\/\/celebrante.annemeton.com\/en\/matrimonio-celtico-nella-natura-alle-porte-di-samhain\/","og_locale":"en_GB","og_type":"article","og_title":"Alle soglie di Samhain: il matrimonio celtico di Alessandra e Filippo - Annemeton - Celebrante naturale","og_description":"Alle soglie di Samhain, Alessandra e Filippo hanno celebrato il loro matrimonio celtico nella natura, scegliendo un momento dell\u2019anno particolarmente significativo per il loro legame con la spiritualit\u00e0 della stagione. Attraverso il loro incontro, il cielo, le stelle e il simbolismo del passaggio, abbiamo costruito una cerimonia simbolica profondamente personale, in cui la natura \u00e8 diventata parte integrante del rito. Per me, come celebrante naturale, \u00e8 stato un modo emozionante di concludere la stagione dei matrimoni prima di entrare nel tempo dedicato alla memoria, agli antenati e alle radici.","og_url":"https:\/\/celebrante.annemeton.com\/en\/matrimonio-celtico-nella-natura-alle-porte-di-samhain\/","og_site_name":"Annemeton - Celebrante naturale","article_published_time":"2026-09-01T12:10:57+00:00","article_modified_time":"2026-09-01T12:10:59+00:00","og_image":[{"width":1707,"height":2560,"url":"https:\/\/celebrante.annemeton.com\/wp-content\/uploads\/2026\/09\/354-DSC00130-scaled.jpg","type":"image\/jpeg"}],"author":"Annemeton","twitter_card":"summary_large_image","twitter_misc":{"Written by":"Annemeton","Estimated reading time":"5 minutes"},"schema":{"@context":"https:\/\/schema.org","@graph":[{"@type":"Article","@id":"https:\/\/celebrante.annemeton.com\/matrimonio-celtico-nella-natura-alle-porte-di-samhain\/#article","isPartOf":{"@id":"https:\/\/celebrante.annemeton.com\/matrimonio-celtico-nella-natura-alle-porte-di-samhain\/"},"author":{"name":"Annemeton","@id":"https:\/\/celebrante.annemeton.com\/#\/schema\/person\/6d18f0ccfb559305bc62f8d7fd83ef1d"},"headline":"Alle soglie di Samhain: il matrimonio celtico di Alessandra e Filippo","datePublished":"2026-09-01T12:10:57+00:00","dateModified":"2026-09-01T12:10:59+00:00","mainEntityOfPage":{"@id":"https:\/\/celebrante.annemeton.com\/matrimonio-celtico-nella-natura-alle-porte-di-samhain\/"},"wordCount":882,"commentCount":0,"publisher":{"@id":"https:\/\/celebrante.annemeton.com\/#\/schema\/person\/6d18f0ccfb559305bc62f8d7fd83ef1d"},"image":{"@id":"https:\/\/celebrante.annemeton.com\/matrimonio-celtico-nella-natura-alle-porte-di-samhain\/#primaryimage"},"thumbnailUrl":"https:\/\/celebrante.annemeton.com\/wp-content\/uploads\/2026\/09\/354-DSC00130-scaled.jpg","keywords":["matrimonio","matrimonio simbolico","matrimonioceltico","matrimonioinnatura","matrimonioirlandese","samhain"],"articleSection":["Matrimonio celtico"],"inLanguage":"en-GB","potentialAction":[{"@type":"CommentAction","name":"Comment","target":["https:\/\/celebrante.annemeton.com\/matrimonio-celtico-nella-natura-alle-porte-di-samhain\/#respond"]}]},{"@type":"WebPage","@id":"https:\/\/celebrante.annemeton.com\/matrimonio-celtico-nella-natura-alle-porte-di-samhain\/","url":"https:\/\/celebrante.annemeton.com\/matrimonio-celtico-nella-natura-alle-porte-di-samhain\/","name":"Alle soglie di Samhain: il matrimonio celtico di Alessandra e Filippo - Annemeton - Celebrante naturale","isPartOf":{"@id":"https:\/\/celebrante.annemeton.com\/#website"},"primaryImageOfPage":{"@id":"https:\/\/celebrante.annemeton.com\/matrimonio-celtico-nella-natura-alle-porte-di-samhain\/#primaryimage"},"image":{"@id":"https:\/\/celebrante.annemeton.com\/matrimonio-celtico-nella-natura-alle-porte-di-samhain\/#primaryimage"},"thumbnailUrl":"https:\/\/celebrante.annemeton.com\/wp-content\/uploads\/2026\/09\/354-DSC00130-scaled.jpg","datePublished":"2026-09-01T12:10:57+00:00","dateModified":"2026-09-01T12:10:59+00:00","description":"Alle soglie di Samhain, Alessandra e Filippo hanno celebrato il loro matrimonio celtico nella natura, scegliendo un momento dell\u2019anno particolarmente significativo per il loro legame con la spiritualit\u00e0 della stagione. Attraverso il loro incontro, il cielo, le stelle e il simbolismo del passaggio, abbiamo costruito una cerimonia simbolica profondamente personale, in cui la natura \u00e8 diventata parte integrante del rito. Per me, come celebrante naturale, \u00e8 stato un modo emozionante di concludere la stagione dei matrimoni prima di entrare nel tempo dedicato alla memoria, agli antenati e alle radici.","breadcrumb":{"@id":"https:\/\/celebrante.annemeton.com\/matrimonio-celtico-nella-natura-alle-porte-di-samhain\/#breadcrumb"},"inLanguage":"en-GB","potentialAction":[{"@type":"ReadAction","target":["https:\/\/celebrante.annemeton.com\/matrimonio-celtico-nella-natura-alle-porte-di-samhain\/"]}]},{"@type":"ImageObject","inLanguage":"en-GB","@id":"https:\/\/celebrante.annemeton.com\/matrimonio-celtico-nella-natura-alle-porte-di-samhain\/#primaryimage","url":"https:\/\/celebrante.annemeton.com\/wp-content\/uploads\/2026\/09\/354-DSC00130-scaled.jpg","contentUrl":"https:\/\/celebrante.annemeton.com\/wp-content\/uploads\/2026\/09\/354-DSC00130-scaled.jpg","width":1707,"height":2560,"caption":"Matrimonio con rito celtico in autunno con celebrante druido"},{"@type":"BreadcrumbList","@id":"https:\/\/celebrante.annemeton.com\/matrimonio-celtico-nella-natura-alle-porte-di-samhain\/#breadcrumb","itemListElement":[{"@type":"ListItem","position":1,"name":"Home","item":"https:\/\/celebrante.annemeton.com\/"},{"@type":"ListItem","position":2,"name":"Alle soglie di Samhain: il matrimonio celtico di Alessandra e Filippo"}]},{"@type":"WebSite","@id":"https:\/\/celebrante.annemeton.com\/#website","url":"https:\/\/celebrante.annemeton.com\/","name":"Annemeton - Celebrante naturale","description":"Celebrazioni naturali a Milano e dintorni","publisher":{"@id":"https:\/\/celebrante.annemeton.com\/#\/schema\/person\/6d18f0ccfb559305bc62f8d7fd83ef1d"},"potentialAction":[{"@type":"SearchAction","target":{"@type":"EntryPoint","urlTemplate":"https:\/\/celebrante.annemeton.com\/?s={search_term_string}"},"query-input":{"@type":"PropertyValueSpecification","valueRequired":true,"valueName":"search_term_string"}}],"inLanguage":"en-GB"},{"@type":["Person","Organization"],"@id":"https:\/\/celebrante.annemeton.com\/#\/schema\/person\/6d18f0ccfb559305bc62f8d7fd83ef1d","name":"Annemeton","image":{"@type":"ImageObject","inLanguage":"en-GB","@id":"https:\/\/celebrante.annemeton.com\/#\/schema\/person\/image\/","url":"https:\/\/celebrante.annemeton.com\/wp-content\/uploads\/2023\/11\/cropped-annemeton-logo.png","contentUrl":"https:\/\/celebrante.annemeton.com\/wp-content\/uploads\/2023\/11\/cropped-annemeton-logo.png","width":1583,"height":1583,"caption":"Annemeton"},"logo":{"@id":"https:\/\/celebrante.annemeton.com\/#\/schema\/person\/image\/"},"description":"Celebrante professionale specializzata in matrimoni simbolici e celtici","url":"https:\/\/celebrante.annemeton.com\/en\/author\/anna\/"}]}},"_links":{"self":[{"href":"https:\/\/celebrante.annemeton.com\/en\/wp-json\/wp\/v2\/posts\/4287","targetHints":{"allow":["GET"]}}],"collection":[{"href":"https:\/\/celebrante.annemeton.com\/en\/wp-json\/wp\/v2\/posts"}],"about":[{"href":"https:\/\/celebrante.annemeton.com\/en\/wp-json\/wp\/v2\/types\/post"}],"author":[{"embeddable":true,"href":"https:\/\/celebrante.annemeton.com\/en\/wp-json\/wp\/v2\/users\/2"}],"replies":[{"embeddable":true,"href":"https:\/\/celebrante.annemeton.com\/en\/wp-json\/wp\/v2\/comments?post=4287"}],"version-history":[{"count":1,"href":"https:\/\/celebrante.annemeton.com\/en\/wp-json\/wp\/v2\/posts\/4287\/revisions"}],"predecessor-version":[{"id":4289,"href":"https:\/\/celebrante.annemeton.com\/en\/wp-json\/wp\/v2\/posts\/4287\/revisions\/4289"}],"wp:featuredmedia":[{"embeddable":true,"href":"https:\/\/celebrante.annemeton.com\/en\/wp-json\/wp\/v2\/media\/4288"}],"wp:attachment":[{"href":"https:\/\/celebrante.annemeton.com\/en\/wp-json\/wp\/v2\/media?parent=4287"}],"wp:term":[{"taxonomy":"category","embeddable":true,"href":"https:\/\/celebrante.annemeton.com\/en\/wp-json\/wp\/v2\/categories?post=4287"},{"taxonomy":"post_tag","embeddable":true,"href":"https:\/\/celebrante.annemeton.com\/en\/wp-json\/wp\/v2\/tags?post=4287"}],"curies":[{"name":"wp","href":"https:\/\/api.w.org\/{rel}","templated":true}]}}